{"id":4433,"date":"2017-02-27T16:19:38","date_gmt":"2017-02-27T16:19:38","guid":{"rendered":"https:\/\/altitudeboticas.pt\/?p=4433"},"modified":"2024-10-04T13:11:28","modified_gmt":"2024-10-04T12:11:28","slug":"vinho-dos-mortos","status":"publish","type":"post","link":"https:\/\/terracallaeci.pt\/en\/2017\/02\/vinho-dos-mortos\/","title":{"rendered":"Historical repository of Vinho dos Mortos (Wine of the Dead)"},"content":{"rendered":"<p><span style=\"font-size: 14pt;\">It is said in the region that during the second French invasion, the people of what is now the municipality of Boticas, afraid that their belongings would be plundered, hid what they could, including the wine, which was buried in the cellar floor under the barrels and presses. When the invaders left and it was unearthed, it had qualities unknown until then. <\/span><\/p>\n\n\n\n<figure class=\"wp-block-image size-large is-resized\"><img loading=\"lazy\" decoding=\"async\" width=\"1024\" height=\"682\" src=\"http:\/\/terracallaeci.pt\/wp-content\/uploads\/2017\/02\/IMG_9017-1024x682.jpg\" alt=\"\" class=\"wp-image-28931\" style=\"width:1024px;height:auto\" srcset=\"https:\/\/terracallaeci.pt\/wp-content\/uploads\/2017\/02\/IMG_9017-1024x682.jpg 1024w, https:\/\/terracallaeci.pt\/wp-content\/uploads\/2017\/02\/IMG_9017-300x200.jpg 300w, https:\/\/terracallaeci.pt\/wp-content\/uploads\/2017\/02\/IMG_9017-768x512.jpg 768w, https:\/\/terracallaeci.pt\/wp-content\/uploads\/2017\/02\/IMG_9017-1536x1024.jpg 1536w, https:\/\/terracallaeci.pt\/wp-content\/uploads\/2017\/02\/IMG_9017-150x100.jpg 150w, https:\/\/terracallaeci.pt\/wp-content\/uploads\/2017\/02\/IMG_9017-696x464.jpg 696w, https:\/\/terracallaeci.pt\/wp-content\/uploads\/2017\/02\/IMG_9017-1068x712.jpg 1068w, https:\/\/terracallaeci.pt\/wp-content\/uploads\/2017\/02\/IMG_9017-1920x1280.jpg 1920w, https:\/\/terracallaeci.pt\/wp-content\/uploads\/2017\/02\/IMG_9017-630x420.jpg 630w, https:\/\/terracallaeci.pt\/wp-content\/uploads\/2017\/02\/IMG_9017.jpg 2000w\" sizes=\"auto, (max-width: 1024px) 100vw, 1024px\" \/><figcaption class=\"wp-element-caption\">Historical repository of Vinho dos Mortos (Wine of the Dead). Photo TR\/TC<\/figcaption><\/figure>\n\n\n\n<blockquote class=\"wp-block-quote is-layout-flow wp-block-quote-is-layout-flow\">\n<p>A testimony to the ingenuity and resilience of the people of Boticas that has reached the present day.<\/p>\n<\/blockquote>\n\n\n\n<p><span style=\"font-size: 14pt;\">The tradition of burying the wine continues to this day and is known as Vinho dos Mortos (Wine of the Dead).<\/span><\/p>\n\n\n\n<p><span style=\"font-size: 14pt;\">Free entry. See opening hours <a href=\"https:\/\/www.cm-boticas.pt\/conteudos\/default.php?id=1\" target=\"_blank\" rel=\"noopener\">here.<\/a><\/span><\/p>\n\n\n\n<h2 class=\"wp-block-heading\">Contact<\/h2>\n\n\n\n<p><span style=\"font-size: 14pt;\">Tel.: (+351) 276 410 200<br>Email: <a href=\"mailto:turismo@cm-boticas.pt\">turismo@cm-boticas.pt<\/a><\/span><\/p>\n\n\n\n<h2 class=\"wp-block-heading\">Location<\/h2>\n\n\n\n<iframe src=\"https:\/\/www.google.com\/maps\/embed?pb=!1m18!1m12!1m3!1d1384.1641684592196!2d-7.653471485425763!3d41.69373080145372!2m3!1f0!2f0!3f0!3m2!1i1024!2i768!4f13.1!3m3!1m2!1s0xd3ad7b293c95749%3A0x41e70a4b7d24a259!2sReposit%C3%B3rio%20Hist%C3%B3rico%20do%20Vinho%20dos%20Mortos!5e1!3m2!1spt-PT!2spt!4v1644670023727!5m2!1spt-PT!2spt\" width=\"800\" height=\"400\" style=\"border:0;\" allowfullscreen=\"\" loading=\"lazy\"><\/iframe>\n\n\n\n<div style=\"height:20px\" aria-hidden=\"true\" class=\"wp-block-spacer\"><\/div>\n\n\n\n<p><span style=\"font-size: 14pt;\"><em>Buy Vinho dos Mortos <a href=\"https:\/\/www.vinhodosmortos.pt\/\" target=\"_blank\" rel=\"noopener\">here.<\/a><\/em><\/span><\/p>\n\n\n\n<div style=\"height:20px\" aria-hidden=\"true\" class=\"wp-block-spacer\"><\/div>\n\n\n<div id=\"altit-3993465005\"><div class=\"altit-adlabel\">PUB<\/div><div id=\"altit-2747579212\"><a href=\"https:\/\/terracallaeci.pt\/en\/corguinho\/\" target=\"_blank\" aria-label=\"CorguinhoII\"><img loading=\"lazy\" decoding=\"async\" src=\"https:\/\/terracallaeci.pt\/wp-content\/uploads\/2021\/08\/CorguinhoII.gif\" alt=\"\"  width=\"728\" height=\"130\"   \/><\/a><\/div><\/div>","protected":false},"excerpt":{"rendered":"<p>Conta-se na regi\u00e3o que na segunda invas\u00e3o francesa, o povo do atual concelho de Boticas, com medo que lhes pilhassem os pertences, escondeu o que conseguiu, incluindo o vinho, que foi enterrado no ch\u00e3o das adegas debaixo das pipas e dos lagares. Ap\u00f3s a partida dos invasores, e quando foi desenterrado, apresentava qualidades desconhecidas at\u00e9 [&hellip;]<\/p>\n","protected":false},"author":6,"featured_media":28935,"comment_status":"closed","ping_status":"open","sticky":false,"template":"","format":"gallery","meta":{"footnotes":""},"categories":[13,2],"tags":[4149,7027,5096,7671,4569],"class_list":{"0":"post-4433","1":"post","2":"type-post","3":"status-publish","4":"format-gallery","5":"has-post-thumbnail","7":"category-exposicao","8":"category-patrimonio","9":"tag-aldeias","10":"tag-barroso","11":"tag-boticas","12":"tag-granja","13":"tag-museu","14":"post_format-post-format-gallery"},"_links":{"self":[{"href":"https:\/\/terracallaeci.pt\/en\/wp-json\/wp\/v2\/posts\/4433","targetHints":{"allow":["GET"]}}],"collection":[{"href":"https:\/\/terracallaeci.pt\/en\/wp-json\/wp\/v2\/posts"}],"about":[{"href":"https:\/\/terracallaeci.pt\/en\/wp-json\/wp\/v2\/types\/post"}],"author":[{"embeddable":true,"href":"https:\/\/terracallaeci.pt\/en\/wp-json\/wp\/v2\/users\/6"}],"replies":[{"embeddable":true,"href":"https:\/\/terracallaeci.pt\/en\/wp-json\/wp\/v2\/comments?post=4433"}],"version-history":[{"count":0,"href":"https:\/\/terracallaeci.pt\/en\/wp-json\/wp\/v2\/posts\/4433\/revisions"}],"wp:featuredmedia":[{"embeddable":true,"href":"https:\/\/terracallaeci.pt\/en\/wp-json\/wp\/v2\/media\/28935"}],"wp:attachment":[{"href":"https:\/\/terracallaeci.pt\/en\/wp-json\/wp\/v2\/media?parent=4433"}],"wp:term":[{"taxonomy":"category","embeddable":true,"href":"https:\/\/terracallaeci.pt\/en\/wp-json\/wp\/v2\/categories?post=4433"},{"taxonomy":"post_tag","embeddable":true,"href":"https:\/\/terracallaeci.pt\/en\/wp-json\/wp\/v2\/tags?post=4433"}],"curies":[{"name":"wp","href":"https:\/\/api.w.org\/{rel}","templated":true}]}}