{"id":42104,"date":"2025-12-15T15:19:56","date_gmt":"2025-12-15T15:19:56","guid":{"rendered":"https:\/\/terracallaeci.pt\/?p=42104"},"modified":"2025-12-16T09:22:49","modified_gmt":"2025-12-16T09:22:49","slug":"castelo-de-aguiar-da-pena","status":"publish","type":"post","link":"https:\/\/terracallaeci.pt\/en\/2025\/12\/castelo-de-aguiar-da-pena\/","title":{"rendered":"Castle of Aguiar da Pena"},"content":{"rendered":"<p style=\"font-size:18px\">Built on an imposing granite rock, the Castle of Aguiar da Pena, also known as the Castle of Pena de Aguiar, is a unique example of the combination of nature and human ingenuity. Dating back to the 9th\/10th centuries, it is a Romanesque rock castle (built on rocks or rocky outcrops) of great historical and scenic value.<\/p>\n\n\n\n<blockquote class=\"wp-block-quote is-layout-flow wp-block-quote-is-layout-flow\">\n<p>FROM THE VIEWPOINT, YOU CAN ENJOY AN IMPRESSIVE PANORAMIC VIEW OVER THE AGUIAR VALLEY.<\/p>\n<\/blockquote>\n\n\n\n<figure class=\"wp-block-image size-full\"><img loading=\"lazy\" decoding=\"async\" width=\"1500\" height=\"1875\" src=\"http:\/\/terracallaeci.pt\/wp-content\/uploads\/2025\/12\/Castelo-de-Aguiar.jpg\" alt=\"\" class=\"wp-image-42115\" srcset=\"https:\/\/terracallaeci.pt\/wp-content\/uploads\/2025\/12\/Castelo-de-Aguiar.jpg 1500w, https:\/\/terracallaeci.pt\/wp-content\/uploads\/2025\/12\/Castelo-de-Aguiar-240x300.jpg 240w, https:\/\/terracallaeci.pt\/wp-content\/uploads\/2025\/12\/Castelo-de-Aguiar-819x1024.jpg 819w, https:\/\/terracallaeci.pt\/wp-content\/uploads\/2025\/12\/Castelo-de-Aguiar-768x960.jpg 768w, https:\/\/terracallaeci.pt\/wp-content\/uploads\/2025\/12\/Castelo-de-Aguiar-1229x1536.jpg 1229w, https:\/\/terracallaeci.pt\/wp-content\/uploads\/2025\/12\/Castelo-de-Aguiar-10x12.jpg 10w, https:\/\/terracallaeci.pt\/wp-content\/uploads\/2025\/12\/Castelo-de-Aguiar-336x420.jpg 336w, https:\/\/terracallaeci.pt\/wp-content\/uploads\/2025\/12\/Castelo-de-Aguiar-150x188.jpg 150w, https:\/\/terracallaeci.pt\/wp-content\/uploads\/2025\/12\/Castelo-de-Aguiar-300x375.jpg 300w, https:\/\/terracallaeci.pt\/wp-content\/uploads\/2025\/12\/Castelo-de-Aguiar-696x870.jpg 696w, https:\/\/terracallaeci.pt\/wp-content\/uploads\/2025\/12\/Castelo-de-Aguiar-1068x1335.jpg 1068w\" sizes=\"auto, (max-width: 1500px) 100vw, 1500px\" \/><figcaption class=\"wp-element-caption\">Castle of Aguiar. Photo TR\/TC<\/figcaption><\/figure>\n\n\n\n<p style=\"font-size:18px\">The castle is spread over several levels, adapting to the rocky terrain. In the lower area, traces of walls and an old tower remind us of the defences that protected access to the central core. At the top are the main enclosures: the barbican (defensive structure at the entrance to the castle), the arrow slit room (room with a narrow opening for observation or shooting) and the upper enclosure connected to the rampart walk (path along the wall used for defence). Broken arch doors reveal renovations from later periods, while stone stairs connect the different levels, leading to the rampart walk and the highest point of the fortress. Here, a vaulted structure, probably a cistern, has been preserved, bearing witness to the daily life of those who lived in this strategic place.<\/p>\n\n\n\n<figure class=\"wp-block-image size-full\"><img loading=\"lazy\" decoding=\"async\" width=\"1500\" height=\"1875\" src=\"http:\/\/terracallaeci.pt\/wp-content\/uploads\/2025\/12\/Castelo-de-Aguiar-4.jpg\" alt=\"\" class=\"wp-image-42118\" srcset=\"https:\/\/terracallaeci.pt\/wp-content\/uploads\/2025\/12\/Castelo-de-Aguiar-4.jpg 1500w, https:\/\/terracallaeci.pt\/wp-content\/uploads\/2025\/12\/Castelo-de-Aguiar-4-240x300.jpg 240w, https:\/\/terracallaeci.pt\/wp-content\/uploads\/2025\/12\/Castelo-de-Aguiar-4-819x1024.jpg 819w, https:\/\/terracallaeci.pt\/wp-content\/uploads\/2025\/12\/Castelo-de-Aguiar-4-768x960.jpg 768w, https:\/\/terracallaeci.pt\/wp-content\/uploads\/2025\/12\/Castelo-de-Aguiar-4-1229x1536.jpg 1229w, https:\/\/terracallaeci.pt\/wp-content\/uploads\/2025\/12\/Castelo-de-Aguiar-4-10x12.jpg 10w, https:\/\/terracallaeci.pt\/wp-content\/uploads\/2025\/12\/Castelo-de-Aguiar-4-336x420.jpg 336w, https:\/\/terracallaeci.pt\/wp-content\/uploads\/2025\/12\/Castelo-de-Aguiar-4-150x188.jpg 150w, https:\/\/terracallaeci.pt\/wp-content\/uploads\/2025\/12\/Castelo-de-Aguiar-4-300x375.jpg 300w, https:\/\/terracallaeci.pt\/wp-content\/uploads\/2025\/12\/Castelo-de-Aguiar-4-696x870.jpg 696w, https:\/\/terracallaeci.pt\/wp-content\/uploads\/2025\/12\/Castelo-de-Aguiar-4-1068x1335.jpg 1068w\" sizes=\"auto, (max-width: 1500px) 100vw, 1500px\" \/><figcaption class=\"wp-element-caption\">Castle of Aguiar. Photo TR\/TC<\/figcaption><\/figure>\n\n\n\n<p style=\"font-size:18px\">Classified as a National Monument since 1982, the Castle of Aguiar is part of a protected natural area, offering visitors the opportunity to discover the history and beauty of this unique fortress. The entire complex \u2014 the castle and its natural surroundings \u2014 can be visited independently, without the need for prior booking.<\/p>\n\n\n\n<h2 class=\"wp-block-heading\">Location<\/h2>\n\n\n\n<iframe src=\"https:\/\/www.google.com\/maps\/embed?pb=!1m18!1m12!1m3!1d2587.4599488270296!2d-7.6818463752407995!3d41.46965182108608!2m3!1f0!2f0!3f0!3m2!1i1024!2i768!4f13.1!3m3!1m2!1s0xd3b31df8ede2b67%3A0xf4dd1eb2f37a5e!2sCastelo%20de%20Aguiar%20da%20Pena!5e1!3m2!1sen!2spt!4v1765875730576!5m2!1sen!2spt\" width=\"800\" height=\"400\" style=\"border:0;\" allowfullscreen=\"\" loading=\"lazy\" referrerpolicy=\"no-referrer-when-downgrade\"><\/iframe>\n\n\n\n<p class=\"has-regular-font-size\">The access route to the castle and the circulation inside it are not suitable for people with reduced mobility.<\/p>\n\n\n\n<div style=\"height:20px\" aria-hidden=\"true\" class=\"wp-block-spacer\"><\/div>\n\n\n<div id=\"altit-3013515883\"><div class=\"altit-adlabel\">PUB<\/div><div id=\"altit-2909749544\"><a href=\"https:\/\/terracallaeci.pt\/en\/corguinho\/\" target=\"_blank\" aria-label=\"CorguinhoII\"><img loading=\"lazy\" decoding=\"async\" src=\"https:\/\/terracallaeci.pt\/wp-content\/uploads\/2021\/08\/CorguinhoII.gif\" alt=\"\"  width=\"728\" height=\"130\"   \/><\/a><\/div><\/div>","protected":false},"excerpt":{"rendered":"<p>Erguido sobre uma imponente fraga gran\u00edtica, o Castelo de Aguiar da Pena, tamb\u00e9m conhecido como Castelo de Pena de Aguiar, \u00e9 um exemplo singular da conjuga\u00e7\u00e3o da natureza com o engenho humano. Com origens nos s\u00e9culos IX\/X, \u00e9 um castelo rom\u00e2nico roqueiro (constru\u00eddo sobre rochas ou afloramentos rochosos) de grande valor hist\u00f3rico e paisag\u00edstico. DO [&hellip;]<\/p>\n","protected":false},"author":6,"featured_media":42106,"comment_status":"open","ping_status":"open","sticky":false,"template":"","format":"video","meta":{"footnotes":""},"categories":[7740,2],"tags":[5837,5827],"class_list":{"0":"post-42104","1":"post","2":"type-post","3":"status-publish","4":"format-video","5":"has-post-thumbnail","7":"category-destaques","8":"category-patrimonio","9":"tag-castelo","10":"tag-vila-pouca-de-aguiar","11":"post_format-post-format-video"},"_links":{"self":[{"href":"https:\/\/terracallaeci.pt\/en\/wp-json\/wp\/v2\/posts\/42104","targetHints":{"allow":["GET"]}}],"collection":[{"href":"https:\/\/terracallaeci.pt\/en\/wp-json\/wp\/v2\/posts"}],"about":[{"href":"https:\/\/terracallaeci.pt\/en\/wp-json\/wp\/v2\/types\/post"}],"author":[{"embeddable":true,"href":"https:\/\/terracallaeci.pt\/en\/wp-json\/wp\/v2\/users\/6"}],"replies":[{"embeddable":true,"href":"https:\/\/terracallaeci.pt\/en\/wp-json\/wp\/v2\/comments?post=42104"}],"version-history":[{"count":0,"href":"https:\/\/terracallaeci.pt\/en\/wp-json\/wp\/v2\/posts\/42104\/revisions"}],"wp:featuredmedia":[{"embeddable":true,"href":"https:\/\/terracallaeci.pt\/en\/wp-json\/wp\/v2\/media\/42106"}],"wp:attachment":[{"href":"https:\/\/terracallaeci.pt\/en\/wp-json\/wp\/v2\/media?parent=42104"}],"wp:term":[{"taxonomy":"category","embeddable":true,"href":"https:\/\/terracallaeci.pt\/en\/wp-json\/wp\/v2\/categories?post=42104"},{"taxonomy":"post_tag","embeddable":true,"href":"https:\/\/terracallaeci.pt\/en\/wp-json\/wp\/v2\/tags?post=42104"}],"curies":[{"name":"wp","href":"https:\/\/api.w.org\/{rel}","templated":true}]}}