{"id":42036,"date":"2025-06-05T12:48:27","date_gmt":"2025-06-05T11:48:27","guid":{"rendered":"https:\/\/terracallaeci.pt\/?p=42036"},"modified":"2025-06-05T13:03:58","modified_gmt":"2025-06-05T12:03:58","slug":"drone-calor-e-romanos-em-tresminas","status":"publish","type":"post","link":"https:\/\/terracallaeci.pt\/en\/2025\/06\/drone-calor-e-romanos-em-tresminas\/","title":{"rendered":"Drone, heat and Romans at Tresminas"},"content":{"rendered":"<p style=\"font-size:18px\">The 20 \u00b0C seemed ideal for recording the video segment dedicated to the <a href=\"https:\/\/terracallaeci.pt\/en\/2018\/01\/tresminas-complexo-mineiro-romano\/\" target=\"_blank\" rel=\"noreferrer noopener\">Tresminas Roman Mining Complex<\/a> - a place with a truly impressive setting and history. But the heat got too much and, deep in the valley, it felt like being inside an oven.<\/p>\n\n\n\n<p style=\"font-size:18px\">I can only imagine what it would have been like to work here in Roman mining times... To make matters worse, I forgot to take water, a mistake that quickly made itself felt. The trails, although short, have steep slopes that require some effort and which, in the heat, made the walk harder than it needed to be. Still, in the end, it was worth every drop of sweat!<\/p>\n\n\n\n<div style=\"height:20px\" aria-hidden=\"true\" class=\"wp-block-spacer\"><\/div>\n\n\n<div id=\"altit-1948920661\"><div class=\"altit-adlabel\">PUB<\/div><div id=\"altit-1701739868\"><a href=\"https:\/\/terracallaeci.pt\/en\/corguinho\/\" target=\"_blank\" aria-label=\"CorguinhoII\"><img loading=\"lazy\" decoding=\"async\" src=\"https:\/\/terracallaeci.pt\/wp-content\/uploads\/2021\/08\/CorguinhoII.gif\" alt=\"\"  width=\"728\" height=\"130\"   \/><\/a><\/div><\/div>\n\n\n\n<p><\/p>","protected":false},"excerpt":{"rendered":"<p>Os 20 \u00b0C pareciam ideais para gravar o v\u00eddeo do segmento dedicado ao Complexo Mineiro Romano de Tresminas \u2014 um lugar com um cen\u00e1rio e uma hist\u00f3ria verdadeiramente impressionantes. Mas o calor apertou e, l\u00e1 no fundo do vale, a sensa\u00e7\u00e3o era de estar dentro de um forno. Imagino o que teria sido trabalhar aqui [&hellip;]<\/p>\n","protected":false},"author":1,"featured_media":42037,"comment_status":"open","ping_status":"open","sticky":false,"template":"","format":"video","meta":{"footnotes":""},"categories":[7695,3],"tags":[7698],"class_list":{"0":"post-42036","1":"post","2":"type-post","3":"status-publish","4":"format-video","5":"has-post-thumbnail","7":"category-blog","8":"category-divulgacao","9":"tag-blog","10":"post_format-post-format-video"},"_links":{"self":[{"href":"https:\/\/terracallaeci.pt\/en\/wp-json\/wp\/v2\/posts\/42036","targetHints":{"allow":["GET"]}}],"collection":[{"href":"https:\/\/terracallaeci.pt\/en\/wp-json\/wp\/v2\/posts"}],"about":[{"href":"https:\/\/terracallaeci.pt\/en\/wp-json\/wp\/v2\/types\/post"}],"author":[{"embeddable":true,"href":"https:\/\/terracallaeci.pt\/en\/wp-json\/wp\/v2\/users\/1"}],"replies":[{"embeddable":true,"href":"https:\/\/terracallaeci.pt\/en\/wp-json\/wp\/v2\/comments?post=42036"}],"version-history":[{"count":0,"href":"https:\/\/terracallaeci.pt\/en\/wp-json\/wp\/v2\/posts\/42036\/revisions"}],"wp:featuredmedia":[{"embeddable":true,"href":"https:\/\/terracallaeci.pt\/en\/wp-json\/wp\/v2\/media\/42037"}],"wp:attachment":[{"href":"https:\/\/terracallaeci.pt\/en\/wp-json\/wp\/v2\/media?parent=42036"}],"wp:term":[{"taxonomy":"category","embeddable":true,"href":"https:\/\/terracallaeci.pt\/en\/wp-json\/wp\/v2\/categories?post=42036"},{"taxonomy":"post_tag","embeddable":true,"href":"https:\/\/terracallaeci.pt\/en\/wp-json\/wp\/v2\/tags?post=42036"}],"curies":[{"name":"wp","href":"https:\/\/api.w.org\/{rel}","templated":true}]}}