{"id":42000,"date":"2025-04-05T09:25:36","date_gmt":"2025-04-05T08:25:36","guid":{"rendered":"https:\/\/terracallaeci.pt\/?p=42000"},"modified":"2025-04-05T09:28:39","modified_gmt":"2025-04-05T08:28:39","slug":"festival-gastronomico-do-bacalhau-regressa-a-chaves-2","status":"publish","type":"post","link":"https:\/\/terracallaeci.pt\/en\/2025\/04\/festival-gastronomico-do-bacalhau-regressa-a-chaves-2\/","title":{"rendered":"Codfish Gastronomic Festival returns to Chaves"},"content":{"rendered":"<p style=\"font-size:18px\">The Codfish Gastronomic Festival returns to Chaves for its fourth edition from 2 to 4 May.<\/p>\n\n\n\n<p style=\"font-size:18px\"><a><\/a>For three days, more than 60 restaurants and hotels in the region will be presenting dishes and menus where cod is the main flavour, in a fusion of tradition and creativity.<\/p>\n\n\n\n<blockquote class=\"wp-block-quote is-layout-flow wp-block-quote-is-layout-flow\">\n<p>THREE DAYS OF CODFISH!<\/p>\n<\/blockquote>\n\n\n\n<p style=\"font-size:18px\">A celebration of the best of flaviense gastronomy, designed for those who appreciate authentic flavours and unique experiences.<\/p>\n\n\n\n<p style=\"font-size:18px\">Find out more <a href=\"https:\/\/www.facebook.com\/festivaldobacalhaudechaves\" target=\"_blank\" rel=\"noreferrer noopener\">here.<\/a><\/p>\n\n\n\n<div style=\"height:20px\" aria-hidden=\"true\" class=\"wp-block-spacer\"><\/div>\n\n\n<div id=\"altit-1847724096\"><div class=\"altit-adlabel\">PUB<\/div><div id=\"altit-1905952471\"><a href=\"https:\/\/terracallaeci.pt\/en\/corguinho\/\" target=\"_blank\" aria-label=\"CorguinhoII\"><img loading=\"lazy\" decoding=\"async\" src=\"https:\/\/terracallaeci.pt\/wp-content\/uploads\/2021\/08\/CorguinhoII.gif\" alt=\"\"  width=\"728\" height=\"130\"   \/><\/a><\/div><\/div>","protected":false},"excerpt":{"rendered":"<p>O Festival Gastron\u00f3mico do Bacalhau regressa a Chaves para a sua quarta edi\u00e7\u00e3o, de 2 a 4 de maio. Durante tr\u00eas dias, mais de 60 restaurantes e unidades hoteleiras da regi\u00e3o ir\u00e3o apresentar pratos e menus onde o bacalhau \u00e9 o protagonista, numa fus\u00e3o entre tradi\u00e7\u00e3o e criatividade. TR\u00caS DIAS DE BACALHAU! Uma celebra\u00e7\u00e3o do [&hellip;]<\/p>\n","protected":false},"author":6,"featured_media":39786,"comment_status":"open","ping_status":"open","sticky":false,"template":"","format":"standard","meta":{"footnotes":""},"categories":[3],"tags":[3735,7707],"class_list":{"0":"post-42000","1":"post","2":"type-post","3":"status-publish","4":"format-standard","5":"has-post-thumbnail","7":"category-divulgacao","8":"tag-chaves","9":"tag-festival-do-bacalhau-de-chaves"},"_links":{"self":[{"href":"https:\/\/terracallaeci.pt\/en\/wp-json\/wp\/v2\/posts\/42000","targetHints":{"allow":["GET"]}}],"collection":[{"href":"https:\/\/terracallaeci.pt\/en\/wp-json\/wp\/v2\/posts"}],"about":[{"href":"https:\/\/terracallaeci.pt\/en\/wp-json\/wp\/v2\/types\/post"}],"author":[{"embeddable":true,"href":"https:\/\/terracallaeci.pt\/en\/wp-json\/wp\/v2\/users\/6"}],"replies":[{"embeddable":true,"href":"https:\/\/terracallaeci.pt\/en\/wp-json\/wp\/v2\/comments?post=42000"}],"version-history":[{"count":0,"href":"https:\/\/terracallaeci.pt\/en\/wp-json\/wp\/v2\/posts\/42000\/revisions"}],"wp:featuredmedia":[{"embeddable":true,"href":"https:\/\/terracallaeci.pt\/en\/wp-json\/wp\/v2\/media\/39786"}],"wp:attachment":[{"href":"https:\/\/terracallaeci.pt\/en\/wp-json\/wp\/v2\/media?parent=42000"}],"wp:term":[{"taxonomy":"category","embeddable":true,"href":"https:\/\/terracallaeci.pt\/en\/wp-json\/wp\/v2\/categories?post=42000"},{"taxonomy":"post_tag","embeddable":true,"href":"https:\/\/terracallaeci.pt\/en\/wp-json\/wp\/v2\/tags?post=42000"}],"curies":[{"name":"wp","href":"https:\/\/api.w.org\/{rel}","templated":true}]}}