{"id":4064,"date":"2017-02-25T17:54:51","date_gmt":"2017-02-25T17:54:51","guid":{"rendered":"https:\/\/altitudeboticas.pt\/?p=4064"},"modified":"2025-01-25T12:43:05","modified_gmt":"2025-01-25T12:43:05","slug":"rota-das-gravuras","status":"publish","type":"post","link":"https:\/\/terracallaeci.pt\/en\/2017\/02\/rota-das-gravuras\/","title":{"rendered":"TVAP Ancient Rock Carvings Route"},"content":{"rendered":"<p><span style=\"font-size: 14pt;\">The so-called rupestrian art is one of the areas of symbolic representation that most defies the limits of interpretation, both scientific and popular. One of its best-known manifestations are the compositions formed by geometric, anthropomorphic and zoomorphic figures, engraved on rock and whose original meaning usually escapes us.<\/span><\/p>\n\n\n\n<p><span style=\"font-size: 14pt;\">The engravings in the Terva Valley are part of the so-called Atlantic Art, a symbolic manifestation that can be identified from the Vouga River to the British Isles and which is generally recognised to have been produced by the communities that occupied the territory between the 4th and 1st millennia BC.<\/span><\/p>\n\n\n\n<div style=\"height:15px\" aria-hidden=\"true\" class=\"wp-block-spacer\"><\/div>\n\n\n\n<p class=\"has-text-align-center\" style=\"margin-bottom:-1px\">PUB<\/p>\n\n\n\n<figure class=\"wp-block-image size-full\"><img loading=\"lazy\" decoding=\"async\" width=\"1500\" height=\"1500\" src=\"https:\/\/terracallaeci.pt\/wp-content\/uploads\/2017\/02\/IMG_0109-B-2.jpg\" alt=\"\" class=\"wp-image-39909\" srcset=\"https:\/\/terracallaeci.pt\/wp-content\/uploads\/2017\/02\/IMG_0109-B-2.jpg 1500w, https:\/\/terracallaeci.pt\/wp-content\/uploads\/2017\/02\/IMG_0109-B-2-300x300.jpg 300w, https:\/\/terracallaeci.pt\/wp-content\/uploads\/2017\/02\/IMG_0109-B-2-1024x1024.jpg 1024w, https:\/\/terracallaeci.pt\/wp-content\/uploads\/2017\/02\/IMG_0109-B-2-150x150.jpg 150w, https:\/\/terracallaeci.pt\/wp-content\/uploads\/2017\/02\/IMG_0109-B-2-768x768.jpg 768w, https:\/\/terracallaeci.pt\/wp-content\/uploads\/2017\/02\/IMG_0109-B-2-12x12.jpg 12w, https:\/\/terracallaeci.pt\/wp-content\/uploads\/2017\/02\/IMG_0109-B-2-696x696.jpg 696w, https:\/\/terracallaeci.pt\/wp-content\/uploads\/2017\/02\/IMG_0109-B-2-1068x1068.jpg 1068w, https:\/\/terracallaeci.pt\/wp-content\/uploads\/2017\/02\/IMG_0109-B-2-420x420.jpg 420w, https:\/\/terracallaeci.pt\/wp-content\/uploads\/2017\/02\/IMG_0109-B-2-70x70.jpg 70w, https:\/\/terracallaeci.pt\/wp-content\/uploads\/2017\/02\/IMG_0109-B-2-140x140.jpg 140w\" sizes=\"auto, (max-width: 1500px) 100vw, 1500px\" \/><figcaption class=\"wp-element-caption\">Pack \"Ancient Rock Carvings of the  Upper Terva River Valley\" with 4 wooden magnets in a cardboard box. Find out where to buy <a href=\"https:\/\/terracallaeci.pt\/en\/corguinho\/\">here.<\/a><\/figcaption><\/figure>\n\n\n\n<div style=\"height:10px\" aria-hidden=\"true\" class=\"wp-block-spacer\"><\/div>\n\n\n\n<h2 class=\"wp-block-heading entry-title\" id=\"h-outeiro-gordo\">Outeiro Gordo<\/h2>\n\n\n\n<p><span style=\"font-size: 14pt;\">The engravings are found on an extensive, flat granite slab that rises to the surface of the terrain, on the eastern edge of the hill, with a wide view over the Terva Valley.<\/span><\/p>\n\n\n<div class=\"wp-block-image wp-image-26771\">\n<figure class=\"aligncenter\"><img loading=\"lazy\" decoding=\"async\" width=\"2000\" height=\"1333\" src=\"https:\/\/terracallaeci.pt\/wp-content\/uploads\/2017\/02\/SAM_2720-1.jpg\" alt=\"outeiro-gordo\" class=\"wp-image-26771\" srcset=\"https:\/\/terracallaeci.pt\/wp-content\/uploads\/2017\/02\/SAM_2720-1.jpg 2000w, https:\/\/terracallaeci.pt\/wp-content\/uploads\/2017\/02\/SAM_2720-1-300x200.jpg 300w, https:\/\/terracallaeci.pt\/wp-content\/uploads\/2017\/02\/SAM_2720-1-1024x682.jpg 1024w, https:\/\/terracallaeci.pt\/wp-content\/uploads\/2017\/02\/SAM_2720-1-768x512.jpg 768w, https:\/\/terracallaeci.pt\/wp-content\/uploads\/2017\/02\/SAM_2720-1-1536x1024.jpg 1536w, https:\/\/terracallaeci.pt\/wp-content\/uploads\/2017\/02\/SAM_2720-1-150x100.jpg 150w, https:\/\/terracallaeci.pt\/wp-content\/uploads\/2017\/02\/SAM_2720-1-696x464.jpg 696w, https:\/\/terracallaeci.pt\/wp-content\/uploads\/2017\/02\/SAM_2720-1-1068x712.jpg 1068w, https:\/\/terracallaeci.pt\/wp-content\/uploads\/2017\/02\/SAM_2720-1-1920x1280.jpg 1920w, https:\/\/terracallaeci.pt\/wp-content\/uploads\/2017\/02\/SAM_2720-1-630x420.jpg 630w\" sizes=\"auto, (max-width: 2000px) 100vw, 2000px\" \/><figcaption class=\"wp-element-caption\">Ancient Rock Carvings of Outeiro Gordo. Photo TR\/TC<\/figcaption><\/figure>\n<\/div>\n\n\n<p><span style=\"font-size: 14pt;\">Two motifs can be distinguished, about 3 metres apart and engraved by pricking and abrasion. To the south is a simpler, badly eroded motif and to the north is a more complex, well-preserved motif.<\/span><\/p>\n\n\n\n<p><span style=\"font-size: 14pt;\">The first corresponds to a circular figuration, made up of the rest of two concentric furrows. The second is also a circular figuration, which is organised around a small elevation of the outcrop, at the top of which a circle has been grooved, completely filled with dimples, marking the centre of the composition, followed by two concentric rings also grooved and finally a sequence of four rings, also concentric, formed by aligned dimples.<\/span><\/p>\n\n\n\n<p><\/p>\n\n\n\n<h2 class=\"wp-block-heading\">Souto Escuro 1<\/h2>\n\n\n\n<p><\/p>\n\n\n\n<p><span style=\"font-size: 14pt;\">Located on the western edge of the Leiranco slope, near the village of Bobadela, the rock engravings identified at this site are inscribed on a granite slab facing east, towards the valley, measuring around 14 square metres and partially fractured.<\/span><\/p>\n\n\n<div class=\"wp-block-image wp-image-26122\">\n<figure class=\"aligncenter\"><img loading=\"lazy\" decoding=\"async\" width=\"2000\" height=\"1333\" src=\"https:\/\/terracallaeci.pt\/wp-content\/uploads\/2017\/02\/SAM_2593_-1.jpg\" alt=\"souto-escuro-2\" class=\"wp-image-26122\" srcset=\"https:\/\/terracallaeci.pt\/wp-content\/uploads\/2017\/02\/SAM_2593_-1.jpg 2000w, https:\/\/terracallaeci.pt\/wp-content\/uploads\/2017\/02\/SAM_2593_-1-300x200.jpg 300w, https:\/\/terracallaeci.pt\/wp-content\/uploads\/2017\/02\/SAM_2593_-1-1024x682.jpg 1024w, https:\/\/terracallaeci.pt\/wp-content\/uploads\/2017\/02\/SAM_2593_-1-768x512.jpg 768w, https:\/\/terracallaeci.pt\/wp-content\/uploads\/2017\/02\/SAM_2593_-1-1536x1024.jpg 1536w, https:\/\/terracallaeci.pt\/wp-content\/uploads\/2017\/02\/SAM_2593_-1-150x100.jpg 150w, https:\/\/terracallaeci.pt\/wp-content\/uploads\/2017\/02\/SAM_2593_-1-696x464.jpg 696w, https:\/\/terracallaeci.pt\/wp-content\/uploads\/2017\/02\/SAM_2593_-1-1068x712.jpg 1068w, https:\/\/terracallaeci.pt\/wp-content\/uploads\/2017\/02\/SAM_2593_-1-1920x1280.jpg 1920w, https:\/\/terracallaeci.pt\/wp-content\/uploads\/2017\/02\/SAM_2593_-1-630x420.jpg 630w\" sizes=\"auto, (max-width: 2000px) 100vw, 2000px\" \/><figcaption class=\"wp-element-caption\">Ancient Rock Carvings of Souto Escuro 1. Photo TR\/TC<\/figcaption><\/figure>\n<\/div>\n\n\n<p><span style=\"font-size: 14pt;\">Scattered over the surface are numerous grooves and dimples, obtained by pricking and abrasion, which draw predominantly concentric and pseudo-concentric circular motifs, combined with dimples, curvilinear lines and more rarely rectilinear lines.<\/span><\/p>\n\n\n<div class=\"wp-block-image wp-image-26126 size-full\">\n<figure class=\"aligncenter\"><img loading=\"lazy\" decoding=\"async\" width=\"2000\" height=\"1333\" src=\"https:\/\/terracallaeci.pt\/wp-content\/uploads\/2017\/02\/SAM_2671_-1.jpg\" alt=\"\" class=\"wp-image-26126\" srcset=\"https:\/\/terracallaeci.pt\/wp-content\/uploads\/2017\/02\/SAM_2671_-1.jpg 2000w, https:\/\/terracallaeci.pt\/wp-content\/uploads\/2017\/02\/SAM_2671_-1-300x200.jpg 300w, https:\/\/terracallaeci.pt\/wp-content\/uploads\/2017\/02\/SAM_2671_-1-1024x682.jpg 1024w, https:\/\/terracallaeci.pt\/wp-content\/uploads\/2017\/02\/SAM_2671_-1-768x512.jpg 768w, https:\/\/terracallaeci.pt\/wp-content\/uploads\/2017\/02\/SAM_2671_-1-1536x1024.jpg 1536w, https:\/\/terracallaeci.pt\/wp-content\/uploads\/2017\/02\/SAM_2671_-1-150x100.jpg 150w, https:\/\/terracallaeci.pt\/wp-content\/uploads\/2017\/02\/SAM_2671_-1-696x464.jpg 696w, https:\/\/terracallaeci.pt\/wp-content\/uploads\/2017\/02\/SAM_2671_-1-1068x712.jpg 1068w, https:\/\/terracallaeci.pt\/wp-content\/uploads\/2017\/02\/SAM_2671_-1-1920x1280.jpg 1920w, https:\/\/terracallaeci.pt\/wp-content\/uploads\/2017\/02\/SAM_2671_-1-630x420.jpg 630w\" sizes=\"auto, (max-width: 2000px) 100vw, 2000px\" \/><figcaption class=\"wp-element-caption\">Ancient Rock Carvings of Souto Escuro 1. Photo TR\/TC<\/figcaption><\/figure>\n<\/div>\n\n\n<p><span style=\"font-size: 14pt;\">Due to their obvious stylistic harmony and internal connection, the motifs carved into this rock seem to form a compositional ensemble of monumental character, in which the three-dimensional expression of the representation is emphasised, through the obvious use of the topographical characteristics of the outcrop.<\/span><\/p>\n\n\n\n<blockquote class=\"wp-block-quote is-layout-flow wp-block-quote-is-layout-flow\">\n<p>THIS route is not signposted.<\/p>\n<\/blockquote>\n\n\n\n<h2 class=\"wp-block-heading entry-title\" id=\"h-souto-escuro-2\">Souto Escuro 2<\/h2>\n\n\n\n<p><span style=\"font-size: 14pt;\">Like the Souto Escuro 1 site, from which it is about 200 metres to the north, this site is located at the foot of the southeastern slope of the Serra do Leiranco, near the village of Bobadela.<\/span><\/p>\n\n\n<div class=\"wp-block-image wp-image-26795\">\n<figure class=\"aligncenter\"><img loading=\"lazy\" decoding=\"async\" width=\"2000\" height=\"1333\" src=\"https:\/\/terracallaeci.pt\/wp-content\/uploads\/2017\/02\/SAM_2678-1.jpg\" alt=\"souto-escuro-2-2\" class=\"wp-image-26795\" srcset=\"https:\/\/terracallaeci.pt\/wp-content\/uploads\/2017\/02\/SAM_2678-1.jpg 2000w, https:\/\/terracallaeci.pt\/wp-content\/uploads\/2017\/02\/SAM_2678-1-300x200.jpg 300w, https:\/\/terracallaeci.pt\/wp-content\/uploads\/2017\/02\/SAM_2678-1-1024x682.jpg 1024w, https:\/\/terracallaeci.pt\/wp-content\/uploads\/2017\/02\/SAM_2678-1-768x512.jpg 768w, https:\/\/terracallaeci.pt\/wp-content\/uploads\/2017\/02\/SAM_2678-1-1536x1024.jpg 1536w, https:\/\/terracallaeci.pt\/wp-content\/uploads\/2017\/02\/SAM_2678-1-150x100.jpg 150w, https:\/\/terracallaeci.pt\/wp-content\/uploads\/2017\/02\/SAM_2678-1-696x464.jpg 696w, https:\/\/terracallaeci.pt\/wp-content\/uploads\/2017\/02\/SAM_2678-1-1068x712.jpg 1068w, https:\/\/terracallaeci.pt\/wp-content\/uploads\/2017\/02\/SAM_2678-1-1920x1280.jpg 1920w, https:\/\/terracallaeci.pt\/wp-content\/uploads\/2017\/02\/SAM_2678-1-630x420.jpg 630w\" sizes=\"auto, (max-width: 2000px) 100vw, 2000px\" \/><figcaption class=\"wp-element-caption\">Ancient Rock Carvings of Souto Escuro 2. Photo TR\/TC<\/figcaption><\/figure>\n<\/div>\n\n\n<p><span style=\"font-size: 14pt;\">The rock carving, obtained by pricking and abrasion, is found on a granite outcrop that flanks the road, an outcrop that has been fractured by quarrying. It consists of a single circular motif, drawn by the grooves of four concentric rings, with a central dimple. On the east side, four dimples occupy the space between the 2nd and 3rd rings, partially interrupting the groove.<\/span><\/p>\n\n\n\n<h2 class=\"wp-block-heading entry-title\" id=\"h-alto-da-seara\">Alto da Seara<\/h2>\n\n\n\n<p><span style=\"font-size: 14pt;\">Located on the left bank of the Ard\u00e3os stream, the rock engravings are found on a flat plateau that runs down to the Batocas lagoons and are inscribed on a granite slab measuring approximately 25 square metres.<\/span><\/p>\n\n\n<div class=\"wp-block-image wp-image-26782\">\n<figure class=\"aligncenter\"><img loading=\"lazy\" decoding=\"async\" width=\"2000\" height=\"1333\" src=\"https:\/\/terracallaeci.pt\/wp-content\/uploads\/2017\/02\/SAM_2688-1.jpg\" alt=\"alto-da-seara\" class=\"wp-image-26782\" srcset=\"https:\/\/terracallaeci.pt\/wp-content\/uploads\/2017\/02\/SAM_2688-1.jpg 2000w, https:\/\/terracallaeci.pt\/wp-content\/uploads\/2017\/02\/SAM_2688-1-300x200.jpg 300w, https:\/\/terracallaeci.pt\/wp-content\/uploads\/2017\/02\/SAM_2688-1-1024x682.jpg 1024w, https:\/\/terracallaeci.pt\/wp-content\/uploads\/2017\/02\/SAM_2688-1-768x512.jpg 768w, https:\/\/terracallaeci.pt\/wp-content\/uploads\/2017\/02\/SAM_2688-1-1536x1024.jpg 1536w, https:\/\/terracallaeci.pt\/wp-content\/uploads\/2017\/02\/SAM_2688-1-150x100.jpg 150w, https:\/\/terracallaeci.pt\/wp-content\/uploads\/2017\/02\/SAM_2688-1-696x464.jpg 696w, https:\/\/terracallaeci.pt\/wp-content\/uploads\/2017\/02\/SAM_2688-1-1068x712.jpg 1068w, https:\/\/terracallaeci.pt\/wp-content\/uploads\/2017\/02\/SAM_2688-1-1920x1280.jpg 1920w, https:\/\/terracallaeci.pt\/wp-content\/uploads\/2017\/02\/SAM_2688-1-630x420.jpg 630w\" sizes=\"auto, (max-width: 2000px) 100vw, 2000px\" \/><figcaption class=\"wp-element-caption\">Ancient Rock Carvings of Alto da Seara. Photo TR\/TC<\/figcaption><\/figure>\n<\/div>\n\n\n<p><span style=\"font-size: 14pt;\">The carvings, made by pricking and abrasion, include motifs made up of grooves that draw motifs that tend to be circular, curvilinear and rectangular. Scattered over and around the grooves are a large number of dimples, arranged in an apparently random way, or at least without us being able to recognise an order or pattern in their position. On the east side of the slab we can see a contemporary set of epigraphs, which read&nbsp;<i>&gt;1969\/ DOMINGOS&lt;<\/i>.<\/span><\/p>\n\n\n\n<div style=\"height:20px\" aria-hidden=\"true\" class=\"wp-block-spacer\"><\/div>\n\n\n\n<p style=\"font-size:18px\">More about the Terva Valley Archaeological Park (TVAP)&nbsp;<a href=\"https:\/\/terracallaeci.pt\/en\/2017\/02\/parque-arqueologico-do-vale-do-terva\/\">here.<\/a><\/p>\n\n\n\n<div style=\"height:20px\" aria-hidden=\"true\" class=\"wp-block-spacer\"><\/div>\n\n\n<div id=\"altit-3008519622\"><div class=\"altit-adlabel\">PUB<\/div><div id=\"altit-2332009153\"><a href=\"https:\/\/terracallaeci.pt\/en\/corguinho\/\" target=\"_blank\" aria-label=\"CorguinhoII\"><img loading=\"lazy\" decoding=\"async\" src=\"https:\/\/terracallaeci.pt\/wp-content\/uploads\/2021\/08\/CorguinhoII.gif\" alt=\"\"  width=\"728\" height=\"130\"   \/><\/a><\/div><\/div>","protected":false},"excerpt":{"rendered":"<p>A designada arte rupestre \u00e9 um dos dom\u00ednios de representa\u00e7\u00e3o simb\u00f3lica que mais desafia os limites da interpreta\u00e7\u00e3o, n\u00e3o s\u00f3 cient\u00edfica como tamb\u00e9m popular. Uma das suas mais conhecidas manifesta\u00e7\u00f5es s\u00e3o as composi\u00e7\u00f5es formadas por figuras geom\u00e9tricas, antropom\u00f3rficas e zoom\u00f3rficas, gravadas sobre rocha e cujo significado original geralmente nos escapa. As gravuras do Vale do [&hellip;]<\/p>\n","protected":false},"author":6,"featured_media":26806,"comment_status":"closed","ping_status":"open","sticky":false,"template":"","format":"video","meta":{"footnotes":""},"categories":[79],"tags":[5096,4172],"class_list":{"0":"post-4064","1":"post","2":"type-post","3":"status-publish","4":"format-video","5":"has-post-thumbnail","7":"category-pavt","8":"tag-boticas","9":"tag-rotas-do-pavt","10":"post_format-post-format-video"},"_links":{"self":[{"href":"https:\/\/terracallaeci.pt\/en\/wp-json\/wp\/v2\/posts\/4064","targetHints":{"allow":["GET"]}}],"collection":[{"href":"https:\/\/terracallaeci.pt\/en\/wp-json\/wp\/v2\/posts"}],"about":[{"href":"https:\/\/terracallaeci.pt\/en\/wp-json\/wp\/v2\/types\/post"}],"author":[{"embeddable":true,"href":"https:\/\/terracallaeci.pt\/en\/wp-json\/wp\/v2\/users\/6"}],"replies":[{"embeddable":true,"href":"https:\/\/terracallaeci.pt\/en\/wp-json\/wp\/v2\/comments?post=4064"}],"version-history":[{"count":0,"href":"https:\/\/terracallaeci.pt\/en\/wp-json\/wp\/v2\/posts\/4064\/revisions"}],"wp:featuredmedia":[{"embeddable":true,"href":"https:\/\/terracallaeci.pt\/en\/wp-json\/wp\/v2\/media\/26806"}],"wp:attachment":[{"href":"https:\/\/terracallaeci.pt\/en\/wp-json\/wp\/v2\/media?parent=4064"}],"wp:term":[{"taxonomy":"category","embeddable":true,"href":"https:\/\/terracallaeci.pt\/en\/wp-json\/wp\/v2\/categories?post=4064"},{"taxonomy":"post_tag","embeddable":true,"href":"https:\/\/terracallaeci.pt\/en\/wp-json\/wp\/v2\/tags?post=4064"}],"curies":[{"name":"wp","href":"https:\/\/api.w.org\/{rel}","templated":true}]}}