{"id":40147,"date":"2025-01-21T14:31:54","date_gmt":"2025-01-21T14:31:54","guid":{"rendered":"https:\/\/terracallaeci.pt\/?p=40147"},"modified":"2025-01-25T12:40:08","modified_gmt":"2025-01-25T12:40:08","slug":"galerias-ripicolas-das-freitas-e-lameiros-de-bobadela","status":"publish","type":"post","link":"https:\/\/terracallaeci.pt\/en\/2025\/01\/galerias-ripicolas-das-freitas-e-lameiros-de-bobadela\/","title":{"rendered":"Riparian Galleries of Freitas and Meadows of Bobadela"},"content":{"rendered":"<p style=\"font-size:18px\" class=\"translation-block\">The riparian galleries, normally associated with meadows, are dominated by common alder trees (<em>Alnus glutinosa<\/em>) in medium and low altitude areas and by birch trees (<em>Betula alba<\/em>) at higher altitudes. Well preserved on the valley, the galleries are continuous lands that include large-scale trees with, occasionally more than one row in each margin.<\/p>\n\n\n\n<figure class=\"wp-block-image size-full\"><img loading=\"lazy\" decoding=\"async\" width=\"1200\" height=\"1500\" src=\"http:\/\/terracallaeci.pt\/wp-content\/uploads\/2025\/01\/IMG_1688.jpg\" alt=\"\" class=\"wp-image-40153\" srcset=\"https:\/\/terracallaeci.pt\/wp-content\/uploads\/2025\/01\/IMG_1688.jpg 1200w, https:\/\/terracallaeci.pt\/wp-content\/uploads\/2025\/01\/IMG_1688-240x300.jpg 240w, https:\/\/terracallaeci.pt\/wp-content\/uploads\/2025\/01\/IMG_1688-819x1024.jpg 819w, https:\/\/terracallaeci.pt\/wp-content\/uploads\/2025\/01\/IMG_1688-768x960.jpg 768w, https:\/\/terracallaeci.pt\/wp-content\/uploads\/2025\/01\/IMG_1688-10x12.jpg 10w, https:\/\/terracallaeci.pt\/wp-content\/uploads\/2025\/01\/IMG_1688-336x420.jpg 336w, https:\/\/terracallaeci.pt\/wp-content\/uploads\/2025\/01\/IMG_1688-150x188.jpg 150w, https:\/\/terracallaeci.pt\/wp-content\/uploads\/2025\/01\/IMG_1688-300x375.jpg 300w, https:\/\/terracallaeci.pt\/wp-content\/uploads\/2025\/01\/IMG_1688-696x870.jpg 696w, https:\/\/terracallaeci.pt\/wp-content\/uploads\/2025\/01\/IMG_1688-1068x1335.jpg 1068w\" sizes=\"auto, (max-width: 1200px) 100vw, 1200px\" \/><figcaption class=\"wp-element-caption\">Riparian gallery resulting from an ancient Roman rubble heap. Photo TR\/TC<\/figcaption><\/figure>\n\n\n\n<p style=\"font-size:18px\" class=\"translation-block\">At the end of spring, the meadows exhibit a rich and exquisite colour palette as the result of the significant existing floristic diversity. A special highlight goes towards the wild orchid species that normally generate great interest (<em>Dactylorhiza maculate, Orchis coriophora, Serapias lingua, Serapias cordigera<\/em>).<\/p>\n\n\n\n<figure class=\"wp-block-image size-large\"><img loading=\"lazy\" decoding=\"async\" width=\"1024\" height=\"819\" src=\"https:\/\/terracallaeci.pt\/wp-content\/uploads\/2025\/01\/SAM_1192-1024x819.jpg\" alt=\"\" class=\"wp-image-40148\" srcset=\"https:\/\/terracallaeci.pt\/wp-content\/uploads\/2025\/01\/SAM_1192-1024x819.jpg 1024w, https:\/\/terracallaeci.pt\/wp-content\/uploads\/2025\/01\/SAM_1192-300x240.jpg 300w, https:\/\/terracallaeci.pt\/wp-content\/uploads\/2025\/01\/SAM_1192-768x614.jpg 768w, https:\/\/terracallaeci.pt\/wp-content\/uploads\/2025\/01\/SAM_1192-15x12.jpg 15w, https:\/\/terracallaeci.pt\/wp-content\/uploads\/2025\/01\/SAM_1192-525x420.jpg 525w, https:\/\/terracallaeci.pt\/wp-content\/uploads\/2025\/01\/SAM_1192-150x120.jpg 150w, https:\/\/terracallaeci.pt\/wp-content\/uploads\/2025\/01\/SAM_1192-696x557.jpg 696w, https:\/\/terracallaeci.pt\/wp-content\/uploads\/2025\/01\/SAM_1192-1068x854.jpg 1068w, https:\/\/terracallaeci.pt\/wp-content\/uploads\/2025\/01\/SAM_1192.jpg 1500w\" sizes=\"auto, (max-width: 1024px) 100vw, 1024px\" \/><figcaption class=\"wp-element-caption\">European pond turtle (<em>Emys orbicularis<\/em>). Photo TR\/TC<\/figcaption><\/figure>\n\n\n\n<p style=\"font-size:18px\" class=\"translation-block\">These are the areas, together with their associated woodlands, registering the highest concentration of different groups of fauna species. In terms of birds, there is the white-throated dipper (<em>Cinclus cinclus<\/em>), in terms of mammals there are the otter (<em>Lutra lutra<\/em>), the fox (<em>Vulpes vulpes<\/em>) and the roe deer (<em>Capreolus capreolus<\/em>) and in terms of reptiles and amphibians, there are the Iberian painted frog (<em>Discoglossus galganai<\/em>) and the European pond turtle (<em>Emys orbicularis<\/em>).<\/p>\n\n\n\n<div style=\"height:20px\" aria-hidden=\"true\" class=\"wp-block-spacer\"><\/div>\n\n\n\n<p style=\"font-size:18px\">More about the Terva Valley Archaeological Park (TVAP)&nbsp;<a href=\"https:\/\/terracallaeci.pt\/en\/2017\/02\/parque-arqueologico-do-vale-do-terva\/\">here.<\/a><\/p>\n\n\n\n<p style=\"font-size:18px\">More about TVAP Nature Route&nbsp;<a href=\"https:\/\/terracallaeci.pt\/en\/2017\/02\/rota-natura\/\">here.<\/a><\/p>\n\n\n\n<div style=\"height:20px\" aria-hidden=\"true\" class=\"wp-block-spacer\"><\/div>\n\n\n<div id=\"altit-2075695037\"><div class=\"altit-adlabel\">PUB<\/div><div id=\"altit-3016538999\"><a href=\"https:\/\/terracallaeci.pt\/en\/corguinho\/\" target=\"_blank\" aria-label=\"CorguinhoII\"><img loading=\"lazy\" decoding=\"async\" src=\"https:\/\/terracallaeci.pt\/wp-content\/uploads\/2021\/08\/CorguinhoII.gif\" alt=\"\"  width=\"728\" height=\"130\"   \/><\/a><\/div><\/div>","protected":false},"excerpt":{"rendered":"<p>As galerias rip\u00edcolas, normalmente associadas a lameiros, s\u00e3o dominadas pelos amieiros (Alnus glutinosa) nas zonas de baixa e m\u00e9dia altitude e pelos vidoeiros (Betula alba) nas zonas de maior altitude. Bem conservadas no vale, as galerias apresentam-se cont\u00ednuas, com \u00e1rvores de grande dimens\u00e3o e por vezes com mais de uma fiada de cada lado das [&hellip;]<\/p>\n","protected":false},"author":6,"featured_media":40152,"comment_status":"open","ping_status":"open","sticky":false,"template":"","format":"standard","meta":{"footnotes":""},"categories":[79],"tags":[5096,7520],"class_list":{"0":"post-40147","1":"post","2":"type-post","3":"status-publish","4":"format-standard","5":"has-post-thumbnail","7":"category-pavt","8":"tag-boticas","9":"tag-rota-natura-do-pavt"},"_links":{"self":[{"href":"https:\/\/terracallaeci.pt\/en\/wp-json\/wp\/v2\/posts\/40147","targetHints":{"allow":["GET"]}}],"collection":[{"href":"https:\/\/terracallaeci.pt\/en\/wp-json\/wp\/v2\/posts"}],"about":[{"href":"https:\/\/terracallaeci.pt\/en\/wp-json\/wp\/v2\/types\/post"}],"author":[{"embeddable":true,"href":"https:\/\/terracallaeci.pt\/en\/wp-json\/wp\/v2\/users\/6"}],"replies":[{"embeddable":true,"href":"https:\/\/terracallaeci.pt\/en\/wp-json\/wp\/v2\/comments?post=40147"}],"version-history":[{"count":0,"href":"https:\/\/terracallaeci.pt\/en\/wp-json\/wp\/v2\/posts\/40147\/revisions"}],"wp:featuredmedia":[{"embeddable":true,"href":"https:\/\/terracallaeci.pt\/en\/wp-json\/wp\/v2\/media\/40152"}],"wp:attachment":[{"href":"https:\/\/terracallaeci.pt\/en\/wp-json\/wp\/v2\/media?parent=40147"}],"wp:term":[{"taxonomy":"category","embeddable":true,"href":"https:\/\/terracallaeci.pt\/en\/wp-json\/wp\/v2\/categories?post=40147"},{"taxonomy":"post_tag","embeddable":true,"href":"https:\/\/terracallaeci.pt\/en\/wp-json\/wp\/v2\/tags?post=40147"}],"curies":[{"name":"wp","href":"https:\/\/api.w.org\/{rel}","templated":true}]}}