{"id":39968,"date":"2024-10-24T16:40:02","date_gmt":"2024-10-24T15:40:02","guid":{"rendered":"https:\/\/terracallaeci.pt\/?p=39968"},"modified":"2024-10-25T09:21:18","modified_gmt":"2024-10-25T08:21:18","slug":"castro-de-curalha","status":"publish","type":"post","link":"https:\/\/terracallaeci.pt\/en\/2024\/10\/castro-de-curalha\/","title":{"rendered":"Hillfort of Curalha"},"content":{"rendered":"<p style=\"font-size:18px\">The fortified settlement, with three lines of ellipsoidal walls, seems to be organised around a central street, where there are quadrangular houses with walls also supported on the inside of the wall. It is believed to have had Roman and medieval occupation, possibly reusing a pre-Roman settlement. <\/p>\n\n\n\n<blockquote class=\"wp-block-quote is-layout-flow wp-block-quote-is-layout-flow\">\n<p>The top of the hillfort offers breathtaking views.<\/p>\n<\/blockquote>\n\n\n\n<p style=\"font-size:18px\">It is probably the best-known hillfort in the municipality of Chaves and stands out for its good state of preservation, easy accessibility \u2013 located approximately 700 metres from National Road 103, with the last 200 metres on foot \u2013 and stunning views over the River T\u00e2mega and the surrounding pine forest.<\/p>\n\n\n\n<h2 class=\"wp-block-heading\">Location<\/h2>\n\n\n\n<iframe src=\"https:\/\/www.google.com\/maps\/embed?pb=!1m18!1m12!1m3!1d5274.453359175245!2d-7.530433222457431!3d41.709406271260804!2m3!1f0!2f0!3f0!3m2!1i1024!2i768!4f13.1!3m3!1m2!1s0xd3ad8d45c6d3b21%3A0xa774211bcb02729f!2sCastro%20Curalha!5e1!3m2!1spt-PT!2spt!4v1729781794090!5m2!1spt-PT!2spt\" width=\"800\" height=\"400\" style=\"border:0;\" allowfullscreen=\"\" loading=\"lazy\" referrerpolicy=\"no-referrer-when-downgrade\"><\/iframe>\n\n\n\n<div style=\"height:20px\" aria-hidden=\"true\" class=\"wp-block-spacer\"><\/div>\n\n\n\n<div id=\"altit-1384974089\"><div class=\"altit-adlabel\">PUB<\/div><div id=\"altit-3512116676\"><a href=\"https:\/\/terracallaeci.pt\/en\/corguinho\/\" target=\"_blank\" aria-label=\"CorguinhoII\"><img loading=\"lazy\" decoding=\"async\" src=\"https:\/\/terracallaeci.pt\/wp-content\/uploads\/2021\/08\/CorguinhoII.gif\" alt=\"\"  width=\"728\" height=\"130\"   \/><\/a><\/div><\/div>","protected":false},"excerpt":{"rendered":"<p>O povoado fortificado com tr\u00eas linhas de muralha de contorno elipsoidal, parece estar organizado em torno de uma rua central, onde se localizam casas quadrangulares com paredes apoiadas tamb\u00e9m no lado interno da muralha. Acredita-se que tenha tido ocupa\u00e7\u00e3o romana e medieval, possivelmente reaproveitando um castro pr\u00e9-romano. O alto do castro proporciona vistas deslumbrantes. \u00c9 [&hellip;]<\/p>\n","protected":false},"author":6,"featured_media":39972,"comment_status":"open","ping_status":"open","sticky":false,"template":"","format":"video","meta":{"footnotes":""},"categories":[2],"tags":[3795,3735,7733],"class_list":{"0":"post-39968","1":"post","2":"type-post","3":"status-publish","4":"format-video","5":"has-post-thumbnail","7":"category-patrimonio","8":"tag-castros","9":"tag-chaves","10":"tag-curalha","11":"post_format-post-format-video"},"_links":{"self":[{"href":"https:\/\/terracallaeci.pt\/en\/wp-json\/wp\/v2\/posts\/39968","targetHints":{"allow":["GET"]}}],"collection":[{"href":"https:\/\/terracallaeci.pt\/en\/wp-json\/wp\/v2\/posts"}],"about":[{"href":"https:\/\/terracallaeci.pt\/en\/wp-json\/wp\/v2\/types\/post"}],"author":[{"embeddable":true,"href":"https:\/\/terracallaeci.pt\/en\/wp-json\/wp\/v2\/users\/6"}],"replies":[{"embeddable":true,"href":"https:\/\/terracallaeci.pt\/en\/wp-json\/wp\/v2\/comments?post=39968"}],"version-history":[{"count":0,"href":"https:\/\/terracallaeci.pt\/en\/wp-json\/wp\/v2\/posts\/39968\/revisions"}],"wp:featuredmedia":[{"embeddable":true,"href":"https:\/\/terracallaeci.pt\/en\/wp-json\/wp\/v2\/media\/39972"}],"wp:attachment":[{"href":"https:\/\/terracallaeci.pt\/en\/wp-json\/wp\/v2\/media?parent=39968"}],"wp:term":[{"taxonomy":"category","embeddable":true,"href":"https:\/\/terracallaeci.pt\/en\/wp-json\/wp\/v2\/categories?post=39968"},{"taxonomy":"post_tag","embeddable":true,"href":"https:\/\/terracallaeci.pt\/en\/wp-json\/wp\/v2\/tags?post=39968"}],"curies":[{"name":"wp","href":"https:\/\/api.w.org\/{rel}","templated":true}]}}