{"id":39917,"date":"2024-09-16T14:01:54","date_gmt":"2024-09-16T13:01:54","guid":{"rendered":"https:\/\/terracallaeci.pt\/?p=39917"},"modified":"2025-09-05T18:07:06","modified_gmt":"2025-09-05T17:07:06","slug":"5-sitios-imperdiveis-para-visitar-a-pe-em-chaves","status":"publish","type":"post","link":"https:\/\/terracallaeci.pt\/en\/2024\/09\/5-sitios-imperdiveis-para-visitar-a-pe-em-chaves\/","title":{"rendered":"5 must-see places to visit on foot in Chaves"},"content":{"rendered":"<p style=\"font-size:18px\">Known since antiquity for its thermal waters, <em>Aquae Flaviae<\/em> - today Chaves - continues to attract many visitors in search of well-being and health. The compact size of the historic centre and the diversity of its heritage, which spans millennia, make Chaves a great city to explore on foot.<\/p>\n\n\n\n<blockquote class=\"wp-block-quote is-layout-flow wp-block-quote-is-layout-flow\">\n<p><em>The 5 must-see places to visit on foot in Chaves are a selection of Terra calla<\/em>ECI<\/p>\n<\/blockquote>\n\n\n\n<h2 class=\"wp-block-heading\">Castle of Chaves<\/h2>\n\n\n\n<p style=\"font-size:18px\">The medieval castle, of which part of the wall and the 28-metre keep remain and from which you can enjoy the best view of the city's historic centre, was built on the foundations of the Roman walls that surrounded the town and was later subjected to various alterations. The Chaves Military Museum is currently housed in the keep. General admission \u20ac1. Learn more <a href=\"https:\/\/terracallaeci.pt\/en\/2023\/09\/castelo-de-chaves\/\" target=\"_blank\" rel=\"noreferrer noopener\">here.<\/a><\/p>\n\n\n\n<figure class=\"wp-block-image size-full is-resized\"><img loading=\"lazy\" decoding=\"async\" width=\"1200\" height=\"1500\" src=\"https:\/\/terracallaeci.pt\/wp-content\/uploads\/2023\/09\/DJI_0593-2.jpg\" alt=\"\" class=\"wp-image-39678\" style=\"width:1068px;height:auto\" srcset=\"https:\/\/terracallaeci.pt\/wp-content\/uploads\/2023\/09\/DJI_0593-2.jpg 1200w, https:\/\/terracallaeci.pt\/wp-content\/uploads\/2023\/09\/DJI_0593-2-240x300.jpg 240w, https:\/\/terracallaeci.pt\/wp-content\/uploads\/2023\/09\/DJI_0593-2-819x1024.jpg 819w, https:\/\/terracallaeci.pt\/wp-content\/uploads\/2023\/09\/DJI_0593-2-768x960.jpg 768w, https:\/\/terracallaeci.pt\/wp-content\/uploads\/2023\/09\/DJI_0593-2-10x12.jpg 10w, https:\/\/terracallaeci.pt\/wp-content\/uploads\/2023\/09\/DJI_0593-2-150x188.jpg 150w, https:\/\/terracallaeci.pt\/wp-content\/uploads\/2023\/09\/DJI_0593-2-300x375.jpg 300w, https:\/\/terracallaeci.pt\/wp-content\/uploads\/2023\/09\/DJI_0593-2-696x870.jpg 696w, https:\/\/terracallaeci.pt\/wp-content\/uploads\/2023\/09\/DJI_0593-2-1068x1335.jpg 1068w, https:\/\/terracallaeci.pt\/wp-content\/uploads\/2023\/09\/DJI_0593-2-336x420.jpg 336w\" sizes=\"auto, (max-width: 1200px) 100vw, 1200px\" \/><figcaption class=\"wp-element-caption\">Keep of Chaves Castle (left) and Church of Santa Maria Maior (right). Photo TR\/TC<\/figcaption><\/figure>\n\n\n\n<div style=\"height:20px\" aria-hidden=\"true\" class=\"wp-block-spacer\"><\/div>\n\n\n\n<p class=\"has-text-align-center\" style=\"margin-bottom:-1px\">PUB<\/p>\n\n\n\n<figure class=\"wp-block-image size-full is-resized\"><img loading=\"lazy\" decoding=\"async\" width=\"1496\" height=\"1500\" src=\"http:\/\/terracallaeci.pt\/wp-content\/uploads\/2023\/09\/Castelo-de-Chaves.jpg\" alt=\"\" class=\"wp-image-42081\" style=\"aspect-ratio:1;object-fit:cover\" srcset=\"https:\/\/terracallaeci.pt\/wp-content\/uploads\/2023\/09\/Castelo-de-Chaves.jpg 1496w, https:\/\/terracallaeci.pt\/wp-content\/uploads\/2023\/09\/Castelo-de-Chaves-300x301.jpg 300w, https:\/\/terracallaeci.pt\/wp-content\/uploads\/2023\/09\/Castelo-de-Chaves-1021x1024.jpg 1021w, https:\/\/terracallaeci.pt\/wp-content\/uploads\/2023\/09\/Castelo-de-Chaves-150x150.jpg 150w, https:\/\/terracallaeci.pt\/wp-content\/uploads\/2023\/09\/Castelo-de-Chaves-768x770.jpg 768w, https:\/\/terracallaeci.pt\/wp-content\/uploads\/2023\/09\/Castelo-de-Chaves-12x12.jpg 12w, https:\/\/terracallaeci.pt\/wp-content\/uploads\/2023\/09\/Castelo-de-Chaves-419x420.jpg 419w, https:\/\/terracallaeci.pt\/wp-content\/uploads\/2023\/09\/Castelo-de-Chaves-696x698.jpg 696w, https:\/\/terracallaeci.pt\/wp-content\/uploads\/2023\/09\/Castelo-de-Chaves-1068x1071.jpg 1068w, https:\/\/terracallaeci.pt\/wp-content\/uploads\/2023\/09\/Castelo-de-Chaves-70x70.jpg 70w, https:\/\/terracallaeci.pt\/wp-content\/uploads\/2023\/09\/Castelo-de-Chaves-140x140.jpg 140w\" sizes=\"auto, (max-width: 1496px) 100vw, 1496px\" \/><figcaption class=\"wp-element-caption\"><em>Corguinho \"Castle of Chaves\" wooden magnet. Find out where to buy&nbsp;<\/em><a href=\"https:\/\/terracallaeci.pt\/en\/corguinho\/\">here.<\/a><\/figcaption><\/figure>\n\n\n\n<div style=\"height:15px\" aria-hidden=\"true\" class=\"wp-block-spacer\"><\/div>\n\n\n\n<h2 class=\"wp-block-heading\">Church of Santa Maria Maior<\/h2>\n\n\n\n<p style=\"font-size:18px\">Close to the castle is the Chaves Mother Church, which displays a wealth of styles. The medieval, Mannerist and late Baroque church, with a longitudinal floor plan, has three naves and five sections.<\/p>\n\n\n\n<figure class=\"wp-block-image size-full is-resized\"><img loading=\"lazy\" decoding=\"async\" width=\"1500\" height=\"2000\" src=\"https:\/\/terracallaeci.pt\/wp-content\/uploads\/2023\/08\/IMG_2455.jpg\" alt=\"\" class=\"wp-image-39560\" style=\"width:1068px;height:auto\" srcset=\"https:\/\/terracallaeci.pt\/wp-content\/uploads\/2023\/08\/IMG_2455.jpg 1500w, https:\/\/terracallaeci.pt\/wp-content\/uploads\/2023\/08\/IMG_2455-225x300.jpg 225w, https:\/\/terracallaeci.pt\/wp-content\/uploads\/2023\/08\/IMG_2455-768x1024.jpg 768w, https:\/\/terracallaeci.pt\/wp-content\/uploads\/2023\/08\/IMG_2455-1152x1536.jpg 1152w, https:\/\/terracallaeci.pt\/wp-content\/uploads\/2023\/08\/IMG_2455-9x12.jpg 9w, https:\/\/terracallaeci.pt\/wp-content\/uploads\/2023\/08\/IMG_2455-150x200.jpg 150w, https:\/\/terracallaeci.pt\/wp-content\/uploads\/2023\/08\/IMG_2455-300x400.jpg 300w, https:\/\/terracallaeci.pt\/wp-content\/uploads\/2023\/08\/IMG_2455-696x928.jpg 696w, https:\/\/terracallaeci.pt\/wp-content\/uploads\/2023\/08\/IMG_2455-1068x1424.jpg 1068w, https:\/\/terracallaeci.pt\/wp-content\/uploads\/2023\/08\/IMG_2455-315x420.jpg 315w\" sizes=\"auto, (max-width: 1500px) 100vw, 1500px\" \/><figcaption class=\"wp-element-caption\">Detail of the fa\u00e7ade of the Church of Santa Maria Maior. Photo TR\/TC<\/figcaption><\/figure>\n\n\n\n<p><\/p>\n\n\n\n<p style=\"font-size:18px\">The bell tower, portico and some sculptures remain from the medieval building. The interior space retains the original medieval structure, and the chapel of the Blessed Sacrament, attached to the chancel, stands out. Admission is free. Learn more <a href=\"https:\/\/terracallaeci.pt\/en\/2023\/08\/igreja-de-santa-maria-maior-igreja-matriz-de-chaves\/\" target=\"_blank\" rel=\"noreferrer noopener\">here.<\/a><\/p>\n\n\n\n<h2 class=\"wp-block-heading\">Church of Miseric\u00f3rdia de Chaves<\/h2>\n\n\n\n<p style=\"font-size:18px\">Also in Pra\u00e7a de Cam\u00f5es, you won't want to miss the Miseric\u00f3rdia Church, which has impressive tile decorations inside.<\/p>\n\n\n\n<figure class=\"wp-block-image size-full is-resized\"><img loading=\"lazy\" decoding=\"async\" width=\"1500\" height=\"2000\" src=\"http:\/\/terracallaeci.pt\/wp-content\/uploads\/2024\/09\/IMG_2390-Edit-3.jpg\" alt=\"\" class=\"wp-image-39922\" style=\"width:1068px;height:auto\" srcset=\"https:\/\/terracallaeci.pt\/wp-content\/uploads\/2024\/09\/IMG_2390-Edit-3.jpg 1500w, https:\/\/terracallaeci.pt\/wp-content\/uploads\/2024\/09\/IMG_2390-Edit-3-225x300.jpg 225w, https:\/\/terracallaeci.pt\/wp-content\/uploads\/2024\/09\/IMG_2390-Edit-3-768x1024.jpg 768w, https:\/\/terracallaeci.pt\/wp-content\/uploads\/2024\/09\/IMG_2390-Edit-3-1152x1536.jpg 1152w, https:\/\/terracallaeci.pt\/wp-content\/uploads\/2024\/09\/IMG_2390-Edit-3-9x12.jpg 9w, https:\/\/terracallaeci.pt\/wp-content\/uploads\/2024\/09\/IMG_2390-Edit-3-315x420.jpg 315w, https:\/\/terracallaeci.pt\/wp-content\/uploads\/2024\/09\/IMG_2390-Edit-3-150x200.jpg 150w, https:\/\/terracallaeci.pt\/wp-content\/uploads\/2024\/09\/IMG_2390-Edit-3-300x400.jpg 300w, https:\/\/terracallaeci.pt\/wp-content\/uploads\/2024\/09\/IMG_2390-Edit-3-696x928.jpg 696w, https:\/\/terracallaeci.pt\/wp-content\/uploads\/2024\/09\/IMG_2390-Edit-3-1068x1424.jpg 1068w\" sizes=\"auto, (max-width: 1500px) 100vw, 1500px\" \/><figcaption class=\"wp-element-caption\">Interior of the Church of Miseric\u00f3rdia de Chaves. Photo TR\/TC<\/figcaption><\/figure>\n\n\n\n<p style=\"font-size:18px\">Built in the second half of the 17th century, the church is a fine example of Baroque architecture, characterised by the exuberance, theatricality and movement of its forms. This is evident in the carved motifs on the granite fa\u00e7ade and the lavishly decorated gilded altarpiece. Free entry. Learn more <a href=\"https:\/\/terracallaeci.pt\/en\/2023\/10\/igreja-da-misericordia-de-chaves\/\" target=\"_blank\" rel=\"noreferrer noopener\">here.<\/a><\/p>\n\n\n\n<figure class=\"wp-block-image size-full is-resized\"><img loading=\"lazy\" decoding=\"async\" width=\"1500\" height=\"2000\" src=\"https:\/\/terracallaeci.pt\/wp-content\/uploads\/2024\/09\/IMG_0298.jpg\" alt=\"\" class=\"wp-image-39936\" style=\"width:1068px;height:auto\" srcset=\"https:\/\/terracallaeci.pt\/wp-content\/uploads\/2024\/09\/IMG_0298.jpg 1500w, https:\/\/terracallaeci.pt\/wp-content\/uploads\/2024\/09\/IMG_0298-225x300.jpg 225w, https:\/\/terracallaeci.pt\/wp-content\/uploads\/2024\/09\/IMG_0298-768x1024.jpg 768w, https:\/\/terracallaeci.pt\/wp-content\/uploads\/2024\/09\/IMG_0298-1152x1536.jpg 1152w, https:\/\/terracallaeci.pt\/wp-content\/uploads\/2024\/09\/IMG_0298-9x12.jpg 9w, https:\/\/terracallaeci.pt\/wp-content\/uploads\/2024\/09\/IMG_0298-315x420.jpg 315w, https:\/\/terracallaeci.pt\/wp-content\/uploads\/2024\/09\/IMG_0298-150x200.jpg 150w, https:\/\/terracallaeci.pt\/wp-content\/uploads\/2024\/09\/IMG_0298-300x400.jpg 300w, https:\/\/terracallaeci.pt\/wp-content\/uploads\/2024\/09\/IMG_0298-696x928.jpg 696w, https:\/\/terracallaeci.pt\/wp-content\/uploads\/2024\/09\/IMG_0298-1068x1424.jpg 1068w\" sizes=\"auto, (max-width: 1500px) 100vw, 1500px\" \/><figcaption class=\"wp-element-caption\">Medieval houses. Photo TR\/TC<\/figcaption><\/figure>\n\n\n\n<p style=\"font-size:18px\">Follow Rua Direita street - part of the old Via Romana XVII - to Largo do Arrabalde square. Along the way, stop to admire the colourful balconies of the medieval houses, one of the city's hallmarks.<\/p>\n\n\n\n<h2 class=\"wp-block-heading\">Museum of the Roman Baths<\/h2>\n\n\n\n<figure class=\"wp-block-image size-full is-resized\"><img loading=\"lazy\" decoding=\"async\" width=\"1500\" height=\"2000\" src=\"https:\/\/terracallaeci.pt\/wp-content\/uploads\/2023\/04\/20220705_120802.jpg\" alt=\"\" class=\"wp-image-39318\" style=\"width:1068px;height:auto\" srcset=\"https:\/\/terracallaeci.pt\/wp-content\/uploads\/2023\/04\/20220705_120802.jpg 1500w, https:\/\/terracallaeci.pt\/wp-content\/uploads\/2023\/04\/20220705_120802-225x300.jpg 225w, https:\/\/terracallaeci.pt\/wp-content\/uploads\/2023\/04\/20220705_120802-768x1024.jpg 768w, https:\/\/terracallaeci.pt\/wp-content\/uploads\/2023\/04\/20220705_120802-1152x1536.jpg 1152w, https:\/\/terracallaeci.pt\/wp-content\/uploads\/2023\/04\/20220705_120802-9x12.jpg 9w, https:\/\/terracallaeci.pt\/wp-content\/uploads\/2023\/04\/20220705_120802-150x200.jpg 150w, https:\/\/terracallaeci.pt\/wp-content\/uploads\/2023\/04\/20220705_120802-300x400.jpg 300w, https:\/\/terracallaeci.pt\/wp-content\/uploads\/2023\/04\/20220705_120802-696x928.jpg 696w, https:\/\/terracallaeci.pt\/wp-content\/uploads\/2023\/04\/20220705_120802-1068x1424.jpg 1068w, https:\/\/terracallaeci.pt\/wp-content\/uploads\/2023\/04\/20220705_120802-315x420.jpg 315w\" sizes=\"auto, (max-width: 1500px) 100vw, 1500px\" \/><figcaption class=\"wp-element-caption\">Roman Baths of Chaves. Photo TR\/TC<\/figcaption><\/figure>\n\n\n\n<p style=\"font-size:18px\">Classified as a National Monument in 2012, they are the largest and best preserved medicinal baths known in the provinces of Roman Hispania. With an intricate hydraulic system fed by a spring with water at 73 degrees, still functional. Free entry. Learn more <a href=\"https:\/\/terracallaeci.pt\/en\/2023\/04\/termas-romanas-de-chaves\/\" target=\"_blank\" rel=\"noreferrer noopener\">here.<\/a><\/p>\n\n\n\n<h2 class=\"wp-block-heading\">Bridge of Trajan&nbsp;<\/h2>\n\n\n\n<p style=\"font-size:18px\">A few metres from the thermal baths is Portugal's oldest bridge, the Bridge of Trajan, also known as the Roman Bridge of Chaves. A remarkable example of Roman engineering and one of the city's main landmarks.<\/p>\n\n\n\n<figure class=\"wp-block-image size-full is-resized\"><img loading=\"lazy\" decoding=\"async\" width=\"1500\" height=\"2000\" src=\"https:\/\/terracallaeci.pt\/wp-content\/uploads\/2024\/09\/IMG_0296-2.jpg\" alt=\"\" class=\"wp-image-39935\" style=\"width:1068px;height:auto\" srcset=\"https:\/\/terracallaeci.pt\/wp-content\/uploads\/2024\/09\/IMG_0296-2.jpg 1500w, https:\/\/terracallaeci.pt\/wp-content\/uploads\/2024\/09\/IMG_0296-2-225x300.jpg 225w, https:\/\/terracallaeci.pt\/wp-content\/uploads\/2024\/09\/IMG_0296-2-768x1024.jpg 768w, https:\/\/terracallaeci.pt\/wp-content\/uploads\/2024\/09\/IMG_0296-2-1152x1536.jpg 1152w, https:\/\/terracallaeci.pt\/wp-content\/uploads\/2024\/09\/IMG_0296-2-9x12.jpg 9w, https:\/\/terracallaeci.pt\/wp-content\/uploads\/2024\/09\/IMG_0296-2-315x420.jpg 315w, https:\/\/terracallaeci.pt\/wp-content\/uploads\/2024\/09\/IMG_0296-2-150x200.jpg 150w, https:\/\/terracallaeci.pt\/wp-content\/uploads\/2024\/09\/IMG_0296-2-300x400.jpg 300w, https:\/\/terracallaeci.pt\/wp-content\/uploads\/2024\/09\/IMG_0296-2-696x928.jpg 696w, https:\/\/terracallaeci.pt\/wp-content\/uploads\/2024\/09\/IMG_0296-2-1068x1424.jpg 1068w\" sizes=\"auto, (max-width: 1500px) 100vw, 1500px\" \/><figcaption class=\"wp-element-caption\">Detail of the Bridge of Trajan. Photo TR\/TC<\/figcaption><\/figure>\n\n\n\n<blockquote class=\"wp-block-quote is-layout-flow wp-block-quote-is-layout-flow\">\n<p>The road linked Bracara Augusta (present-day Braga) to Asturica Augusta (present-day Astorga, in Spain).&nbsp;<\/p>\n<\/blockquote>\n\n\n\n<p style=\"font-size:18px\">The bridge was part of the Via Romana XVII, an important route linking Bracara Augusta (present-day Braga) to Asturica Augusta (present-day Astorga, in Spain).&nbsp;<\/p>\n\n\n\n<div style=\"height:15px\" aria-hidden=\"true\" class=\"wp-block-spacer\"><\/div>\n\n\n\n<p class=\"has-text-align-center\" style=\"margin-bottom:-1px\">PUB<\/p>\n\n\n\n<figure class=\"wp-block-image size-full is-resized\"><img loading=\"lazy\" decoding=\"async\" width=\"1496\" height=\"1500\" src=\"https:\/\/terracallaeci.pt\/wp-content\/uploads\/2024\/09\/Ponte-de-Trajano.jpg\" alt=\"\" class=\"wp-image-42082\" style=\"aspect-ratio:1;object-fit:cover\" srcset=\"https:\/\/terracallaeci.pt\/wp-content\/uploads\/2024\/09\/Ponte-de-Trajano.jpg 1496w, https:\/\/terracallaeci.pt\/wp-content\/uploads\/2024\/09\/Ponte-de-Trajano-300x301.jpg 300w, https:\/\/terracallaeci.pt\/wp-content\/uploads\/2024\/09\/Ponte-de-Trajano-1021x1024.jpg 1021w, https:\/\/terracallaeci.pt\/wp-content\/uploads\/2024\/09\/Ponte-de-Trajano-150x150.jpg 150w, https:\/\/terracallaeci.pt\/wp-content\/uploads\/2024\/09\/Ponte-de-Trajano-768x770.jpg 768w, https:\/\/terracallaeci.pt\/wp-content\/uploads\/2024\/09\/Ponte-de-Trajano-12x12.jpg 12w, https:\/\/terracallaeci.pt\/wp-content\/uploads\/2024\/09\/Ponte-de-Trajano-419x420.jpg 419w, https:\/\/terracallaeci.pt\/wp-content\/uploads\/2024\/09\/Ponte-de-Trajano-696x698.jpg 696w, https:\/\/terracallaeci.pt\/wp-content\/uploads\/2024\/09\/Ponte-de-Trajano-1068x1071.jpg 1068w, https:\/\/terracallaeci.pt\/wp-content\/uploads\/2024\/09\/Ponte-de-Trajano-70x70.jpg 70w, https:\/\/terracallaeci.pt\/wp-content\/uploads\/2024\/09\/Ponte-de-Trajano-140x140.jpg 140w\" sizes=\"auto, (max-width: 1496px) 100vw, 1496px\" \/><figcaption class=\"wp-element-caption\"><em>Corguinho \"Bridge of Trajan\" wooden magnet. Find out where to buy\u00a0<\/em><a href=\"https:\/\/terracallaeci.pt\/en\/corguinho\/\">here.<\/a><\/figcaption><\/figure>\n\n\n\n<div style=\"height:15px\" aria-hidden=\"true\" class=\"wp-block-spacer\"><\/div>\n\n\n\n<p style=\"font-size:18px\">The route between the castle and the bridge is about 600 metres (not including the return journey). We suggest starting the programme in the morning, when the temperature is milder.<\/p>\n\n\n\n<p style=\"font-size:18px\">Along the banks of the River T\u00e2mega, take the opportunity to discover the local gastronomy while you recharge your batteries for the return journey.<\/p>\n\n\n\n<div style=\"height:20px\" aria-hidden=\"true\" class=\"wp-block-spacer\"><\/div>\n\n\n<div id=\"altit-3453122214\"><div class=\"altit-adlabel\">PUB<\/div><div id=\"altit-2109103834\"><a href=\"https:\/\/terracallaeci.pt\/en\/corguinho\/\" target=\"_blank\" aria-label=\"CorguinhoII\"><img loading=\"lazy\" decoding=\"async\" src=\"https:\/\/terracallaeci.pt\/wp-content\/uploads\/2021\/08\/CorguinhoII.gif\" alt=\"\"  width=\"728\" height=\"130\"   \/><\/a><\/div><\/div>","protected":false},"excerpt":{"rendered":"<p>Conhecida desde a antiguidade pelas suas \u00e1guas termais, Aquae Flaviae \u2013 hoje Chaves \u2013 continua a atrair muitos visitantes em busca de bem-estar e sa\u00fade. A dimens\u00e3o compacta do centro hist\u00f3rico e a diversidade do patrim\u00f3nio, que abrange mil\u00e9nios,&nbsp;fazem de Chaves uma cidade \u00f3tima para explorar a p\u00e9. Os 5 s\u00edtios imperd\u00edveis para visitar a [&hellip;]<\/p>\n","protected":false},"author":1,"featured_media":39933,"comment_status":"open","ping_status":"open","sticky":false,"template":"","format":"standard","meta":{"footnotes":""},"categories":[7742,3,3684],"tags":[3735],"class_list":{"0":"post-39917","1":"post","2":"type-post","3":"status-publish","4":"format-standard","5":"has-post-thumbnail","7":"category-artigos","8":"category-divulgacao","9":"category-sugestoes-de-leitura","10":"tag-chaves"},"_links":{"self":[{"href":"https:\/\/terracallaeci.pt\/en\/wp-json\/wp\/v2\/posts\/39917","targetHints":{"allow":["GET"]}}],"collection":[{"href":"https:\/\/terracallaeci.pt\/en\/wp-json\/wp\/v2\/posts"}],"about":[{"href":"https:\/\/terracallaeci.pt\/en\/wp-json\/wp\/v2\/types\/post"}],"author":[{"embeddable":true,"href":"https:\/\/terracallaeci.pt\/en\/wp-json\/wp\/v2\/users\/1"}],"replies":[{"embeddable":true,"href":"https:\/\/terracallaeci.pt\/en\/wp-json\/wp\/v2\/comments?post=39917"}],"version-history":[{"count":0,"href":"https:\/\/terracallaeci.pt\/en\/wp-json\/wp\/v2\/posts\/39917\/revisions"}],"wp:featuredmedia":[{"embeddable":true,"href":"https:\/\/terracallaeci.pt\/en\/wp-json\/wp\/v2\/media\/39933"}],"wp:attachment":[{"href":"https:\/\/terracallaeci.pt\/en\/wp-json\/wp\/v2\/media?parent=39917"}],"wp:term":[{"taxonomy":"category","embeddable":true,"href":"https:\/\/terracallaeci.pt\/en\/wp-json\/wp\/v2\/categories?post=39917"},{"taxonomy":"post_tag","embeddable":true,"href":"https:\/\/terracallaeci.pt\/en\/wp-json\/wp\/v2\/tags?post=39917"}],"curies":[{"name":"wp","href":"https:\/\/api.w.org\/{rel}","templated":true}]}}