{"id":39792,"date":"2024-05-04T11:25:56","date_gmt":"2024-05-04T10:25:56","guid":{"rendered":"https:\/\/terracallaeci.pt\/?p=39792"},"modified":"2024-05-04T15:11:06","modified_gmt":"2024-05-04T14:11:06","slug":"pitoes-das-junias","status":"publish","type":"post","link":"https:\/\/terracallaeci.pt\/en\/2024\/05\/pitoes-das-junias\/","title":{"rendered":"Pit\u00f5es das J\u00fanias"},"content":{"rendered":"<p style=\"font-size:18px\">Located in the Peneda-Ger\u00eas National Park at an altitude of around 1,200 meters, the village of Pit\u00f5es das J\u00fanias is one of the best-known postcards in the municipality of Montalegre. Its isolation, heritage and stunning landscape make Pit\u00f5es das J\u00fanias an ideal destination for lovers of history and nature.<\/p>\n\n\n\n<figure class=\"wp-block-image size-full\"><img loading=\"lazy\" decoding=\"async\" width=\"1200\" height=\"1500\" src=\"https:\/\/terracallaeci.pt\/wp-content\/uploads\/2024\/04\/IMG_7521.jpg\" alt=\"\" class=\"wp-image-39780\" srcset=\"https:\/\/terracallaeci.pt\/wp-content\/uploads\/2024\/04\/IMG_7521.jpg 1200w, https:\/\/terracallaeci.pt\/wp-content\/uploads\/2024\/04\/IMG_7521-240x300.jpg 240w, https:\/\/terracallaeci.pt\/wp-content\/uploads\/2024\/04\/IMG_7521-819x1024.jpg 819w, https:\/\/terracallaeci.pt\/wp-content\/uploads\/2024\/04\/IMG_7521-768x960.jpg 768w, https:\/\/terracallaeci.pt\/wp-content\/uploads\/2024\/04\/IMG_7521-10x12.jpg 10w, https:\/\/terracallaeci.pt\/wp-content\/uploads\/2024\/04\/IMG_7521-150x188.jpg 150w, https:\/\/terracallaeci.pt\/wp-content\/uploads\/2024\/04\/IMG_7521-300x375.jpg 300w, https:\/\/terracallaeci.pt\/wp-content\/uploads\/2024\/04\/IMG_7521-696x870.jpg 696w, https:\/\/terracallaeci.pt\/wp-content\/uploads\/2024\/04\/IMG_7521-1068x1335.jpg 1068w, https:\/\/terracallaeci.pt\/wp-content\/uploads\/2024\/04\/IMG_7521-336x420.jpg 336w\" sizes=\"auto, (max-width: 1200px) 100vw, 1200px\" \/><figcaption class=\"wp-element-caption\"><em>Monastery of Santa Maria das J\u00fanias. Photo TR\/TC<\/em><\/figcaption><\/figure>\n\n\n\n<p style=\"font-size:18px\">One of the main attractions of Pit\u00f5es das J\u00fanias is the <a href=\"https:\/\/terracallaeci.pt\/en\/2024\/04\/mosteiro-de-santa-maria-das-junias\/\">Monastery of Santa Maria das J\u00fanias<\/a>, a 12th-century monastery located about 2 km from the village, which, although in ruins, offers a fascinating glimpse into the region's architecture and religious history. Its remote location, situated in a stony valley next to the Campesinho stream and surrounded by a lush natural landscape, attracts many nature lovers and hiking enthusiasts.<\/p>\n\n\n\n<blockquote class=\"wp-block-quote is-layout-flow wp-block-quote-is-layout-flow\">\n<p>Pit\u00f5es das J\u00fanias is also known for its waterfalls.<\/p>\n<\/blockquote>\n\n\n\n<figure class=\"wp-block-image size-full\"><img loading=\"lazy\" decoding=\"async\" width=\"1071\" height=\"1500\" src=\"https:\/\/terracallaeci.pt\/wp-content\/uploads\/2024\/05\/Screenshot-2024-05-04-at-11.17.23.jpg\" alt=\"\" class=\"wp-image-39797\" srcset=\"https:\/\/terracallaeci.pt\/wp-content\/uploads\/2024\/05\/Screenshot-2024-05-04-at-11.17.23.jpg 1071w, https:\/\/terracallaeci.pt\/wp-content\/uploads\/2024\/05\/Screenshot-2024-05-04-at-11.17.23-214x300.jpg 214w, https:\/\/terracallaeci.pt\/wp-content\/uploads\/2024\/05\/Screenshot-2024-05-04-at-11.17.23-731x1024.jpg 731w, https:\/\/terracallaeci.pt\/wp-content\/uploads\/2024\/05\/Screenshot-2024-05-04-at-11.17.23-768x1076.jpg 768w, https:\/\/terracallaeci.pt\/wp-content\/uploads\/2024\/05\/Screenshot-2024-05-04-at-11.17.23-9x12.jpg 9w, https:\/\/terracallaeci.pt\/wp-content\/uploads\/2024\/05\/Screenshot-2024-05-04-at-11.17.23-150x210.jpg 150w, https:\/\/terracallaeci.pt\/wp-content\/uploads\/2024\/05\/Screenshot-2024-05-04-at-11.17.23-300x420.jpg 300w, https:\/\/terracallaeci.pt\/wp-content\/uploads\/2024\/05\/Screenshot-2024-05-04-at-11.17.23-696x975.jpg 696w, https:\/\/terracallaeci.pt\/wp-content\/uploads\/2024\/05\/Screenshot-2024-05-04-at-11.17.23-1068x1496.jpg 1068w\" sizes=\"auto, (max-width: 1071px) 100vw, 1071px\" \/><figcaption class=\"wp-element-caption\">Pit\u00f5es das J\u00fanias waterfall. Photo TR\/TC<\/figcaption><\/figure>\n\n\n\n<p style=\"font-size:18px\">Pit\u00f5es das J\u00fanias is also known for its waterfalls, the largest with a drop of around 30 meters <a href=\"https:\/\/www.instagram.com\/p\/C5ndRwbsqqW\/\" target=\"_blank\" rel=\"noreferrer noopener\">(watch video)<\/a>, followed by smaller ones, surrounded by a centenary oak grove and whose lagoons invite you to swim in the summer. Access to the viewpoint is via a trail and walkway of around 500 meters, starting from the parking lot (medium difficulty). Spring is the ideal time to visit, when the temperatures are milder and the water flow tends to be more vigorous.<\/p>\n\n\n\n<p style=\"font-size:18px\">In the village that retains the rustic charm of typical Barroso villages, don't miss the new Iberian Wolf Interpretive Center (Portuguese CILI), a project focused on the wild populations of this predator and their relationship with man, located in the middle of the species' area of occurrence.<\/p>\n\n\n\n<p style=\"font-size:26px\">Location<\/p>\n\n\n\n<iframe src=\"https:\/\/www.google.com\/maps\/embed?pb=!1m18!1m12!1m3!1d10285.726275229074!2d-7.973775987321376!3d41.83084972133394!2m3!1f0!2f0!3f0!3m2!1i1024!2i768!4f13.1!3m3!1m2!1s0xd253198ba78e0a3%3A0x5d7782136d33827f!2zUGl0w7VlcyBkYXMgSsO6bmlhcw!5e1!3m2!1spt-PT!2spt!4v1714823955412!5m2!1spt-PT!2spt\" width=\"800\" height=\"400\" style=\"border:0;\" allowfullscreen=\"\" loading=\"lazy\" referrerpolicy=\"no-referrer-when-downgrade\"><\/iframe>\n\n\n\n<div style=\"height:20px\" aria-hidden=\"true\" class=\"wp-block-spacer\"><\/div>\n\n\n<div id=\"altit-2787827172\"><div class=\"altit-adlabel\">PUB<\/div><div id=\"altit-1848764515\"><a href=\"https:\/\/terracallaeci.pt\/en\/corguinho\/\" target=\"_blank\" aria-label=\"CorguinhoII\"><img loading=\"lazy\" decoding=\"async\" src=\"https:\/\/terracallaeci.pt\/wp-content\/uploads\/2021\/08\/CorguinhoII.gif\" alt=\"\"  width=\"728\" height=\"130\"   \/><\/a><\/div><\/div>","protected":false},"excerpt":{"rendered":"<p>Localizada no Parque Nacional da Peneda-Ger\u00eas a cerca de 1200 metros de altitude, a aldeia de Pit\u00f5es das J\u00fanias \u00e9 um dos cart\u00f5es-postais mais conhecidos do concelho de Montalegre. O seu isolamento, patrim\u00f3nio e a paisagem deslumbrante, fazem de Pit\u00f5es das J\u00fanias um destino ideal para os amantes da hist\u00f3ria e da natureza. Um dos [&hellip;]<\/p>\n","protected":false},"author":6,"featured_media":39793,"comment_status":"open","ping_status":"open","sticky":false,"template":"","format":"video","meta":{"footnotes":""},"categories":[2],"tags":[],"class_list":{"0":"post-39792","1":"post","2":"type-post","3":"status-publish","4":"format-video","5":"has-post-thumbnail","7":"category-patrimonio","8":"post_format-post-format-video"},"_links":{"self":[{"href":"https:\/\/terracallaeci.pt\/en\/wp-json\/wp\/v2\/posts\/39792","targetHints":{"allow":["GET"]}}],"collection":[{"href":"https:\/\/terracallaeci.pt\/en\/wp-json\/wp\/v2\/posts"}],"about":[{"href":"https:\/\/terracallaeci.pt\/en\/wp-json\/wp\/v2\/types\/post"}],"author":[{"embeddable":true,"href":"https:\/\/terracallaeci.pt\/en\/wp-json\/wp\/v2\/users\/6"}],"replies":[{"embeddable":true,"href":"https:\/\/terracallaeci.pt\/en\/wp-json\/wp\/v2\/comments?post=39792"}],"version-history":[{"count":0,"href":"https:\/\/terracallaeci.pt\/en\/wp-json\/wp\/v2\/posts\/39792\/revisions"}],"wp:featuredmedia":[{"embeddable":true,"href":"https:\/\/terracallaeci.pt\/en\/wp-json\/wp\/v2\/media\/39793"}],"wp:attachment":[{"href":"https:\/\/terracallaeci.pt\/en\/wp-json\/wp\/v2\/media?parent=39792"}],"wp:term":[{"taxonomy":"category","embeddable":true,"href":"https:\/\/terracallaeci.pt\/en\/wp-json\/wp\/v2\/categories?post=39792"},{"taxonomy":"post_tag","embeddable":true,"href":"https:\/\/terracallaeci.pt\/en\/wp-json\/wp\/v2\/tags?post=39792"}],"curies":[{"name":"wp","href":"https:\/\/api.w.org\/{rel}","templated":true}]}}