{"id":39746,"date":"2024-01-20T15:33:12","date_gmt":"2024-01-20T15:33:12","guid":{"rendered":"https:\/\/terracallaeci.pt\/?p=39746"},"modified":"2025-02-21T09:51:50","modified_gmt":"2025-02-21T09:51:50","slug":"em-vila-grande-de-dornelas-a-tradicao-ainda-e-o-que-era","status":"publish","type":"post","link":"https:\/\/terracallaeci.pt\/en\/2024\/01\/em-vila-grande-de-dornelas-a-tradicao-ainda-e-o-que-era\/","title":{"rendered":"In Vila Grande de Dornelas, tradition is still what it used to be"},"content":{"rendered":"<p style=\"font-size:18px\">Entertainment in Vila Grande de Dornelas as part of the Feast of St Sebastian. A community celebration that attracts thousands of people to Boticas every year. Read the story <a href=\"https:\/\/terracallaeci.pt\/en\/2024\/01\/festa-de-s-sebastiao-em-vila-grande-de-dornelas\/\">here.<\/a><\/p>\n\n\n\n<div style=\"height:20px\" aria-hidden=\"true\" class=\"wp-block-spacer\"><\/div>\n\n\n<div id=\"altit-1480691217\"><div class=\"altit-adlabel\">PUB<\/div><div id=\"altit-675497772\"><a href=\"https:\/\/terracallaeci.pt\/en\/corguinho\/\" target=\"_blank\" aria-label=\"CorguinhoII\"><img loading=\"lazy\" decoding=\"async\" src=\"https:\/\/terracallaeci.pt\/wp-content\/uploads\/2021\/08\/CorguinhoII.gif\" alt=\"\"  width=\"728\" height=\"130\"   \/><\/a><\/div><\/div>","protected":false},"excerpt":{"rendered":"<p>Anima\u00e7\u00e3o em Vila Grande de Dornelas no \u00e2mbito da Festa de S\u00e3o Sebasti\u00e3o. Uma celebra\u00e7\u00e3o de cariz comunit\u00e1rio que atrai todos os anos milhares de pessoas at\u00e9 Boticas. Conhe\u00e7a a est\u00f3ria aqui.<\/p>","protected":false},"author":1,"featured_media":39747,"comment_status":"open","ping_status":"open","sticky":false,"template":"","format":"video","meta":{"footnotes":""},"categories":[7695,3],"tags":[7698],"class_list":{"0":"post-39746","1":"post","2":"type-post","3":"status-publish","4":"format-video","5":"has-post-thumbnail","7":"category-blog","8":"category-divulgacao","9":"tag-blog","10":"post_format-post-format-video"},"_links":{"self":[{"href":"https:\/\/terracallaeci.pt\/en\/wp-json\/wp\/v2\/posts\/39746","targetHints":{"allow":["GET"]}}],"collection":[{"href":"https:\/\/terracallaeci.pt\/en\/wp-json\/wp\/v2\/posts"}],"about":[{"href":"https:\/\/terracallaeci.pt\/en\/wp-json\/wp\/v2\/types\/post"}],"author":[{"embeddable":true,"href":"https:\/\/terracallaeci.pt\/en\/wp-json\/wp\/v2\/users\/1"}],"replies":[{"embeddable":true,"href":"https:\/\/terracallaeci.pt\/en\/wp-json\/wp\/v2\/comments?post=39746"}],"version-history":[{"count":0,"href":"https:\/\/terracallaeci.pt\/en\/wp-json\/wp\/v2\/posts\/39746\/revisions"}],"wp:featuredmedia":[{"embeddable":true,"href":"https:\/\/terracallaeci.pt\/en\/wp-json\/wp\/v2\/media\/39747"}],"wp:attachment":[{"href":"https:\/\/terracallaeci.pt\/en\/wp-json\/wp\/v2\/media?parent=39746"}],"wp:term":[{"taxonomy":"category","embeddable":true,"href":"https:\/\/terracallaeci.pt\/en\/wp-json\/wp\/v2\/categories?post=39746"},{"taxonomy":"post_tag","embeddable":true,"href":"https:\/\/terracallaeci.pt\/en\/wp-json\/wp\/v2\/tags?post=39746"}],"curies":[{"name":"wp","href":"https:\/\/api.w.org\/{rel}","templated":true}]}}