{"id":39701,"date":"2023-10-05T10:14:07","date_gmt":"2023-10-05T09:14:07","guid":{"rendered":"https:\/\/terracallaeci.pt\/?p=39701"},"modified":"2025-02-21T10:09:58","modified_gmt":"2025-02-21T10:09:58","slug":"ouro-sobre-azul","status":"publish","type":"post","link":"https:\/\/terracallaeci.pt\/en\/2023\/10\/ouro-sobre-azul\/","title":{"rendered":"Gold on blue"},"content":{"rendered":"<p style=\"font-size:18px\">Built in the second half of the 17th century, the Miseric\u00f3rdia Church in Chaves is a beautiful example of Baroque architecture, characterised by its exuberance, theatricality and movement of forms. Find out more in Terra Callaeci's new segment dedicated to the Church of Miseric\u00f3rdia de Chaves <a href=\"https:\/\/terracallaeci.pt\/en\/2023\/10\/igreja-da-misericordia-de-chaves\/\">here.<\/a><\/p>\n\n\n\n<div style=\"height:20px\" aria-hidden=\"true\" class=\"wp-block-spacer\"><\/div>\n\n\n<div id=\"altit-2233252808\"><div class=\"altit-adlabel\">PUB<\/div><div id=\"altit-54875533\"><a href=\"https:\/\/terracallaeci.pt\/en\/corguinho\/\" target=\"_blank\" aria-label=\"CorguinhoII\"><img loading=\"lazy\" decoding=\"async\" src=\"https:\/\/terracallaeci.pt\/wp-content\/uploads\/2021\/08\/CorguinhoII.gif\" alt=\"\"  width=\"728\" height=\"130\"   \/><\/a><\/div><\/div>","protected":false},"excerpt":{"rendered":"<p>Levantada na segunda metade do s\u00e9culo XVII, a Igreja da Miseric\u00f3rdia de Chaves \u00e9 um belo exemplar da arquitetura barroca, caraterizada pela exuber\u00e2ncia, teatralidade e movimento das formas. Saiba mais no novo segmento do Terra Callaeci dedicado \u00e0 Igreja da Miseric\u00f3rdia de Chaves aqui.<\/p>","protected":false},"author":1,"featured_media":39684,"comment_status":"open","ping_status":"open","sticky":false,"template":"","format":"standard","meta":{"footnotes":""},"categories":[7695,3],"tags":[7698,7718],"class_list":{"0":"post-39701","1":"post","2":"type-post","3":"status-publish","4":"format-standard","5":"has-post-thumbnail","7":"category-blog","8":"category-divulgacao","9":"tag-blog","10":"tag-igreja-da-misericordia-de-chaves"},"_links":{"self":[{"href":"https:\/\/terracallaeci.pt\/en\/wp-json\/wp\/v2\/posts\/39701","targetHints":{"allow":["GET"]}}],"collection":[{"href":"https:\/\/terracallaeci.pt\/en\/wp-json\/wp\/v2\/posts"}],"about":[{"href":"https:\/\/terracallaeci.pt\/en\/wp-json\/wp\/v2\/types\/post"}],"author":[{"embeddable":true,"href":"https:\/\/terracallaeci.pt\/en\/wp-json\/wp\/v2\/users\/1"}],"replies":[{"embeddable":true,"href":"https:\/\/terracallaeci.pt\/en\/wp-json\/wp\/v2\/comments?post=39701"}],"version-history":[{"count":0,"href":"https:\/\/terracallaeci.pt\/en\/wp-json\/wp\/v2\/posts\/39701\/revisions"}],"wp:featuredmedia":[{"embeddable":true,"href":"https:\/\/terracallaeci.pt\/en\/wp-json\/wp\/v2\/media\/39684"}],"wp:attachment":[{"href":"https:\/\/terracallaeci.pt\/en\/wp-json\/wp\/v2\/media?parent=39701"}],"wp:term":[{"taxonomy":"category","embeddable":true,"href":"https:\/\/terracallaeci.pt\/en\/wp-json\/wp\/v2\/categories?post=39701"},{"taxonomy":"post_tag","embeddable":true,"href":"https:\/\/terracallaeci.pt\/en\/wp-json\/wp\/v2\/tags?post=39701"}],"curies":[{"name":"wp","href":"https:\/\/api.w.org\/{rel}","templated":true}]}}