{"id":39700,"date":"2023-09-29T09:44:17","date_gmt":"2023-09-29T08:44:17","guid":{"rendered":"https:\/\/terracallaeci.pt\/?p=39700"},"modified":"2025-02-21T10:10:55","modified_gmt":"2025-02-21T10:10:55","slug":"novo-segmento-dedicado-ao-castelo-de-chaves","status":"publish","type":"post","link":"https:\/\/terracallaeci.pt\/en\/2023\/09\/novo-segmento-dedicado-ao-castelo-de-chaves\/","title":{"rendered":"New segment dedicated to the Castle of Chaves"},"content":{"rendered":"<p style=\"font-size:18px\">The medieval castle, of which part of the wall and the 28-metre keep remain, was built on the foundations of the Roman walls that surrounded the town. It underwent improvements at the time of the Suevi, Alans, Visigoths and Muslims who conquered the fortification in 713. Find out more in Terra Callaeci's new segment dedicated to the Castle of Chaves. <a href=\"https:\/\/terracallaeci.pt\/en\/2023\/09\/castelo-de-chaves\/\">here. <\/a><\/p>\n\n\n\n<div style=\"height:20px\" aria-hidden=\"true\" class=\"wp-block-spacer\"><\/div>\n\n\n<div id=\"altit-3783113088\"><div class=\"altit-adlabel\">PUB<\/div><div id=\"altit-4270508163\"><a href=\"https:\/\/terracallaeci.pt\/en\/corguinho\/\" target=\"_blank\" aria-label=\"CorguinhoII\"><img loading=\"lazy\" decoding=\"async\" src=\"https:\/\/terracallaeci.pt\/wp-content\/uploads\/2021\/08\/CorguinhoII.gif\" alt=\"\"  width=\"728\" height=\"130\"   \/><\/a><\/div><\/div>","protected":false},"excerpt":{"rendered":"<p>O castelo medieval, de que resta parte da muralha e a torre de menagem com 28 metros, foi constru\u00eddo sobre os alicerces das muralhas romanas que envolviam a povoa\u00e7\u00e3o. Tendo sido submetido a melhoramentos ao tempo dos Suevos, Alanos, Visigodos e Mu\u00e7ulmanos que conquistaram a fortifica\u00e7\u00e3o no ano de 713. Saiba mais no novo segmento [&hellip;]<\/p>\n","protected":false},"author":1,"featured_media":39665,"comment_status":"open","ping_status":"open","sticky":false,"template":"","format":"video","meta":{"footnotes":""},"categories":[7695,3],"tags":[7698,7717],"class_list":{"0":"post-39700","1":"post","2":"type-post","3":"status-publish","4":"format-video","5":"has-post-thumbnail","7":"category-blog","8":"category-divulgacao","9":"tag-blog","10":"tag-castelo-de-chaves","11":"post_format-post-format-video"},"_links":{"self":[{"href":"https:\/\/terracallaeci.pt\/en\/wp-json\/wp\/v2\/posts\/39700","targetHints":{"allow":["GET"]}}],"collection":[{"href":"https:\/\/terracallaeci.pt\/en\/wp-json\/wp\/v2\/posts"}],"about":[{"href":"https:\/\/terracallaeci.pt\/en\/wp-json\/wp\/v2\/types\/post"}],"author":[{"embeddable":true,"href":"https:\/\/terracallaeci.pt\/en\/wp-json\/wp\/v2\/users\/1"}],"replies":[{"embeddable":true,"href":"https:\/\/terracallaeci.pt\/en\/wp-json\/wp\/v2\/comments?post=39700"}],"version-history":[{"count":0,"href":"https:\/\/terracallaeci.pt\/en\/wp-json\/wp\/v2\/posts\/39700\/revisions"}],"wp:featuredmedia":[{"embeddable":true,"href":"https:\/\/terracallaeci.pt\/en\/wp-json\/wp\/v2\/media\/39665"}],"wp:attachment":[{"href":"https:\/\/terracallaeci.pt\/en\/wp-json\/wp\/v2\/media?parent=39700"}],"wp:term":[{"taxonomy":"category","embeddable":true,"href":"https:\/\/terracallaeci.pt\/en\/wp-json\/wp\/v2\/categories?post=39700"},{"taxonomy":"post_tag","embeddable":true,"href":"https:\/\/terracallaeci.pt\/en\/wp-json\/wp\/v2\/tags?post=39700"}],"curies":[{"name":"wp","href":"https:\/\/api.w.org\/{rel}","templated":true}]}}