{"id":39683,"date":"2023-10-03T16:37:59","date_gmt":"2023-10-03T15:37:59","guid":{"rendered":"https:\/\/terracallaeci.pt\/?p=39683"},"modified":"2024-05-19T09:28:51","modified_gmt":"2024-05-19T08:28:51","slug":"igreja-da-misericordia-de-chaves","status":"publish","type":"post","link":"https:\/\/terracallaeci.pt\/en\/2023\/10\/igreja-da-misericordia-de-chaves\/","title":{"rendered":"Church of Miseric\u00f3rdia de Chaves"},"content":{"rendered":"<p style=\"font-size:18px\">Built in the second half of the 17th century, the Church of Miseric\u00f3rdia de Chaves is a fine example of Baroque architecture, characterised by its exuberance, theatricality and movement of forms. This is evident in the carved motifs on the granite fa\u00e7ade and the profusely decorated gilded altarpiece.<\/p>\n\n\n\n<blockquote class=\"wp-block-quote is-layout-flow wp-block-quote-is-layout-flow\">\n<p>The church's interior is decorated with impressive tiles.<\/p>\n<\/blockquote>\n\n\n\n<figure class=\"wp-block-image size-full\"><img loading=\"lazy\" decoding=\"async\" width=\"1125\" height=\"1500\" src=\"https:\/\/terracallaeci.pt\/wp-content\/uploads\/2023\/10\/IMG_2370-Edit_2.jpg\" alt=\"\" class=\"wp-image-39695\" srcset=\"https:\/\/terracallaeci.pt\/wp-content\/uploads\/2023\/10\/IMG_2370-Edit_2.jpg 1125w, https:\/\/terracallaeci.pt\/wp-content\/uploads\/2023\/10\/IMG_2370-Edit_2-225x300.jpg 225w, https:\/\/terracallaeci.pt\/wp-content\/uploads\/2023\/10\/IMG_2370-Edit_2-768x1024.jpg 768w, https:\/\/terracallaeci.pt\/wp-content\/uploads\/2023\/10\/IMG_2370-Edit_2-9x12.jpg 9w, https:\/\/terracallaeci.pt\/wp-content\/uploads\/2023\/10\/IMG_2370-Edit_2-150x200.jpg 150w, https:\/\/terracallaeci.pt\/wp-content\/uploads\/2023\/10\/IMG_2370-Edit_2-300x400.jpg 300w, https:\/\/terracallaeci.pt\/wp-content\/uploads\/2023\/10\/IMG_2370-Edit_2-696x928.jpg 696w, https:\/\/terracallaeci.pt\/wp-content\/uploads\/2023\/10\/IMG_2370-Edit_2-1068x1424.jpg 1068w, https:\/\/terracallaeci.pt\/wp-content\/uploads\/2023\/10\/IMG_2370-Edit_2-315x420.jpg 315w\" sizes=\"auto, (max-width: 1125px) 100vw, 1125px\" \/><figcaption class=\"wp-element-caption\">Igreja da Miseric\u00f3rdia de Chaves. Foto TR\/TC<\/figcaption><\/figure>\n\n\n\n<p style=\"font-size:18px\">The nave of the church has walls covered in 18th century tiles, attributed to the workshop of the Oliveira Bernardes family, which are impressive for their quality and size. The ceiling is painted with a scene of the Visitation, realised in 1743 by the painter Jer\u00f3nimo da Rocha Braga.<\/p>\n\n\n\n<figure class=\"wp-block-image size-full\"><img loading=\"lazy\" decoding=\"async\" width=\"1125\" height=\"1500\" src=\"https:\/\/terracallaeci.pt\/wp-content\/uploads\/2023\/10\/IMG_3467-Edit.jpg\" alt=\"\" class=\"wp-image-39687\" style=\"object-fit:cover\" srcset=\"https:\/\/terracallaeci.pt\/wp-content\/uploads\/2023\/10\/IMG_3467-Edit.jpg 1125w, https:\/\/terracallaeci.pt\/wp-content\/uploads\/2023\/10\/IMG_3467-Edit-225x300.jpg 225w, https:\/\/terracallaeci.pt\/wp-content\/uploads\/2023\/10\/IMG_3467-Edit-768x1024.jpg 768w, https:\/\/terracallaeci.pt\/wp-content\/uploads\/2023\/10\/IMG_3467-Edit-9x12.jpg 9w, https:\/\/terracallaeci.pt\/wp-content\/uploads\/2023\/10\/IMG_3467-Edit-150x200.jpg 150w, https:\/\/terracallaeci.pt\/wp-content\/uploads\/2023\/10\/IMG_3467-Edit-300x400.jpg 300w, https:\/\/terracallaeci.pt\/wp-content\/uploads\/2023\/10\/IMG_3467-Edit-696x928.jpg 696w, https:\/\/terracallaeci.pt\/wp-content\/uploads\/2023\/10\/IMG_3467-Edit-1068x1424.jpg 1068w, https:\/\/terracallaeci.pt\/wp-content\/uploads\/2023\/10\/IMG_3467-Edit-315x420.jpg 315w\" sizes=\"auto, (max-width: 1125px) 100vw, 1125px\" \/><figcaption class=\"wp-element-caption\">Igreja da Miseric\u00f3rdia de Chaves. Foto TR\/TC<\/figcaption><\/figure>\n\n\n\n<p style=\"font-size:18px\">The church is not open to the public on a regular basis, but only on special dates\/occasions.<\/p>\n\n\n\n<p style=\"font-size:26px\">Contact<\/p>\n\n\n\n<p style=\"font-size:18px\">Tel.:<a href=\"tel:(+351)276333122\"> <\/a>(+351) 276 333 122<br>Email: <a href=\"mailto:geral@scmchaves.pt\">geral@scmchaves.pt<\/a><\/p>\n\n\n\n<p style=\"font-size:26px\">Location<\/p>\n\n\n\n<iframe src=\"https:\/\/www.google.com\/maps\/embed?pb=!1m18!1m12!1m3!1d2977.121835903678!2d-7.473923123922494!3d41.739464871257304!2m3!1f0!2f0!3f0!3m2!1i1024!2i768!4f13.1!3m3!1m2!1s0xd3ade663aa04bbd%3A0xf39f7c47bf6edcc4!2sIgreja%20da%20Miseric%C3%B3rdia!5e0!3m2!1spt-PT!2spt!4v1696346392990!5m2!1spt-PT!2spt\" width=\"800\" height=\"400\" style=\"border:0;\" allowfullscreen=\"\" loading=\"lazy\" referrerpolicy=\"no-referrer-when-downgrade\"><\/iframe>\n\n\n\n<div style=\"height:20px\" aria-hidden=\"true\" class=\"wp-block-spacer\"><\/div>\n\n\n<div id=\"altit-3401938412\"><div class=\"altit-adlabel\">PUB<\/div><div id=\"altit-4052772486\"><a href=\"https:\/\/terracallaeci.pt\/en\/corguinho\/\" target=\"_blank\" aria-label=\"CorguinhoII\"><img loading=\"lazy\" decoding=\"async\" src=\"https:\/\/terracallaeci.pt\/wp-content\/uploads\/2021\/08\/CorguinhoII.gif\" alt=\"\"  width=\"728\" height=\"130\"   \/><\/a><\/div><\/div>","protected":false},"excerpt":{"rendered":"<p>Levantada na segunda metade do s\u00e9culo XVII, a Igreja da Miseric\u00f3rdia de Chaves \u00e9 um belo exemplar da arquitetura barroca, caraterizada pela exuber\u00e2ncia, teatralidade e movimento das formas. Evidentes nos motivos esculpidos na fachada em granito e no ret\u00e1bulo de talha dourada profusamente decorado. A igreja guarda no seu interior uma impressionate decora\u00e7\u00e3o em azulejaria. [&hellip;]<\/p>\n","protected":false},"author":6,"featured_media":39696,"comment_status":"open","ping_status":"open","sticky":false,"template":"","format":"standard","meta":{"footnotes":""},"categories":[2],"tags":[3735,5727],"class_list":{"0":"post-39683","1":"post","2":"type-post","3":"status-publish","4":"format-standard","5":"has-post-thumbnail","7":"category-patrimonio","8":"tag-chaves","9":"tag-igrejas"},"_links":{"self":[{"href":"https:\/\/terracallaeci.pt\/en\/wp-json\/wp\/v2\/posts\/39683","targetHints":{"allow":["GET"]}}],"collection":[{"href":"https:\/\/terracallaeci.pt\/en\/wp-json\/wp\/v2\/posts"}],"about":[{"href":"https:\/\/terracallaeci.pt\/en\/wp-json\/wp\/v2\/types\/post"}],"author":[{"embeddable":true,"href":"https:\/\/terracallaeci.pt\/en\/wp-json\/wp\/v2\/users\/6"}],"replies":[{"embeddable":true,"href":"https:\/\/terracallaeci.pt\/en\/wp-json\/wp\/v2\/comments?post=39683"}],"version-history":[{"count":0,"href":"https:\/\/terracallaeci.pt\/en\/wp-json\/wp\/v2\/posts\/39683\/revisions"}],"wp:featuredmedia":[{"embeddable":true,"href":"https:\/\/terracallaeci.pt\/en\/wp-json\/wp\/v2\/media\/39696"}],"wp:attachment":[{"href":"https:\/\/terracallaeci.pt\/en\/wp-json\/wp\/v2\/media?parent=39683"}],"wp:term":[{"taxonomy":"category","embeddable":true,"href":"https:\/\/terracallaeci.pt\/en\/wp-json\/wp\/v2\/categories?post=39683"},{"taxonomy":"post_tag","embeddable":true,"href":"https:\/\/terracallaeci.pt\/en\/wp-json\/wp\/v2\/tags?post=39683"}],"curies":[{"name":"wp","href":"https:\/\/api.w.org\/{rel}","templated":true}]}}