{"id":3966,"date":"2017-02-25T08:53:22","date_gmt":"2017-02-25T08:53:22","guid":{"rendered":"https:\/\/altitudeboticas.pt\/?p=3966"},"modified":"2025-01-25T12:41:07","modified_gmt":"2025-01-25T12:41:07","slug":"rota-das-aldeias","status":"publish","type":"post","link":"https:\/\/terracallaeci.pt\/en\/2017\/02\/rota-das-aldeias\/","title":{"rendered":"TVAP Villages Route"},"content":{"rendered":"<p><span style=\"font-size: 14pt;\">Far from the urgency with which people live in the cities, life in the Terva Valley has a different pace, time slows down and the feeling of constant delay in reaching your destination is diluted by the wise calm with which everything is done, in its own time, in its own space.<\/span><\/p>\n\n\n\n<p><span style=\"font-size: 14pt;\">Here there is still plenty of time for remembrance. On this scale of time where the days seem longer, between the arduous hours of work and the moments of rest, people remember, tell and retell and, in this stubborn desire not to forget, bringing the past into the present, they resist by creating new spaces, new times, new identities and new voices.<\/span><\/p>\n\n\n\n<blockquote class=\"wp-block-quote is-layout-flow wp-block-quote-is-layout-flow\">\n<p>THE TVAP INTERPRETATION CENTRE PROVIDES ADDITIONAL INFORMATION ON HOW TO FOLLOW THIS ROUTE.<\/p>\n<\/blockquote>\n\n\n\n<p><span style=\"font-size: 14pt;\">It is in this repetition\/reconstruction of memories that we find the villages of Ard\u00e3os, Nogueira, Bobadela, Sapelos and Sapi\u00e3os, immersed in unique, authentic values, making those who pass through and experience at least one day of life in the villages never forget them.<\/span><\/p>\n\n\n\n<h2 class=\"wp-block-heading\" id=\"h-ard-os\">Ard\u00e3os<\/h2>\n\n\n\n<p><span style=\"font-size: 14pt;\">Situated at the foot of the Serra do Pindo, the village of Ard\u00e3os is one of the largest agricultural plots on the north-western edge of the headwaters of the River Terva, which its inhabitants continue to exploit as the main resource of their agro-pastoral economy. At the same time, Ard\u00e3os is located on the route of an ancestral communication route of the Barros\u00e3o plateau, corresponding in Roman times to the Via XVII, which connected <em>Bracara Augusta<\/em> (Braga) to <em>Asturica August  (<\/em>Astorga), via <em>Aquae Flaviae<\/em> (Chaves).<\/span><\/p>\n\n\n<div class=\"wp-block-image size-full wp-image-3976\">\n<figure class=\"aligncenter\"><img loading=\"lazy\" decoding=\"async\" width=\"2000\" height=\"1333\" src=\"https:\/\/terracallaeci.pt\/wp-content\/uploads\/2017\/02\/SAM_5191.jpg\" alt=\"rota-das-aldeias\" class=\"wp-image-3976\" srcset=\"https:\/\/terracallaeci.pt\/wp-content\/uploads\/2017\/02\/SAM_5191.jpg 2000w, https:\/\/terracallaeci.pt\/wp-content\/uploads\/2017\/02\/SAM_5191-300x200.jpg 300w, https:\/\/terracallaeci.pt\/wp-content\/uploads\/2017\/02\/SAM_5191-1024x682.jpg 1024w, https:\/\/terracallaeci.pt\/wp-content\/uploads\/2017\/02\/SAM_5191-768x512.jpg 768w, https:\/\/terracallaeci.pt\/wp-content\/uploads\/2017\/02\/SAM_5191-1536x1024.jpg 1536w, https:\/\/terracallaeci.pt\/wp-content\/uploads\/2017\/02\/SAM_5191-150x100.jpg 150w, https:\/\/terracallaeci.pt\/wp-content\/uploads\/2017\/02\/SAM_5191-696x464.jpg 696w, https:\/\/terracallaeci.pt\/wp-content\/uploads\/2017\/02\/SAM_5191-1068x712.jpg 1068w, https:\/\/terracallaeci.pt\/wp-content\/uploads\/2017\/02\/SAM_5191-1920x1280.jpg 1920w, https:\/\/terracallaeci.pt\/wp-content\/uploads\/2017\/02\/SAM_5191-630x420.jpg 630w\" sizes=\"auto, (max-width: 2000px) 100vw, 2000px\" \/><figcaption class=\"wp-element-caption\">People's Oven of Ard\u00e3os. Photo TR\/TC<\/figcaption><\/figure>\n<\/div>\n\n\n<p><span style=\"font-size: 14pt;\">The urban centre retains its houses of traditional architecture, with narrow, winding streets that converge into small public squares, establishing a model of medieval origin.<\/span><\/p>\n\n\n\n<p><span style=\"font-size: 14pt;\"><strong>To visit<\/strong>&nbsp;Chapel of S\u00e3o Roque, Chapel of Santo Ant\u00f3nio, Parish Church, Sanctuary of Senhora das Neves, \u2018Forno do Povo\u2019 (People's Oven), Diving Fountains, Cross, Traditional Houses.<\/span><\/p>\n\n\n\n<h2 class=\"wp-block-heading\" id=\"h-bobadela\">Bobadela<\/h2>\n\n\n\n<p><span style=\"font-size: 14pt;\">The village of Bobadela is located on a small hill at the foot of the eastern slope of the Leiranco mountain range, nestling between meadows, fields and woods. Its location on the edge of the valley is closely linked to the agro-silvo-pastoral exploitation common to all the villages in the Terva Valley.<\/span><\/p>\n\n\n<div class=\"wp-block-image size-full wp-image-23948\">\n<figure class=\"aligncenter\"><img loading=\"lazy\" decoding=\"async\" width=\"2000\" height=\"1333\" src=\"https:\/\/terracallaeci.pt\/wp-content\/uploads\/2017\/02\/SAM_6080.jpg\" alt=\"patrimonio\" class=\"wp-image-23948\" srcset=\"https:\/\/terracallaeci.pt\/wp-content\/uploads\/2017\/02\/SAM_6080.jpg 2000w, https:\/\/terracallaeci.pt\/wp-content\/uploads\/2017\/02\/SAM_6080-300x200.jpg 300w, https:\/\/terracallaeci.pt\/wp-content\/uploads\/2017\/02\/SAM_6080-1024x682.jpg 1024w, https:\/\/terracallaeci.pt\/wp-content\/uploads\/2017\/02\/SAM_6080-768x512.jpg 768w, https:\/\/terracallaeci.pt\/wp-content\/uploads\/2017\/02\/SAM_6080-1536x1024.jpg 1536w, https:\/\/terracallaeci.pt\/wp-content\/uploads\/2017\/02\/SAM_6080-150x100.jpg 150w, https:\/\/terracallaeci.pt\/wp-content\/uploads\/2017\/02\/SAM_6080-696x464.jpg 696w, https:\/\/terracallaeci.pt\/wp-content\/uploads\/2017\/02\/SAM_6080-1068x712.jpg 1068w, https:\/\/terracallaeci.pt\/wp-content\/uploads\/2017\/02\/SAM_6080-1920x1280.jpg 1920w, https:\/\/terracallaeci.pt\/wp-content\/uploads\/2017\/02\/SAM_6080-630x420.jpg 630w\" sizes=\"auto, (max-width: 2000px) 100vw, 2000px\" \/><figcaption class=\"wp-element-caption\">Detail of Casa dos Arcos. Photo TR\/TC<\/figcaption><\/figure>\n<\/div>\n\n\n<p><span style=\"font-size: 14pt;\">Maintaining its medieval planimetry, the village still has streets orientated around small public squares, where the daily routes of work and rest intersect and where, when the sharing of responsibilities requires it, things of common interest are decided.<\/span><\/p>\n\n\n<div class=\"wp-block-image size-full wp-image-31301\">\n<figure class=\"aligncenter\"><img loading=\"lazy\" decoding=\"async\" width=\"1500\" height=\"1000\" src=\"https:\/\/terracallaeci.pt\/wp-content\/uploads\/2017\/02\/tela2b.jpg\" alt=\"\" class=\"wp-image-31301\" srcset=\"https:\/\/terracallaeci.pt\/wp-content\/uploads\/2017\/02\/tela2b.jpg 1500w, https:\/\/terracallaeci.pt\/wp-content\/uploads\/2017\/02\/tela2b-300x200.jpg 300w, https:\/\/terracallaeci.pt\/wp-content\/uploads\/2017\/02\/tela2b-1024x683.jpg 1024w, https:\/\/terracallaeci.pt\/wp-content\/uploads\/2017\/02\/tela2b-768x512.jpg 768w, https:\/\/terracallaeci.pt\/wp-content\/uploads\/2017\/02\/tela2b-150x100.jpg 150w, https:\/\/terracallaeci.pt\/wp-content\/uploads\/2017\/02\/tela2b-696x464.jpg 696w, https:\/\/terracallaeci.pt\/wp-content\/uploads\/2017\/02\/tela2b-1068x712.jpg 1068w, https:\/\/terracallaeci.pt\/wp-content\/uploads\/2017\/02\/tela2b-630x420.jpg 630w\" sizes=\"auto, (max-width: 1500px) 100vw, 1500px\" \/><figcaption class=\"wp-element-caption\">TVAP Interpretation Centre. Photo TR\/TC<\/figcaption><\/figure>\n<\/div>\n\n\n<p><span style=\"font-size: 14pt;\">Here in Bobadela, the know-how, refined by centuries-old practices and passed down from generation to generation, is materialised in countless pieces and tools for everyday use that the local people lovingly preserve and display in the Casa das Mem\u00f3rias (former Rural Museum). The Interpretation Centre of the Terva Valley Archaeological Park has also been installed here, adapting the old parish house.<\/span><\/p>\n\n\n\n<p><span style=\"font-size: 14pt;\"><strong>To visit<\/strong>&nbsp;Parish Church, Chapel of S\u00e3o Louren\u00e7o, House of Memories, House of the Macedo family, Cross, Traditional houses, \u2018Forno do Povo\u2019 (People's Oven), Sundial, Manueline Window, Turning Mills.<\/span><\/p>\n\n\n\n<h2 class=\"wp-block-heading entry-title\" id=\"h-nogueira\">Nogueira<\/h2>\n\n\n\n<p><span style=\"font-size: 14pt;\">The village of Nogueira is located at the foot of the eastern slope of the Serra do Leiranco, about 1 kilometre from the village of Bobadela, to which it has been linked since the foundation of the municipality of Boticas in 1836.<\/span><\/p>\n\n\n<div class=\"wp-block-image size-full wp-image-31289\">\n<figure class=\"aligncenter is-resized\"><img loading=\"lazy\" decoding=\"async\" width=\"1280\" height=\"853\" src=\"https:\/\/terracallaeci.pt\/wp-content\/uploads\/2017\/02\/SAM_7017-1.jpg\" alt=\"\" class=\"wp-image-31289\" style=\"width:1280px\" srcset=\"https:\/\/terracallaeci.pt\/wp-content\/uploads\/2017\/02\/SAM_7017-1.jpg 1280w, https:\/\/terracallaeci.pt\/wp-content\/uploads\/2017\/02\/SAM_7017-1-300x200.jpg 300w, https:\/\/terracallaeci.pt\/wp-content\/uploads\/2017\/02\/SAM_7017-1-1024x682.jpg 1024w, https:\/\/terracallaeci.pt\/wp-content\/uploads\/2017\/02\/SAM_7017-1-768x512.jpg 768w, https:\/\/terracallaeci.pt\/wp-content\/uploads\/2017\/02\/SAM_7017-1-150x100.jpg 150w, https:\/\/terracallaeci.pt\/wp-content\/uploads\/2017\/02\/SAM_7017-1-696x464.jpg 696w, https:\/\/terracallaeci.pt\/wp-content\/uploads\/2017\/02\/SAM_7017-1-1068x712.jpg 1068w, https:\/\/terracallaeci.pt\/wp-content\/uploads\/2017\/02\/SAM_7017-1-630x420.jpg 630w\" sizes=\"auto, (max-width: 1280px) 100vw, 1280px\" \/><figcaption class=\"wp-element-caption\">Village of Nogueira. Photo TR\/TC<\/figcaption><\/figure>\n<\/div>\n\n\n<p><span style=\"font-size: 14pt;\">Overlooking the farmland that stretches down into the valley, its traditional houses cluster around an intricate network of streets and lanes that unexpectedly end in the surrounding fields.<\/span><\/p>\n\n\n\n<p><span style=\"font-size: 14pt;\">The Lamas do Boi do Povo are auctioned off in Nogueira every year or every five years.<\/span><\/p>\n\n\n\n<p><span style=\"font-size: 14pt;\"><strong>To visit<\/strong>&nbsp;Chapel of S\u00e3o Mamede, Chapel of S\u00e3o Caetano, Calv\u00e1rio, \u2018Forno do Povo\u2019 (People's Oven).<\/span><\/p>\n\n\n\n<h2 class=\"wp-block-heading entry-title\" id=\"h-sapelos\">Sapelos<\/h2>\n\n\n\n<p><span style=\"font-size: 14pt;\">The village of Sapelos is located at the foot of the western slope of the Serra do Facho, on the eastern edge of the Terva Valley, dominating the wide and fertile farmland on the left bank of the River Terva. Two important and ancient communication routes converged there, from Arcos and Be\u00e7a, which at Sapelos branched off to Chaves, through the T\u00e2mega valley.<\/span><\/p>\n\n\n<div class=\"wp-block-image size-full wp-image-31299\">\n<figure class=\"aligncenter\"><img loading=\"lazy\" decoding=\"async\" width=\"2000\" height=\"1333\" src=\"https:\/\/terracallaeci.pt\/wp-content\/uploads\/2017\/02\/SAM_6603-1.jpg\" alt=\"\" class=\"wp-image-31299\" srcset=\"https:\/\/terracallaeci.pt\/wp-content\/uploads\/2017\/02\/SAM_6603-1.jpg 2000w, https:\/\/terracallaeci.pt\/wp-content\/uploads\/2017\/02\/SAM_6603-1-300x200.jpg 300w, https:\/\/terracallaeci.pt\/wp-content\/uploads\/2017\/02\/SAM_6603-1-1024x682.jpg 1024w, https:\/\/terracallaeci.pt\/wp-content\/uploads\/2017\/02\/SAM_6603-1-768x512.jpg 768w, https:\/\/terracallaeci.pt\/wp-content\/uploads\/2017\/02\/SAM_6603-1-1536x1024.jpg 1536w, https:\/\/terracallaeci.pt\/wp-content\/uploads\/2017\/02\/SAM_6603-1-150x100.jpg 150w, https:\/\/terracallaeci.pt\/wp-content\/uploads\/2017\/02\/SAM_6603-1-696x464.jpg 696w, https:\/\/terracallaeci.pt\/wp-content\/uploads\/2017\/02\/SAM_6603-1-1068x712.jpg 1068w, https:\/\/terracallaeci.pt\/wp-content\/uploads\/2017\/02\/SAM_6603-1-1920x1280.jpg 1920w, https:\/\/terracallaeci.pt\/wp-content\/uploads\/2017\/02\/SAM_6603-1-630x420.jpg 630w\" sizes=\"auto, (max-width: 2000px) 100vw, 2000px\" \/><figcaption class=\"wp-element-caption\">Casa do Portal. Photo TR\/TC<\/figcaption><\/figure>\n<\/div>\n\n\n<p><span style=\"font-size: 14pt;\">Still composed of the traditional granite houses, which run lengthways along the old road, some of the buildings in Sapelos have a more refined architecture, which can be seen in some of the portals with neoclassical decoration.<\/span><\/p>\n\n\n\n<p><span style=\"font-size: 14pt;\"><strong>To visit<\/strong>&nbsp;Chapel of Santo Amaro, Casa do Portal, Cruzeiro, \u2018Forno do Povo\u2019 (People's Oven), Sanctuary of Senhor dos Milagres.<\/span><\/p>\n\n\n\n<h2 class=\"wp-block-heading entry-title\" id=\"h-sapi-os\">Sapi\u00e3os<\/h2>\n\n\n\n<p><span style=\"font-size: 14pt;\">The village of Sapi\u00e3os is located at the foot of the southeastern slope of the Serra do Leiranco, linking Chaves to Braga through the interior of Minho, via Be\u00e7a and Cabeceiras de Basto, in a strategic location that also serves the current connection to Montalegre. It retains its rural surroundings of fields and woods, long linked to the agro-silvo-pastoral economy that characterises this entire region.<\/span><\/p>\n\n\n<div class=\"wp-block-image wp-image-31296 size-full\">\n<figure class=\"aligncenter\"><img loading=\"lazy\" decoding=\"async\" width=\"1280\" height=\"853\" src=\"https:\/\/terracallaeci.pt\/wp-content\/uploads\/2017\/02\/SAM_5689-1.jpg\" alt=\"\" class=\"wp-image-31296\" srcset=\"https:\/\/terracallaeci.pt\/wp-content\/uploads\/2017\/02\/SAM_5689-1.jpg 1280w, https:\/\/terracallaeci.pt\/wp-content\/uploads\/2017\/02\/SAM_5689-1-300x200.jpg 300w, https:\/\/terracallaeci.pt\/wp-content\/uploads\/2017\/02\/SAM_5689-1-1024x682.jpg 1024w, https:\/\/terracallaeci.pt\/wp-content\/uploads\/2017\/02\/SAM_5689-1-768x512.jpg 768w, https:\/\/terracallaeci.pt\/wp-content\/uploads\/2017\/02\/SAM_5689-1-150x100.jpg 150w, https:\/\/terracallaeci.pt\/wp-content\/uploads\/2017\/02\/SAM_5689-1-696x464.jpg 696w, https:\/\/terracallaeci.pt\/wp-content\/uploads\/2017\/02\/SAM_5689-1-1068x712.jpg 1068w, https:\/\/terracallaeci.pt\/wp-content\/uploads\/2017\/02\/SAM_5689-1-630x420.jpg 630w\" sizes=\"auto, (max-width: 1280px) 100vw, 1280px\" \/><figcaption class=\"wp-element-caption\">Village of Sapi\u00f5es. Photo TR\/TC<\/figcaption><\/figure>\n<\/div>\n\n\n<p><span style=\"font-size: 14pt;\">The traditional granite houses are arranged along the hillside, organising narrow, winding streets, preserving the morphology of medieval origin, here marked by the crossing of the old road link.<\/span><\/p>\n\n\n\n<p><span style=\"font-size: 14pt;\">Some monuments from medieval times remain, such as the late Romanesque chapel in the village cemetery or the anthropomorphic graves in the place of P\u00e1ssaros.<\/span><\/p>\n\n\n<div class=\"wp-block-image wp-image-29986 size-full\">\n<figure class=\"aligncenter\"><img loading=\"lazy\" decoding=\"async\" width=\"2000\" height=\"1333\" src=\"https:\/\/terracallaeci.pt\/wp-content\/uploads\/2017\/02\/necropole_passaros.jpg\" alt=\"necropole-de-passaros\" class=\"wp-image-29986\" srcset=\"https:\/\/terracallaeci.pt\/wp-content\/uploads\/2017\/02\/necropole_passaros.jpg 2000w, https:\/\/terracallaeci.pt\/wp-content\/uploads\/2017\/02\/necropole_passaros-300x200.jpg 300w, https:\/\/terracallaeci.pt\/wp-content\/uploads\/2017\/02\/necropole_passaros-1024x682.jpg 1024w, https:\/\/terracallaeci.pt\/wp-content\/uploads\/2017\/02\/necropole_passaros-768x512.jpg 768w, https:\/\/terracallaeci.pt\/wp-content\/uploads\/2017\/02\/necropole_passaros-1536x1024.jpg 1536w, https:\/\/terracallaeci.pt\/wp-content\/uploads\/2017\/02\/necropole_passaros-150x100.jpg 150w, https:\/\/terracallaeci.pt\/wp-content\/uploads\/2017\/02\/necropole_passaros-696x464.jpg 696w, https:\/\/terracallaeci.pt\/wp-content\/uploads\/2017\/02\/necropole_passaros-1068x712.jpg 1068w, https:\/\/terracallaeci.pt\/wp-content\/uploads\/2017\/02\/necropole_passaros-1920x1280.jpg 1920w, https:\/\/terracallaeci.pt\/wp-content\/uploads\/2017\/02\/necropole_passaros-630x420.jpg 630w\" sizes=\"auto, (max-width: 2000px) 100vw, 2000px\" \/><figcaption class=\"wp-element-caption\">Medieval graves of P\u00e1ssaros. Photo TR\/TC<\/figcaption><\/figure>\n<\/div>\n\n\n<p><span style=\"font-size: 14pt;\"><strong>To visit<\/strong>&nbsp;Parish Church of St Peter, Old Church (Cemetery Chapel), Chapel of Our Lady of the Angels, Calvary, Crosses, medieval graves of P\u00e1ssaros, \u2018Cruz das Almas\u2019, \u2018Pontilh\u00e3o\u2019, Covered Fountain.<\/span><\/p>\n\n\n\n<div style=\"height:20px\" aria-hidden=\"true\" class=\"wp-block-spacer\"><\/div>\n\n\n\n<p style=\"font-size:18px\">More about the Terva Valley Archaeological Park (TVAP)&nbsp;<a href=\"https:\/\/terracallaeci.pt\/en\/2017\/02\/parque-arqueologico-do-vale-do-terva\/\">here.<\/a><\/p>\n\n\n\n<div style=\"height:20px\" aria-hidden=\"true\" class=\"wp-block-spacer\"><\/div>\n\n\n<div id=\"altit-1269547029\"><div class=\"altit-adlabel\">PUB<\/div><div id=\"altit-155937896\"><a href=\"https:\/\/terracallaeci.pt\/en\/corguinho\/\" target=\"_blank\" aria-label=\"CorguinhoII\"><img loading=\"lazy\" decoding=\"async\" src=\"https:\/\/terracallaeci.pt\/wp-content\/uploads\/2021\/08\/CorguinhoII.gif\" alt=\"\"  width=\"728\" height=\"130\"   \/><\/a><\/div><\/div>","protected":false},"excerpt":{"rendered":"<p>Longe da urg\u00eancia com que se vive nas cidades, no Vale do Terva a vida tem outro compasso, o tempo como que dilata e a sensa\u00e7\u00e3o de constante atraso para chegar ao destino dilui-se na sapiente calma com que tudo se faz, a seu tempo, no seu espa\u00e7o. Aqui ainda \u00e9 farto o momento para [&hellip;]<\/p>\n","protected":false},"author":6,"featured_media":21749,"comment_status":"closed","ping_status":"open","sticky":false,"template":"","format":"standard","meta":{"footnotes":""},"categories":[79],"tags":[5096,4172],"class_list":{"0":"post-3966","1":"post","2":"type-post","3":"status-publish","4":"format-standard","5":"has-post-thumbnail","7":"category-pavt","8":"tag-boticas","9":"tag-rotas-do-pavt"},"_links":{"self":[{"href":"https:\/\/terracallaeci.pt\/en\/wp-json\/wp\/v2\/posts\/3966","targetHints":{"allow":["GET"]}}],"collection":[{"href":"https:\/\/terracallaeci.pt\/en\/wp-json\/wp\/v2\/posts"}],"about":[{"href":"https:\/\/terracallaeci.pt\/en\/wp-json\/wp\/v2\/types\/post"}],"author":[{"embeddable":true,"href":"https:\/\/terracallaeci.pt\/en\/wp-json\/wp\/v2\/users\/6"}],"replies":[{"embeddable":true,"href":"https:\/\/terracallaeci.pt\/en\/wp-json\/wp\/v2\/comments?post=3966"}],"version-history":[{"count":0,"href":"https:\/\/terracallaeci.pt\/en\/wp-json\/wp\/v2\/posts\/3966\/revisions"}],"wp:featuredmedia":[{"embeddable":true,"href":"https:\/\/terracallaeci.pt\/en\/wp-json\/wp\/v2\/media\/21749"}],"wp:attachment":[{"href":"https:\/\/terracallaeci.pt\/en\/wp-json\/wp\/v2\/media?parent=3966"}],"wp:term":[{"taxonomy":"category","embeddable":true,"href":"https:\/\/terracallaeci.pt\/en\/wp-json\/wp\/v2\/categories?post=3966"},{"taxonomy":"post_tag","embeddable":true,"href":"https:\/\/terracallaeci.pt\/en\/wp-json\/wp\/v2\/tags?post=3966"}],"curies":[{"name":"wp","href":"https:\/\/api.w.org\/{rel}","templated":true}]}}