{"id":39554,"date":"2023-08-26T10:59:00","date_gmt":"2023-08-26T09:59:00","guid":{"rendered":"https:\/\/terracallaeci.pt\/?p=39554"},"modified":"2024-05-19T09:27:29","modified_gmt":"2024-05-19T08:27:29","slug":"igreja-de-santa-maria-maior-igreja-matriz-de-chaves","status":"publish","type":"post","link":"https:\/\/terracallaeci.pt\/en\/2023\/08\/igreja-de-santa-maria-maior-igreja-matriz-de-chaves\/","title":{"rendered":"Church of Santa Maria Maior"},"content":{"rendered":"<p style=\"font-size:18px\">The first documentary references to this church appear in the Inquiri\u00e7\u00f5es Afonsinas of 1259. The Romanesque temple was possibly built in the 12th century on Visigothic foundations.<\/p>\n\n\n\n<figure class=\"wp-block-image size-full\"><img loading=\"lazy\" decoding=\"async\" width=\"1500\" height=\"2000\" src=\"https:\/\/terracallaeci.pt\/wp-content\/uploads\/2023\/08\/IMG_2351.jpg\" alt=\"\" class=\"wp-image-39557\" srcset=\"https:\/\/terracallaeci.pt\/wp-content\/uploads\/2023\/08\/IMG_2351.jpg 1500w, https:\/\/terracallaeci.pt\/wp-content\/uploads\/2023\/08\/IMG_2351-225x300.jpg 225w, https:\/\/terracallaeci.pt\/wp-content\/uploads\/2023\/08\/IMG_2351-768x1024.jpg 768w, https:\/\/terracallaeci.pt\/wp-content\/uploads\/2023\/08\/IMG_2351-1152x1536.jpg 1152w, https:\/\/terracallaeci.pt\/wp-content\/uploads\/2023\/08\/IMG_2351-9x12.jpg 9w, https:\/\/terracallaeci.pt\/wp-content\/uploads\/2023\/08\/IMG_2351-150x200.jpg 150w, https:\/\/terracallaeci.pt\/wp-content\/uploads\/2023\/08\/IMG_2351-300x400.jpg 300w, https:\/\/terracallaeci.pt\/wp-content\/uploads\/2023\/08\/IMG_2351-696x928.jpg 696w, https:\/\/terracallaeci.pt\/wp-content\/uploads\/2023\/08\/IMG_2351-1068x1424.jpg 1068w, https:\/\/terracallaeci.pt\/wp-content\/uploads\/2023\/08\/IMG_2351-315x420.jpg 315w\" sizes=\"auto, (max-width: 1500px) 100vw, 1500px\" \/><figcaption class=\"wp-element-caption\">Igreja de Santa Maria Maior. Foto TR\/TC<\/figcaption><\/figure>\n\n\n\n<blockquote class=\"wp-block-quote is-layout-flow wp-block-quote-is-layout-flow\">\n<p>The temple has a rich variety of styles.<\/p>\n<\/blockquote>\n\n\n\n<p style=\"font-size:18px\">The medieval, Mannerist and late Baroque church, with a longitudinal floor plan, has three naves and five sections. The bell tower, portico and some sculptures remain from the medieval construction.<\/p>\n\n\n\r\n                <style type=\"text\/css\">\r\n                    \r\n                    #tdi_1  .td-doubleSlider-2 .td-item1 {\r\n                        background: url(https:\/\/terracallaeci.pt\/wp-content\/uploads\/2023\/08\/IMG_2337-80x60.jpg) 0 0 no-repeat;\r\n                    }\r\n                    #tdi_1  .td-doubleSlider-2 .td-item2 {\r\n                        background: url(https:\/\/terracallaeci.pt\/wp-content\/uploads\/2023\/08\/IMG_2351-80x60.jpg) 0 0 no-repeat;\r\n                    }\r\n                    #tdi_1  .td-doubleSlider-2 .td-item3 {\r\n                        background: url(https:\/\/terracallaeci.pt\/wp-content\/uploads\/2023\/08\/IMG_2335-80x60.jpg) 0 0 no-repeat;\r\n                    }\r\n                    #tdi_1  .td-doubleSlider-2 .td-item4 {\r\n                        background: url(https:\/\/terracallaeci.pt\/wp-content\/uploads\/2023\/08\/IMG_2455-80x60.jpg) 0 0 no-repeat;\r\n                    }\r\n                    #tdi_1  .td-doubleSlider-2 .td-item5 {\r\n                        background: url(https:\/\/terracallaeci.pt\/wp-content\/uploads\/2023\/08\/IMG_2501-80x60.jpg) 0 0 no-repeat;\r\n                    }\r\n                <\/style>\r\n\r\n                <div id=\"tdi_1\" class=\"td-gallery td-slide-on-2-columns\">\r\n                    <div class=\"post_td_gallery\">\r\n                        <div class=\"td-gallery-slide-top\">\r\n                           <div class=\"td-gallery-title\">Photos TR\/TC<\/div>\r\n\r\n                            <div class=\"td-gallery-controls-wrapper\">\r\n                                <div class=\"td-gallery-slide-count\"><span class=\"td-gallery-slide-item-focus\">1<\/span> de 5<\/div>\r\n                                <div class=\"td-gallery-slide-prev-next-but\">\r\n                                    <i class = \"td-icon-left doubleSliderPrevButton\"><\/i>\r\n                                    <i class = \"td-icon-right doubleSliderNextButton\"><\/i>\r\n                                <\/div>\r\n                            <\/div>\r\n                        <\/div>\r\n\r\n                        <div class = \"td-doubleSlider-1\">\r\n                            <div class = \"td-slider\">\r\n                                \r\n                    <div class = \"td-slide-item td-item1\">\r\n                        <figure class=\"td-slide-galery-figure td-slide-popup-gallery\">\r\n                            <a class=\"slide-gallery-image-link\" href=\"https:\/\/terracallaeci.pt\/wp-content\/uploads\/2023\/08\/IMG_2337.jpg\" title=\"IMG_2337\"  data-caption=\"\"  data-description=\"\">\r\n                                <img decoding=\"async\" src=\"https:\/\/terracallaeci.pt\/wp-content\/uploads\/2023\/08\/IMG_2337-315x420.jpg\" srcset=\"https:\/\/terracallaeci.pt\/wp-content\/uploads\/2023\/08\/IMG_2337-315x420.jpg 315w, https:\/\/terracallaeci.pt\/wp-content\/uploads\/2023\/08\/IMG_2337-225x300.jpg 225w, https:\/\/terracallaeci.pt\/wp-content\/uploads\/2023\/08\/IMG_2337-768x1024.jpg 768w, https:\/\/terracallaeci.pt\/wp-content\/uploads\/2023\/08\/IMG_2337-1152x1536.jpg 1152w, https:\/\/terracallaeci.pt\/wp-content\/uploads\/2023\/08\/IMG_2337-9x12.jpg 9w, https:\/\/terracallaeci.pt\/wp-content\/uploads\/2023\/08\/IMG_2337-150x200.jpg 150w, https:\/\/terracallaeci.pt\/wp-content\/uploads\/2023\/08\/IMG_2337-300x400.jpg 300w, https:\/\/terracallaeci.pt\/wp-content\/uploads\/2023\/08\/IMG_2337-696x928.jpg 696w, https:\/\/terracallaeci.pt\/wp-content\/uploads\/2023\/08\/IMG_2337-1068x1424.jpg 1068w, https:\/\/terracallaeci.pt\/wp-content\/uploads\/2023\/08\/IMG_2337.jpg 1500w\" sizes=\"(max-width: 315px) 100vw, 315px\" alt=\"\">\r\n                            <\/a>\r\n                            \r\n                        <\/figure>\r\n                    <\/div>\r\n                    <div class = \"td-slide-item td-item2\">\r\n                        <figure class=\"td-slide-galery-figure td-slide-popup-gallery\">\r\n                            <a class=\"slide-gallery-image-link\" href=\"https:\/\/terracallaeci.pt\/wp-content\/uploads\/2023\/08\/IMG_2351.jpg\" title=\"IMG_2351\"  data-caption=\"\"  data-description=\"\">\r\n                                <img decoding=\"async\" src=\"https:\/\/terracallaeci.pt\/wp-content\/uploads\/2023\/08\/IMG_2351-315x420.jpg\" srcset=\"https:\/\/terracallaeci.pt\/wp-content\/uploads\/2023\/08\/IMG_2351-315x420.jpg 315w, https:\/\/terracallaeci.pt\/wp-content\/uploads\/2023\/08\/IMG_2351-225x300.jpg 225w, https:\/\/terracallaeci.pt\/wp-content\/uploads\/2023\/08\/IMG_2351-768x1024.jpg 768w, https:\/\/terracallaeci.pt\/wp-content\/uploads\/2023\/08\/IMG_2351-1152x1536.jpg 1152w, https:\/\/terracallaeci.pt\/wp-content\/uploads\/2023\/08\/IMG_2351-9x12.jpg 9w, https:\/\/terracallaeci.pt\/wp-content\/uploads\/2023\/08\/IMG_2351-150x200.jpg 150w, https:\/\/terracallaeci.pt\/wp-content\/uploads\/2023\/08\/IMG_2351-300x400.jpg 300w, https:\/\/terracallaeci.pt\/wp-content\/uploads\/2023\/08\/IMG_2351-696x928.jpg 696w, https:\/\/terracallaeci.pt\/wp-content\/uploads\/2023\/08\/IMG_2351-1068x1424.jpg 1068w, https:\/\/terracallaeci.pt\/wp-content\/uploads\/2023\/08\/IMG_2351.jpg 1500w\" sizes=\"(max-width: 315px) 100vw, 315px\" alt=\"\">\r\n                            <\/a>\r\n                            \r\n                        <\/figure>\r\n                    <\/div>\r\n                    <div class = \"td-slide-item td-item3\">\r\n                        <figure class=\"td-slide-galery-figure td-slide-popup-gallery\">\r\n                            <a class=\"slide-gallery-image-link\" href=\"https:\/\/terracallaeci.pt\/wp-content\/uploads\/2023\/08\/IMG_2335.jpg\" title=\"IMG_2335\"  data-caption=\"\"  data-description=\"\">\r\n                                <img decoding=\"async\" src=\"https:\/\/terracallaeci.pt\/wp-content\/uploads\/2023\/08\/IMG_2335-315x420.jpg\" srcset=\"https:\/\/terracallaeci.pt\/wp-content\/uploads\/2023\/08\/IMG_2335-315x420.jpg 315w, https:\/\/terracallaeci.pt\/wp-content\/uploads\/2023\/08\/IMG_2335-225x300.jpg 225w, https:\/\/terracallaeci.pt\/wp-content\/uploads\/2023\/08\/IMG_2335-768x1024.jpg 768w, https:\/\/terracallaeci.pt\/wp-content\/uploads\/2023\/08\/IMG_2335-1152x1536.jpg 1152w, https:\/\/terracallaeci.pt\/wp-content\/uploads\/2023\/08\/IMG_2335-9x12.jpg 9w, https:\/\/terracallaeci.pt\/wp-content\/uploads\/2023\/08\/IMG_2335-150x200.jpg 150w, https:\/\/terracallaeci.pt\/wp-content\/uploads\/2023\/08\/IMG_2335-300x400.jpg 300w, https:\/\/terracallaeci.pt\/wp-content\/uploads\/2023\/08\/IMG_2335-696x928.jpg 696w, https:\/\/terracallaeci.pt\/wp-content\/uploads\/2023\/08\/IMG_2335-1068x1424.jpg 1068w, https:\/\/terracallaeci.pt\/wp-content\/uploads\/2023\/08\/IMG_2335.jpg 1500w\" sizes=\"(max-width: 315px) 100vw, 315px\" alt=\"\">\r\n                            <\/a>\r\n                            \r\n                        <\/figure>\r\n                    <\/div>\r\n                    <div class = \"td-slide-item td-item4\">\r\n                        <figure class=\"td-slide-galery-figure td-slide-popup-gallery\">\r\n                            <a class=\"slide-gallery-image-link\" href=\"https:\/\/terracallaeci.pt\/wp-content\/uploads\/2023\/08\/IMG_2455.jpg\" title=\"IMG_2455\"  data-caption=\"\"  data-description=\"\">\r\n                                <img decoding=\"async\" src=\"https:\/\/terracallaeci.pt\/wp-content\/uploads\/2023\/08\/IMG_2455-315x420.jpg\" srcset=\"https:\/\/terracallaeci.pt\/wp-content\/uploads\/2023\/08\/IMG_2455-315x420.jpg 315w, https:\/\/terracallaeci.pt\/wp-content\/uploads\/2023\/08\/IMG_2455-225x300.jpg 225w, https:\/\/terracallaeci.pt\/wp-content\/uploads\/2023\/08\/IMG_2455-768x1024.jpg 768w, https:\/\/terracallaeci.pt\/wp-content\/uploads\/2023\/08\/IMG_2455-1152x1536.jpg 1152w, https:\/\/terracallaeci.pt\/wp-content\/uploads\/2023\/08\/IMG_2455-9x12.jpg 9w, https:\/\/terracallaeci.pt\/wp-content\/uploads\/2023\/08\/IMG_2455-150x200.jpg 150w, https:\/\/terracallaeci.pt\/wp-content\/uploads\/2023\/08\/IMG_2455-300x400.jpg 300w, https:\/\/terracallaeci.pt\/wp-content\/uploads\/2023\/08\/IMG_2455-696x928.jpg 696w, https:\/\/terracallaeci.pt\/wp-content\/uploads\/2023\/08\/IMG_2455-1068x1424.jpg 1068w, https:\/\/terracallaeci.pt\/wp-content\/uploads\/2023\/08\/IMG_2455.jpg 1500w\" sizes=\"(max-width: 315px) 100vw, 315px\" alt=\"\">\r\n                            <\/a>\r\n                            \r\n                        <\/figure>\r\n                    <\/div>\r\n                    <div class = \"td-slide-item td-item5\">\r\n                        <figure class=\"td-slide-galery-figure td-slide-popup-gallery\">\r\n                            <a class=\"slide-gallery-image-link\" href=\"https:\/\/terracallaeci.pt\/wp-content\/uploads\/2023\/08\/IMG_2501.jpg\" title=\"IMG_2501\"  data-caption=\"\"  data-description=\"\">\r\n                                <img decoding=\"async\" src=\"https:\/\/terracallaeci.pt\/wp-content\/uploads\/2023\/08\/IMG_2501-315x420.jpg\" srcset=\"https:\/\/terracallaeci.pt\/wp-content\/uploads\/2023\/08\/IMG_2501-315x420.jpg 315w, https:\/\/terracallaeci.pt\/wp-content\/uploads\/2023\/08\/IMG_2501-225x300.jpg 225w, https:\/\/terracallaeci.pt\/wp-content\/uploads\/2023\/08\/IMG_2501-768x1024.jpg 768w, https:\/\/terracallaeci.pt\/wp-content\/uploads\/2023\/08\/IMG_2501-1152x1536.jpg 1152w, https:\/\/terracallaeci.pt\/wp-content\/uploads\/2023\/08\/IMG_2501-9x12.jpg 9w, https:\/\/terracallaeci.pt\/wp-content\/uploads\/2023\/08\/IMG_2501-150x200.jpg 150w, https:\/\/terracallaeci.pt\/wp-content\/uploads\/2023\/08\/IMG_2501-300x400.jpg 300w, https:\/\/terracallaeci.pt\/wp-content\/uploads\/2023\/08\/IMG_2501-696x928.jpg 696w, https:\/\/terracallaeci.pt\/wp-content\/uploads\/2023\/08\/IMG_2501-1068x1424.jpg 1068w, https:\/\/terracallaeci.pt\/wp-content\/uploads\/2023\/08\/IMG_2501.jpg 1500w\" sizes=\"(max-width: 315px) 100vw, 315px\" alt=\"\">\r\n                            <\/a>\r\n                            \r\n                        <\/figure>\r\n                    <\/div>\r\n                            <\/div>\r\n                        <\/div>\r\n\r\n                        <div class = \"td-doubleSlider-2\">\r\n                            <div class = \"td-slider\">\r\n                                \r\n                    <div class = \"td-button td-item1\">\r\n                        <div class = \"td-border\"><\/div>\r\n                    <\/div>\r\n                    <div class = \"td-button td-item2\">\r\n                        <div class = \"td-border\"><\/div>\r\n                    <\/div>\r\n                    <div class = \"td-button td-item3\">\r\n                        <div class = \"td-border\"><\/div>\r\n                    <\/div>\r\n                    <div class = \"td-button td-item4\">\r\n                        <div class = \"td-border\"><\/div>\r\n                    <\/div>\r\n                    <div class = \"td-button td-item5\">\r\n                        <div class = \"td-border\"><\/div>\r\n                    <\/div>\r\n                            <\/div>\r\n                        <\/div>\r\n\r\n                    <\/div>\r\n\r\n                <\/div>\r\n                \n\n\n<p style=\"font-size:18px\">The interior space retains the original medieval structure, with the chapel of the Blessed Sacrament standing out, attached to the chancel.<\/p>\n\n\n\n<p style=\"font-size:26px\">Contact<\/p>\n\n\n\n<p style=\"font-size:18px\">Tel.: (+351) 276 321 384<br>Email: <a href=\"mailto:matriz.chaves@meo.pt\">matriz.chaves@meo.pt<\/a><br><a href=\"http:\/\/www.matrizdechaves.pt\" target=\"_blank\" rel=\"noreferrer noopener\">www.matrizdechaves.pt<\/a><\/p>\n\n\n\n<p style=\"font-size:26px\">Location<\/p>\n\n\n\n<iframe src=\"https:\/\/www.google.com\/maps\/embed?pb=!1m14!1m8!1m3!1d95647.81261935063!2d-7.348273907280116!3d41.74353841871412!3m2!1i1024!2i768!4f13.1!3m3!1m2!1s0xd3ade65dfd0d255%3A0x1669d7c2748d91e8!2sIgreja%20Matriz%20de%20Santa%20Maria%20Maior!5e0!3m2!1spt-PT!2spt!4v1693049025857!5m2!1spt-PT!2spt\" width=\"800\" height=\"400\" style=\"border:0;\" allowfullscreen=\"\" loading=\"lazy\" referrerpolicy=\"no-referrer-when-downgrade\"><\/iframe>\n\n\n\n<div style=\"height:20px\" aria-hidden=\"true\" class=\"wp-block-spacer\"><\/div>\n\n\n<div id=\"altit-690854604\"><div class=\"altit-adlabel\">PUB<\/div><div id=\"altit-1800637949\"><a href=\"https:\/\/terracallaeci.pt\/en\/corguinho\/\" target=\"_blank\" aria-label=\"CorguinhoII\"><img loading=\"lazy\" decoding=\"async\" src=\"https:\/\/terracallaeci.pt\/wp-content\/uploads\/2021\/08\/CorguinhoII.gif\" alt=\"\"  width=\"728\" height=\"130\"   \/><\/a><\/div><\/div>","protected":false},"excerpt":{"rendered":"<p>As primeiras refer\u00eancias documentais a esta igreja surgem nas Inquiri\u00e7\u00f5es Afonsinas de 1259. O templo rom\u00e2nico ter\u00e1 sido constru\u00eddo possivelmente no s\u00e9culo XII, sobre as funda\u00e7\u00f5es visig\u00f3ticas. O templo apresenta uma grande riqueza de estilos. A igreja medieval, maneirista e tardobarroca, de planta longitudinal, \u00e9 composta por tr\u00eas naves e cinco tramos. Da constru\u00e7\u00e3o medieval, [&hellip;]<\/p>\n","protected":false},"author":6,"featured_media":39558,"comment_status":"open","ping_status":"open","sticky":false,"template":"","format":"standard","meta":{"footnotes":""},"categories":[2],"tags":[3735,5727],"class_list":{"0":"post-39554","1":"post","2":"type-post","3":"status-publish","4":"format-standard","5":"has-post-thumbnail","7":"category-patrimonio","8":"tag-chaves","9":"tag-igrejas"},"_links":{"self":[{"href":"https:\/\/terracallaeci.pt\/en\/wp-json\/wp\/v2\/posts\/39554","targetHints":{"allow":["GET"]}}],"collection":[{"href":"https:\/\/terracallaeci.pt\/en\/wp-json\/wp\/v2\/posts"}],"about":[{"href":"https:\/\/terracallaeci.pt\/en\/wp-json\/wp\/v2\/types\/post"}],"author":[{"embeddable":true,"href":"https:\/\/terracallaeci.pt\/en\/wp-json\/wp\/v2\/users\/6"}],"replies":[{"embeddable":true,"href":"https:\/\/terracallaeci.pt\/en\/wp-json\/wp\/v2\/comments?post=39554"}],"version-history":[{"count":0,"href":"https:\/\/terracallaeci.pt\/en\/wp-json\/wp\/v2\/posts\/39554\/revisions"}],"wp:featuredmedia":[{"embeddable":true,"href":"https:\/\/terracallaeci.pt\/en\/wp-json\/wp\/v2\/media\/39558"}],"wp:attachment":[{"href":"https:\/\/terracallaeci.pt\/en\/wp-json\/wp\/v2\/media?parent=39554"}],"wp:term":[{"taxonomy":"category","embeddable":true,"href":"https:\/\/terracallaeci.pt\/en\/wp-json\/wp\/v2\/categories?post=39554"},{"taxonomy":"post_tag","embeddable":true,"href":"https:\/\/terracallaeci.pt\/en\/wp-json\/wp\/v2\/tags?post=39554"}],"curies":[{"name":"wp","href":"https:\/\/api.w.org\/{rel}","templated":true}]}}