{"id":39217,"date":"2023-03-06T08:45:51","date_gmt":"2023-03-06T08:45:51","guid":{"rendered":"https:\/\/terracallaeci.pt\/?p=39217"},"modified":"2023-03-18T10:25:48","modified_gmt":"2023-03-18T10:25:48","slug":"vilarinho-de-negroes","status":"publish","type":"post","link":"https:\/\/terracallaeci.pt\/en\/2023\/03\/vilarinho-de-negroes\/","title":{"rendered":"Vilarinho de Negr\u00f5es"},"content":{"rendered":"<p style=\"font-size:18px\">Located in the municipality of Montalegre on a small peninsula on the southern bank of the Alto Rabag\u00e3o (or Pis\u00f5es) dam reservoir, the village, a finalist in the \"7 Maravilhas de Portugal - Aldeias\" (7 Wonders of Portugal - Villages) contest, surprises by the beauty of its natural environment and is a must visit in the Barroso region.<\/p>\n\n\n\r\n                <style type=\"text\/css\">\r\n                    \r\n                    #tdi_1  .td-doubleSlider-2 .td-item1 {\r\n                        background: url(https:\/\/terracallaeci.pt\/wp-content\/uploads\/2023\/03\/SAM_8717-80x60.jpg) 0 0 no-repeat;\r\n                    }\r\n                    #tdi_1  .td-doubleSlider-2 .td-item2 {\r\n                        background: url(https:\/\/terracallaeci.pt\/wp-content\/uploads\/2023\/03\/SAM_8741-80x60.jpg) 0 0 no-repeat;\r\n                    }\r\n                    #tdi_1  .td-doubleSlider-2 .td-item3 {\r\n                        background: url(https:\/\/terracallaeci.pt\/wp-content\/uploads\/2023\/03\/SAM_8769-80x60.jpg) 0 0 no-repeat;\r\n                    }\r\n                    #tdi_1  .td-doubleSlider-2 .td-item4 {\r\n                        background: url(https:\/\/terracallaeci.pt\/wp-content\/uploads\/2023\/03\/SAM_8771-80x60.jpg) 0 0 no-repeat;\r\n                    }\r\n                    #tdi_1  .td-doubleSlider-2 .td-item5 {\r\n                        background: url(https:\/\/terracallaeci.pt\/wp-content\/uploads\/2023\/03\/SAM_8762-80x60.jpg) 0 0 no-repeat;\r\n                    }\r\n                    #tdi_1  .td-doubleSlider-2 .td-item6 {\r\n                        background: url(https:\/\/terracallaeci.pt\/wp-content\/uploads\/2023\/03\/SAM_8751-80x60.jpg) 0 0 no-repeat;\r\n                    }\r\n                <\/style>\r\n\r\n                <div id=\"tdi_1\" class=\"td-gallery td-slide-on-2-columns\">\r\n                    <div class=\"post_td_gallery\">\r\n                        <div class=\"td-gallery-slide-top\">\r\n                           <div class=\"td-gallery-title\">Photos TR\/TC<\/div>\r\n\r\n                            <div class=\"td-gallery-controls-wrapper\">\r\n                                <div class=\"td-gallery-slide-count\"><span class=\"td-gallery-slide-item-focus\">1<\/span> de 6<\/div>\r\n                                <div class=\"td-gallery-slide-prev-next-but\">\r\n                                    <i class = \"td-icon-left doubleSliderPrevButton\"><\/i>\r\n                                    <i class = \"td-icon-right doubleSliderNextButton\"><\/i>\r\n                                <\/div>\r\n                            <\/div>\r\n                        <\/div>\r\n\r\n                        <div class = \"td-doubleSlider-1\">\r\n                            <div class = \"td-slider\">\r\n                                \r\n                    <div class = \"td-slide-item td-item1\">\r\n                        <figure class=\"td-slide-galery-figure td-slide-popup-gallery\">\r\n                            <a class=\"slide-gallery-image-link\" href=\"https:\/\/terracallaeci.pt\/wp-content\/uploads\/2023\/03\/SAM_8717.jpg\" title=\"SAM_8717\"  data-caption=\"\"  data-description=\"\">\r\n                                <img decoding=\"async\" src=\"https:\/\/terracallaeci.pt\/wp-content\/uploads\/2023\/03\/SAM_8717-630x420.jpg\" srcset=\"https:\/\/terracallaeci.pt\/wp-content\/uploads\/2023\/03\/SAM_8717-630x420.jpg 630w, https:\/\/terracallaeci.pt\/wp-content\/uploads\/2023\/03\/SAM_8717-300x200.jpg 300w, https:\/\/terracallaeci.pt\/wp-content\/uploads\/2023\/03\/SAM_8717-1024x682.jpg 1024w, https:\/\/terracallaeci.pt\/wp-content\/uploads\/2023\/03\/SAM_8717-768x512.jpg 768w, https:\/\/terracallaeci.pt\/wp-content\/uploads\/2023\/03\/SAM_8717-1536x1024.jpg 1536w, https:\/\/terracallaeci.pt\/wp-content\/uploads\/2023\/03\/SAM_8717-150x100.jpg 150w, https:\/\/terracallaeci.pt\/wp-content\/uploads\/2023\/03\/SAM_8717-696x464.jpg 696w, https:\/\/terracallaeci.pt\/wp-content\/uploads\/2023\/03\/SAM_8717-1068x712.jpg 1068w, https:\/\/terracallaeci.pt\/wp-content\/uploads\/2023\/03\/SAM_8717-1920x1280.jpg 1920w, https:\/\/terracallaeci.pt\/wp-content\/uploads\/2023\/03\/SAM_8717.jpg 2000w\" sizes=\"(max-width: 630px) 100vw, 630px\" alt=\"\">\r\n                            <\/a>\r\n                            \r\n                        <\/figure>\r\n                    <\/div>\r\n                    <div class = \"td-slide-item td-item2\">\r\n                        <figure class=\"td-slide-galery-figure td-slide-popup-gallery\">\r\n                            <a class=\"slide-gallery-image-link\" href=\"https:\/\/terracallaeci.pt\/wp-content\/uploads\/2023\/03\/SAM_8741.jpg\" title=\"SAM_8741\"  data-caption=\"\"  data-description=\"\">\r\n                                <img decoding=\"async\" src=\"https:\/\/terracallaeci.pt\/wp-content\/uploads\/2023\/03\/SAM_8741-630x420.jpg\" srcset=\"https:\/\/terracallaeci.pt\/wp-content\/uploads\/2023\/03\/SAM_8741-630x420.jpg 630w, https:\/\/terracallaeci.pt\/wp-content\/uploads\/2023\/03\/SAM_8741-300x200.jpg 300w, https:\/\/terracallaeci.pt\/wp-content\/uploads\/2023\/03\/SAM_8741-1024x682.jpg 1024w, https:\/\/terracallaeci.pt\/wp-content\/uploads\/2023\/03\/SAM_8741-768x512.jpg 768w, https:\/\/terracallaeci.pt\/wp-content\/uploads\/2023\/03\/SAM_8741-1536x1024.jpg 1536w, https:\/\/terracallaeci.pt\/wp-content\/uploads\/2023\/03\/SAM_8741-150x100.jpg 150w, https:\/\/terracallaeci.pt\/wp-content\/uploads\/2023\/03\/SAM_8741-696x464.jpg 696w, https:\/\/terracallaeci.pt\/wp-content\/uploads\/2023\/03\/SAM_8741-1068x712.jpg 1068w, https:\/\/terracallaeci.pt\/wp-content\/uploads\/2023\/03\/SAM_8741-1920x1280.jpg 1920w, https:\/\/terracallaeci.pt\/wp-content\/uploads\/2023\/03\/SAM_8741.jpg 2000w\" sizes=\"(max-width: 630px) 100vw, 630px\" alt=\"\">\r\n                            <\/a>\r\n                            \r\n                        <\/figure>\r\n                    <\/div>\r\n                    <div class = \"td-slide-item td-item3\">\r\n                        <figure class=\"td-slide-galery-figure td-slide-popup-gallery\">\r\n                            <a class=\"slide-gallery-image-link\" href=\"https:\/\/terracallaeci.pt\/wp-content\/uploads\/2023\/03\/SAM_8769.jpg\" title=\"SAM_8769\"  data-caption=\"\"  data-description=\"\">\r\n                                <img decoding=\"async\" src=\"https:\/\/terracallaeci.pt\/wp-content\/uploads\/2023\/03\/SAM_8769-630x420.jpg\" srcset=\"https:\/\/terracallaeci.pt\/wp-content\/uploads\/2023\/03\/SAM_8769-630x420.jpg 630w, https:\/\/terracallaeci.pt\/wp-content\/uploads\/2023\/03\/SAM_8769-300x200.jpg 300w, https:\/\/terracallaeci.pt\/wp-content\/uploads\/2023\/03\/SAM_8769-1024x682.jpg 1024w, https:\/\/terracallaeci.pt\/wp-content\/uploads\/2023\/03\/SAM_8769-768x512.jpg 768w, https:\/\/terracallaeci.pt\/wp-content\/uploads\/2023\/03\/SAM_8769-1536x1024.jpg 1536w, https:\/\/terracallaeci.pt\/wp-content\/uploads\/2023\/03\/SAM_8769-150x100.jpg 150w, https:\/\/terracallaeci.pt\/wp-content\/uploads\/2023\/03\/SAM_8769-696x464.jpg 696w, https:\/\/terracallaeci.pt\/wp-content\/uploads\/2023\/03\/SAM_8769-1068x712.jpg 1068w, https:\/\/terracallaeci.pt\/wp-content\/uploads\/2023\/03\/SAM_8769-1920x1280.jpg 1920w, https:\/\/terracallaeci.pt\/wp-content\/uploads\/2023\/03\/SAM_8769.jpg 2000w\" sizes=\"(max-width: 630px) 100vw, 630px\" alt=\"\">\r\n                            <\/a>\r\n                            \r\n                        <\/figure>\r\n                    <\/div>\r\n                    <div class = \"td-slide-item td-item4\">\r\n                        <figure class=\"td-slide-galery-figure td-slide-popup-gallery\">\r\n                            <a class=\"slide-gallery-image-link\" href=\"https:\/\/terracallaeci.pt\/wp-content\/uploads\/2023\/03\/SAM_8771.jpg\" title=\"SAM_8771\"  data-caption=\"\"  data-description=\"\">\r\n                                <img decoding=\"async\" src=\"https:\/\/terracallaeci.pt\/wp-content\/uploads\/2023\/03\/SAM_8771-630x420.jpg\" srcset=\"https:\/\/terracallaeci.pt\/wp-content\/uploads\/2023\/03\/SAM_8771-630x420.jpg 630w, https:\/\/terracallaeci.pt\/wp-content\/uploads\/2023\/03\/SAM_8771-300x200.jpg 300w, https:\/\/terracallaeci.pt\/wp-content\/uploads\/2023\/03\/SAM_8771-1024x682.jpg 1024w, https:\/\/terracallaeci.pt\/wp-content\/uploads\/2023\/03\/SAM_8771-768x512.jpg 768w, https:\/\/terracallaeci.pt\/wp-content\/uploads\/2023\/03\/SAM_8771-1536x1024.jpg 1536w, https:\/\/terracallaeci.pt\/wp-content\/uploads\/2023\/03\/SAM_8771-150x100.jpg 150w, https:\/\/terracallaeci.pt\/wp-content\/uploads\/2023\/03\/SAM_8771-696x464.jpg 696w, https:\/\/terracallaeci.pt\/wp-content\/uploads\/2023\/03\/SAM_8771-1068x712.jpg 1068w, https:\/\/terracallaeci.pt\/wp-content\/uploads\/2023\/03\/SAM_8771-1920x1280.jpg 1920w, https:\/\/terracallaeci.pt\/wp-content\/uploads\/2023\/03\/SAM_8771.jpg 2000w\" sizes=\"(max-width: 630px) 100vw, 630px\" alt=\"\">\r\n                            <\/a>\r\n                            \r\n                        <\/figure>\r\n                    <\/div>\r\n                    <div class = \"td-slide-item td-item5\">\r\n                        <figure class=\"td-slide-galery-figure td-slide-popup-gallery\">\r\n                            <a class=\"slide-gallery-image-link\" href=\"https:\/\/terracallaeci.pt\/wp-content\/uploads\/2023\/03\/SAM_8762.jpg\" title=\"SAM_8762\"  data-caption=\"\"  data-description=\"\">\r\n                                <img decoding=\"async\" src=\"https:\/\/terracallaeci.pt\/wp-content\/uploads\/2023\/03\/SAM_8762-630x420.jpg\" srcset=\"https:\/\/terracallaeci.pt\/wp-content\/uploads\/2023\/03\/SAM_8762-630x420.jpg 630w, https:\/\/terracallaeci.pt\/wp-content\/uploads\/2023\/03\/SAM_8762-300x200.jpg 300w, https:\/\/terracallaeci.pt\/wp-content\/uploads\/2023\/03\/SAM_8762-1024x682.jpg 1024w, https:\/\/terracallaeci.pt\/wp-content\/uploads\/2023\/03\/SAM_8762-768x512.jpg 768w, https:\/\/terracallaeci.pt\/wp-content\/uploads\/2023\/03\/SAM_8762-1536x1024.jpg 1536w, https:\/\/terracallaeci.pt\/wp-content\/uploads\/2023\/03\/SAM_8762-150x100.jpg 150w, https:\/\/terracallaeci.pt\/wp-content\/uploads\/2023\/03\/SAM_8762-696x464.jpg 696w, https:\/\/terracallaeci.pt\/wp-content\/uploads\/2023\/03\/SAM_8762-1068x712.jpg 1068w, https:\/\/terracallaeci.pt\/wp-content\/uploads\/2023\/03\/SAM_8762-1920x1280.jpg 1920w, https:\/\/terracallaeci.pt\/wp-content\/uploads\/2023\/03\/SAM_8762.jpg 2000w\" sizes=\"(max-width: 630px) 100vw, 630px\" alt=\"\">\r\n                            <\/a>\r\n                            \r\n                        <\/figure>\r\n                    <\/div>\r\n                    <div class = \"td-slide-item td-item6\">\r\n                        <figure class=\"td-slide-galery-figure td-slide-popup-gallery\">\r\n                            <a class=\"slide-gallery-image-link\" href=\"https:\/\/terracallaeci.pt\/wp-content\/uploads\/2023\/03\/SAM_8751.jpg\" title=\"SAM_8751\"  data-caption=\"\"  data-description=\"\">\r\n                                <img decoding=\"async\" src=\"https:\/\/terracallaeci.pt\/wp-content\/uploads\/2023\/03\/SAM_8751-630x420.jpg\" srcset=\"https:\/\/terracallaeci.pt\/wp-content\/uploads\/2023\/03\/SAM_8751-630x420.jpg 630w, https:\/\/terracallaeci.pt\/wp-content\/uploads\/2023\/03\/SAM_8751-300x200.jpg 300w, https:\/\/terracallaeci.pt\/wp-content\/uploads\/2023\/03\/SAM_8751-1024x682.jpg 1024w, https:\/\/terracallaeci.pt\/wp-content\/uploads\/2023\/03\/SAM_8751-768x512.jpg 768w, https:\/\/terracallaeci.pt\/wp-content\/uploads\/2023\/03\/SAM_8751-1536x1024.jpg 1536w, https:\/\/terracallaeci.pt\/wp-content\/uploads\/2023\/03\/SAM_8751-150x100.jpg 150w, https:\/\/terracallaeci.pt\/wp-content\/uploads\/2023\/03\/SAM_8751-696x464.jpg 696w, https:\/\/terracallaeci.pt\/wp-content\/uploads\/2023\/03\/SAM_8751-1068x712.jpg 1068w, https:\/\/terracallaeci.pt\/wp-content\/uploads\/2023\/03\/SAM_8751-1920x1280.jpg 1920w, https:\/\/terracallaeci.pt\/wp-content\/uploads\/2023\/03\/SAM_8751.jpg 2000w\" sizes=\"(max-width: 630px) 100vw, 630px\" alt=\"\">\r\n                            <\/a>\r\n                            \r\n                        <\/figure>\r\n                    <\/div>\r\n                            <\/div>\r\n                        <\/div>\r\n\r\n                        <div class = \"td-doubleSlider-2\">\r\n                            <div class = \"td-slider\">\r\n                                \r\n                    <div class = \"td-button td-item1\">\r\n                        <div class = \"td-border\"><\/div>\r\n                    <\/div>\r\n                    <div class = \"td-button td-item2\">\r\n                        <div class = \"td-border\"><\/div>\r\n                    <\/div>\r\n                    <div class = \"td-button td-item3\">\r\n                        <div class = \"td-border\"><\/div>\r\n                    <\/div>\r\n                    <div class = \"td-button td-item4\">\r\n                        <div class = \"td-border\"><\/div>\r\n                    <\/div>\r\n                    <div class = \"td-button td-item5\">\r\n                        <div class = \"td-border\"><\/div>\r\n                    <\/div>\r\n                    <div class = \"td-button td-item6\">\r\n                        <div class = \"td-border\"><\/div>\r\n                    <\/div>\r\n                            <\/div>\r\n                        <\/div>\r\n\r\n                    <\/div>\r\n\r\n                <\/div>\r\n                \n\n\n<blockquote class=\"wp-block-quote is-layout-flow wp-block-quote-is-layout-flow\">\n<p>a must visit in the barroso region.<\/p>\n<\/blockquote>\n\n\n\n<p style=\"font-size:18px\">The reservoir, of the dam finished in 1964, is fed by the River Rabag\u00e3o (a tributary of the River C\u00e1vado) and has an area of about 2,200 hectares, much sought after by trout fishermen and for tours along the banks of the immense mirror of water.<\/p>\n\n\n\n<p style=\"font-size:24px\">Location<\/p>\n\n\n\n<iframe src=\"https:\/\/www.google.com\/maps\/embed?pb=!1m18!1m12!1m3!1d5401.1348810312575!2d-7.800669839720197!3d41.73874357749465!2m3!1f0!2f0!3f0!3m2!1i1024!2i768!4f13.1!3m3!1m2!1s0xd252ca6cbcf4b93%3A0x99b921f6913e3f4f!2sVilarinho%20de%20Negr%C3%B5es%2C%205470-323%20Montalegre!5e1!3m2!1spt-PT!2spt!4v1678100836373!5m2!1spt-PT!2spt\" width=\"800\" height=\"400\" style=\"border:0;\" allowfullscreen=\"\" loading=\"lazy\" referrerpolicy=\"no-referrer-when-downgrade\"><\/iframe>\n\n\n\n<div style=\"height:20px\" aria-hidden=\"true\" class=\"wp-block-spacer\"><\/div>\n\n\n\n<div id=\"altit-1809577361\"><div class=\"altit-adlabel\">PUB<\/div><div id=\"altit-2511578949\"><a href=\"https:\/\/terracallaeci.pt\/en\/corguinho\/\" target=\"_blank\" aria-label=\"CorguinhoII\"><img loading=\"lazy\" decoding=\"async\" src=\"https:\/\/terracallaeci.pt\/wp-content\/uploads\/2021\/08\/CorguinhoII.gif\" alt=\"\"  width=\"728\" height=\"130\"   \/><\/a><\/div><\/div>\n\n\n\n<div style=\"height:20px\" aria-hidden=\"true\" class=\"wp-block-spacer\"><\/div>","protected":false},"excerpt":{"rendered":"<p>Localizada no concelho de Montalegre numa pequena pen\u00ednsula na margem sul da albufeira da barragem do Alto Rabag\u00e3o (ou Pis\u00f5es), a aldeia, finalista no concurso &#8220;7 Maravilhas de Portugal \u2013 Aldeias&#8221;, surpreende pela beleza do enquadramento natural e \u00e9 de visita obrigat\u00f3ria na regi\u00e3o do Barroso. visita obrigat\u00f3ria na regi\u00e3o do barroso. A&nbsp;albufeira, da barragem [&hellip;]<\/p>\n","protected":false},"author":6,"featured_media":39218,"comment_status":"open","ping_status":"open","sticky":false,"template":"","format":"video","meta":{"footnotes":""},"categories":[2],"tags":[4149,7027,5836,7704],"class_list":{"0":"post-39217","1":"post","2":"type-post","3":"status-publish","4":"format-video","5":"has-post-thumbnail","7":"category-patrimonio","8":"tag-aldeias","9":"tag-barroso","10":"tag-montalegre","11":"tag-vilarinho-de-negroes","12":"post_format-post-format-video"},"_links":{"self":[{"href":"https:\/\/terracallaeci.pt\/en\/wp-json\/wp\/v2\/posts\/39217","targetHints":{"allow":["GET"]}}],"collection":[{"href":"https:\/\/terracallaeci.pt\/en\/wp-json\/wp\/v2\/posts"}],"about":[{"href":"https:\/\/terracallaeci.pt\/en\/wp-json\/wp\/v2\/types\/post"}],"author":[{"embeddable":true,"href":"https:\/\/terracallaeci.pt\/en\/wp-json\/wp\/v2\/users\/6"}],"replies":[{"embeddable":true,"href":"https:\/\/terracallaeci.pt\/en\/wp-json\/wp\/v2\/comments?post=39217"}],"version-history":[{"count":0,"href":"https:\/\/terracallaeci.pt\/en\/wp-json\/wp\/v2\/posts\/39217\/revisions"}],"wp:featuredmedia":[{"embeddable":true,"href":"https:\/\/terracallaeci.pt\/en\/wp-json\/wp\/v2\/media\/39218"}],"wp:attachment":[{"href":"https:\/\/terracallaeci.pt\/en\/wp-json\/wp\/v2\/media?parent=39217"}],"wp:term":[{"taxonomy":"category","embeddable":true,"href":"https:\/\/terracallaeci.pt\/en\/wp-json\/wp\/v2\/categories?post=39217"},{"taxonomy":"post_tag","embeddable":true,"href":"https:\/\/terracallaeci.pt\/en\/wp-json\/wp\/v2\/tags?post=39217"}],"curies":[{"name":"wp","href":"https:\/\/api.w.org\/{rel}","templated":true}]}}