{"id":39117,"date":"2023-02-17T11:00:22","date_gmt":"2023-02-17T11:00:22","guid":{"rendered":"https:\/\/terracallaeci.pt\/?p=39117"},"modified":"2025-02-21T10:35:11","modified_gmt":"2025-02-21T10:35:11","slug":"o-lado-blog-do-terra-callaeci","status":"publish","type":"post","link":"https:\/\/terracallaeci.pt\/en\/2023\/02\/o-lado-blog-do-terra-callaeci\/","title":{"rendered":"The B(log) side of Terra Callaeci"},"content":{"rendered":"<p style=\"font-size:18px\">Terra Callaeci (land of the Galicians) is a project by designer Tiago Rodrigues - a native of Lisbon who abandoned the capital for a village in Barroso - dedicated to the dissemination of the cultural landscape of Tr\u00e1s-os-Montes, as a construction of the peoples who inhabited (and inhabit) it, and which succeeds Visit Boticas (2017-2023). <\/p>\n\n\n\n<p style=\"font-size:18px\">Visit Boticas was the first tourism and leisure portal in Boticas (and the only one of its kind in the region, to date). For six years, it has provided free useful and constantly updated information through thematic publications, databases and news content. In a logic of promotion of the territory and of sustainable local development.<\/p>\n\n\n\n<p style=\"font-size:18px\">The new project, which invokes the Castro culture as an aggregating element (and geographical reference), aims to be, not a database of everything that exists, but a repository of experiences and memories, from the perspective of its authors. And a guide to quality tourism outside the usual circuits, through carefully produced and\/or selected content.<\/p>\n\n\n\n<p style=\"font-size:18px\">The Terra Callaeci blog is one of the new features of the project. In this more informal segment, you can go behind the scenes and follow the process of content production.<\/p>\n\n\n\n<div style=\"height:20px\" aria-hidden=\"true\" class=\"wp-block-spacer\"><\/div>\n\n\n<div id=\"altit-3740548421\"><div class=\"altit-adlabel\">PUB<\/div><div id=\"altit-3410124514\"><a href=\"https:\/\/terracallaeci.pt\/en\/corguinho\/\" target=\"_blank\" aria-label=\"CorguinhoII\"><img loading=\"lazy\" decoding=\"async\" src=\"https:\/\/terracallaeci.pt\/wp-content\/uploads\/2021\/08\/CorguinhoII.gif\" alt=\"\"  width=\"728\" height=\"130\"   \/><\/a><\/div><\/div>","protected":false},"excerpt":{"rendered":"<p>Terra Callaeci (terra dos galaicos) \u00e9 um projeto do designer Tiago Rodrigues \u2013 um alfacinha que trocou a capital por uma aldeia no Barroso \u2013 dedicado \u00e0 divulga\u00e7\u00e3o da paisagem cultural transmontana, enquanto constru\u00e7\u00e3o dos povos que nela habitaram (e habitam), e que sucede ao Visit Boticas (2017\u20132023). O Visit Boticas foi o primeiro portal [&hellip;]<\/p>\n","protected":false},"author":1,"featured_media":40178,"comment_status":"open","ping_status":"open","sticky":false,"template":"","format":"standard","meta":{"footnotes":""},"categories":[7695],"tags":[7698],"class_list":{"0":"post-39117","1":"post","2":"type-post","3":"status-publish","4":"format-standard","5":"has-post-thumbnail","7":"category-blog","8":"tag-blog"},"_links":{"self":[{"href":"https:\/\/terracallaeci.pt\/en\/wp-json\/wp\/v2\/posts\/39117","targetHints":{"allow":["GET"]}}],"collection":[{"href":"https:\/\/terracallaeci.pt\/en\/wp-json\/wp\/v2\/posts"}],"about":[{"href":"https:\/\/terracallaeci.pt\/en\/wp-json\/wp\/v2\/types\/post"}],"author":[{"embeddable":true,"href":"https:\/\/terracallaeci.pt\/en\/wp-json\/wp\/v2\/users\/1"}],"replies":[{"embeddable":true,"href":"https:\/\/terracallaeci.pt\/en\/wp-json\/wp\/v2\/comments?post=39117"}],"version-history":[{"count":0,"href":"https:\/\/terracallaeci.pt\/en\/wp-json\/wp\/v2\/posts\/39117\/revisions"}],"wp:featuredmedia":[{"embeddable":true,"href":"https:\/\/terracallaeci.pt\/en\/wp-json\/wp\/v2\/media\/40178"}],"wp:attachment":[{"href":"https:\/\/terracallaeci.pt\/en\/wp-json\/wp\/v2\/media?parent=39117"}],"wp:term":[{"taxonomy":"category","embeddable":true,"href":"https:\/\/terracallaeci.pt\/en\/wp-json\/wp\/v2\/categories?post=39117"},{"taxonomy":"post_tag","embeddable":true,"href":"https:\/\/terracallaeci.pt\/en\/wp-json\/wp\/v2\/tags?post=39117"}],"curies":[{"name":"wp","href":"https:\/\/api.w.org\/{rel}","templated":true}]}}