{"id":38245,"date":"2023-01-06T14:55:16","date_gmt":"2023-01-06T14:55:16","guid":{"rendered":"https:\/\/visitboticas.pt\/?p=38245"},"modified":"2025-02-21T11:06:23","modified_gmt":"2025-02-21T11:06:23","slug":"parque-arqueologico-do-vale-do-terva-2013-2023","status":"publish","type":"post","link":"https:\/\/terracallaeci.pt\/en\/2023\/01\/parque-arqueologico-do-vale-do-terva-2013-2023\/","title":{"rendered":"Terva Valley Archaeological Park (2013-2023)"},"content":{"rendered":"<p style=\"font-size:18px\">Set off on an adventure on this virtual tour of some of the most beautiful archaeological sites and places in the Terva Valley Archaeological Park (TVAP), in the year it celebrates its tenth anniversary, with fifty photographs taken between 2013 and 2023.<\/p>\n\n\n\n<blockquote class=\"wp-block-quote is-layout-flow wp-block-quote-is-layout-flow\">\n<p><em>WITH ABOUT 60 KM<\/em><sup>2<\/sup><em>&nbsp;AND 47 ARCHAEOLOGICAL SITES IDENTIFIED, THE TVAP JUSTIFIES BY ITSELF, SEVERAL VISITS TO BOTICAS.<\/em><\/p>\n<\/blockquote>\n\n\n<p>\u00a0<\/p>\n\r\n                <style type=\"text\/css\">\r\n                    \r\n                    #tdi_1  .td-doubleSlider-2 .td-item1 {\r\n                        background: url(https:\/\/terracallaeci.pt\/wp-content\/uploads\/2023\/01\/necropole_passaros-80x60.jpg) 0 0 no-repeat;\r\n                    }\r\n                    #tdi_1  .td-doubleSlider-2 .td-item2 {\r\n                        background: url(https:\/\/terracallaeci.pt\/wp-content\/uploads\/2023\/01\/SoutoEscuro-80x60.jpg) 0 0 no-repeat;\r\n                    }\r\n                    #tdi_1  .td-doubleSlider-2 .td-item3 {\r\n                        background: url(https:\/\/terracallaeci.pt\/wp-content\/uploads\/2023\/01\/Brejo-80x60.jpg) 0 0 no-repeat;\r\n                    }\r\n                    #tdi_1  .td-doubleSlider-2 .td-item4 {\r\n                        background: url(https:\/\/terracallaeci.pt\/wp-content\/uploads\/2023\/01\/Outeiro-Gordo-3-80x60.jpg) 0 0 no-repeat;\r\n                    }\r\n                    #tdi_1  .td-doubleSlider-2 .td-item5 {\r\n                        background: url(https:\/\/terracallaeci.pt\/wp-content\/uploads\/2023\/01\/IMG_1484-80x60.jpg) 0 0 no-repeat;\r\n                    }\r\n                    #tdi_1  .td-doubleSlider-2 .td-item6 {\r\n                        background: url(https:\/\/terracallaeci.pt\/wp-content\/uploads\/2023\/01\/Lagoa-Brejo-4-80x60.jpg) 0 0 no-repeat;\r\n                    }\r\n                    #tdi_1  .td-doubleSlider-2 .td-item7 {\r\n                        background: url(https:\/\/terracallaeci.pt\/wp-content\/uploads\/2023\/01\/IMG_3968-80x60.jpg) 0 0 no-repeat;\r\n                    }\r\n                    #tdi_1  .td-doubleSlider-2 .td-item8 {\r\n                        background: url(https:\/\/terracallaeci.pt\/wp-content\/uploads\/2023\/01\/SAM_7045-80x60.jpg) 0 0 no-repeat;\r\n                    }\r\n                    #tdi_1  .td-doubleSlider-2 .td-item9 {\r\n                        background: url(https:\/\/terracallaeci.pt\/wp-content\/uploads\/2023\/01\/Barrenhas-80x60.jpg) 0 0 no-repeat;\r\n                    }\r\n                    #tdi_1  .td-doubleSlider-2 .td-item10 {\r\n                        background: url(https:\/\/terracallaeci.pt\/wp-content\/uploads\/2023\/01\/SAM_1086-80x60.jpg) 0 0 no-repeat;\r\n                    }\r\n                    #tdi_1  .td-doubleSlider-2 .td-item11 {\r\n                        background: url(https:\/\/terracallaeci.pt\/wp-content\/uploads\/2023\/01\/SAM_6956-80x60.jpg) 0 0 no-repeat;\r\n                    }\r\n                    #tdi_1  .td-doubleSlider-2 .td-item12 {\r\n                        background: url(https:\/\/terracallaeci.pt\/wp-content\/uploads\/2023\/01\/IMG_5010-80x60.jpg) 0 0 no-repeat;\r\n                    }\r\n                    #tdi_1  .td-doubleSlider-2 .td-item13 {\r\n                        background: url(https:\/\/terracallaeci.pt\/wp-content\/uploads\/2023\/01\/castelo-2-80x60.jpg) 0 0 no-repeat;\r\n                    }\r\n                    #tdi_1  .td-doubleSlider-2 .td-item14 {\r\n                        background: url(https:\/\/terracallaeci.pt\/wp-content\/uploads\/2023\/01\/castelo-1-80x60.jpg) 0 0 no-repeat;\r\n                    }\r\n                    #tdi_1  .td-doubleSlider-2 .td-item15 {\r\n                        background: url(https:\/\/terracallaeci.pt\/wp-content\/uploads\/2023\/01\/IMG_7268-80x60.jpg) 0 0 no-repeat;\r\n                    }\r\n                    #tdi_1  .td-doubleSlider-2 .td-item16 {\r\n                        background: url(https:\/\/terracallaeci.pt\/wp-content\/uploads\/2023\/01\/VR1-80x60.jpg) 0 0 no-repeat;\r\n                    }\r\n                    #tdi_1  .td-doubleSlider-2 .td-item17 {\r\n                        background: url(https:\/\/terracallaeci.pt\/wp-content\/uploads\/2023\/01\/IMG_7291-80x60.jpg) 0 0 no-repeat;\r\n                    }\r\n                    #tdi_1  .td-doubleSlider-2 .td-item18 {\r\n                        background: url(https:\/\/terracallaeci.pt\/wp-content\/uploads\/2023\/01\/VR4-80x60.jpg) 0 0 no-repeat;\r\n                    }\r\n                    #tdi_1  .td-doubleSlider-2 .td-item19 {\r\n                        background: url(https:\/\/terracallaeci.pt\/wp-content\/uploads\/2023\/01\/DJI_0905C-80x60.jpg) 0 0 no-repeat;\r\n                    }\r\n                    #tdi_1  .td-doubleSlider-2 .td-item20 {\r\n                        background: url(https:\/\/terracallaeci.pt\/wp-content\/uploads\/2023\/01\/SAM_5158-80x60.jpg) 0 0 no-repeat;\r\n                    }\r\n                    #tdi_1  .td-doubleSlider-2 .td-item21 {\r\n                        background: url(https:\/\/terracallaeci.pt\/wp-content\/uploads\/2023\/01\/vale-2-80x60.jpg) 0 0 no-repeat;\r\n                    }\r\n                    #tdi_1  .td-doubleSlider-2 .td-item22 {\r\n                        background: url(https:\/\/terracallaeci.pt\/wp-content\/uploads\/2023\/01\/tegula-80x60.jpg) 0 0 no-repeat;\r\n                    }\r\n                    #tdi_1  .td-doubleSlider-2 .td-item23 {\r\n                        background: url(https:\/\/terracallaeci.pt\/wp-content\/uploads\/2023\/01\/Batocas-F-80x60.jpg) 0 0 no-repeat;\r\n                    }\r\n                    #tdi_1  .td-doubleSlider-2 .td-item24 {\r\n                        background: url(https:\/\/terracallaeci.pt\/wp-content\/uploads\/2023\/01\/MC-80x60.jpg) 0 0 no-repeat;\r\n                    }\r\n                    #tdi_1  .td-doubleSlider-2 .td-item25 {\r\n                        background: url(https:\/\/terracallaeci.pt\/wp-content\/uploads\/2023\/01\/DJI_0202F-80x60.jpg) 0 0 no-repeat;\r\n                    }\r\n                    #tdi_1  .td-doubleSlider-2 .td-item26 {\r\n                        background: url(https:\/\/terracallaeci.pt\/wp-content\/uploads\/2023\/01\/SAM_9135-80x60.jpg) 0 0 no-repeat;\r\n                    }\r\n                    #tdi_1  .td-doubleSlider-2 .td-item27 {\r\n                        background: url(https:\/\/terracallaeci.pt\/wp-content\/uploads\/2023\/01\/SAM_9094-80x60.jpg) 0 0 no-repeat;\r\n                    }\r\n                    #tdi_1  .td-doubleSlider-2 .td-item28 {\r\n                        background: url(https:\/\/terracallaeci.pt\/wp-content\/uploads\/2023\/01\/mega-2-80x60.jpg) 0 0 no-repeat;\r\n                    }\r\n                    #tdi_1  .td-doubleSlider-2 .td-item29 {\r\n                        background: url(https:\/\/terracallaeci.pt\/wp-content\/uploads\/2023\/01\/SAM_2153-80x60.jpg) 0 0 no-repeat;\r\n                    }\r\n                    #tdi_1  .td-doubleSlider-2 .td-item30 {\r\n                        background: url(https:\/\/terracallaeci.pt\/wp-content\/uploads\/2023\/01\/SAM_2193-80x60.jpg) 0 0 no-repeat;\r\n                    }\r\n                    #tdi_1  .td-doubleSlider-2 .td-item31 {\r\n                        background: url(https:\/\/terracallaeci.pt\/wp-content\/uploads\/2023\/01\/AB3-80x60.jpg) 0 0 no-repeat;\r\n                    }\r\n                    #tdi_1  .td-doubleSlider-2 .td-item32 {\r\n                        background: url(https:\/\/terracallaeci.pt\/wp-content\/uploads\/2023\/01\/plao1-80x60.jpg) 0 0 no-repeat;\r\n                    }\r\n                    #tdi_1  .td-doubleSlider-2 .td-item33 {\r\n                        background: url(https:\/\/terracallaeci.pt\/wp-content\/uploads\/2023\/01\/SAM_1417-80x60.jpg) 0 0 no-repeat;\r\n                    }\r\n                    #tdi_1  .td-doubleSlider-2 .td-item34 {\r\n                        background: url(https:\/\/terracallaeci.pt\/wp-content\/uploads\/2023\/01\/IMG_7896-80x60.jpg) 0 0 no-repeat;\r\n                    }\r\n                    #tdi_1  .td-doubleSlider-2 .td-item35 {\r\n                        background: url(https:\/\/terracallaeci.pt\/wp-content\/uploads\/2023\/01\/SAM_5080B-80x60.jpg) 0 0 no-repeat;\r\n                    }\r\n                    #tdi_1  .td-doubleSlider-2 .td-item36 {\r\n                        background: url(https:\/\/terracallaeci.pt\/wp-content\/uploads\/2023\/01\/Limarinho-3-80x60.jpg) 0 0 no-repeat;\r\n                    }\r\n                    #tdi_1  .td-doubleSlider-2 .td-item37 {\r\n                        background: url(https:\/\/terracallaeci.pt\/wp-content\/uploads\/2023\/01\/IMG_7332-80x60.jpg) 0 0 no-repeat;\r\n                    }\r\n                    #tdi_1  .td-doubleSlider-2 .td-item38 {\r\n                        background: url(https:\/\/terracallaeci.pt\/wp-content\/uploads\/2023\/01\/SAM_6239-80x60.jpg) 0 0 no-repeat;\r\n                    }\r\n                    #tdi_1  .td-doubleSlider-2 .td-item39 {\r\n                        background: url(https:\/\/terracallaeci.pt\/wp-content\/uploads\/2023\/01\/IMG_1688B-80x60.jpg) 0 0 no-repeat;\r\n                    }\r\n                    #tdi_1  .td-doubleSlider-2 .td-item40 {\r\n                        background: url(https:\/\/terracallaeci.pt\/wp-content\/uploads\/2023\/01\/SAM_0919-1-80x60.jpg) 0 0 no-repeat;\r\n                    }\r\n                    #tdi_1  .td-doubleSlider-2 .td-item41 {\r\n                        background: url(https:\/\/terracallaeci.pt\/wp-content\/uploads\/2023\/01\/LRT1-80x60.jpg) 0 0 no-repeat;\r\n                    }\r\n                    #tdi_1  .td-doubleSlider-2 .td-item42 {\r\n                        background: url(https:\/\/terracallaeci.pt\/wp-content\/uploads\/2023\/01\/SAM_6760-80x60.jpg) 0 0 no-repeat;\r\n                    }\r\n                    #tdi_1  .td-doubleSlider-2 .td-item43 {\r\n                        background: url(https:\/\/terracallaeci.pt\/wp-content\/uploads\/2023\/01\/SAM_6755-80x60.jpg) 0 0 no-repeat;\r\n                    }\r\n                    #tdi_1  .td-doubleSlider-2 .td-item44 {\r\n                        background: url(https:\/\/terracallaeci.pt\/wp-content\/uploads\/2023\/01\/SAM_6080-80x60.jpg) 0 0 no-repeat;\r\n                    }\r\n                <\/style>\r\n\r\n                <div id=\"tdi_1\" class=\"td-gallery td-slide-on-2-columns\">\r\n                    <div class=\"post_td_gallery\">\r\n                        <div class=\"td-gallery-slide-top\">\r\n                           <div class=\"td-gallery-title\">TVAP 2013-2023 (Photos TR\/TC)<\/div>\r\n\r\n                            <div class=\"td-gallery-controls-wrapper\">\r\n                                <div class=\"td-gallery-slide-count\"><span class=\"td-gallery-slide-item-focus\">1<\/span> de 50<\/div>\r\n                                <div class=\"td-gallery-slide-prev-next-but\">\r\n                                    <i class = \"td-icon-left doubleSliderPrevButton\"><\/i>\r\n                                    <i class = \"td-icon-right doubleSliderNextButton\"><\/i>\r\n                                <\/div>\r\n                            <\/div>\r\n                        <\/div>\r\n\r\n                        <div class = \"td-doubleSlider-1\">\r\n                            <div class = \"td-slider\">\r\n                                \r\n                    <div class = \"td-slide-item td-item1\">\r\n                        <figure class=\"td-slide-galery-figure td-slide-popup-gallery\">\r\n                            <a class=\"slide-gallery-image-link\" href=\"https:\/\/terracallaeci.pt\/wp-content\/uploads\/2023\/01\/necropole_passaros.jpg\" title=\"SAMSUNG CSC\"  data-caption=\"Necr\u00f3pole de P\u00e1ssaros.\"  data-description=\"\">\r\n                                <img decoding=\"async\" src=\"https:\/\/terracallaeci.pt\/wp-content\/uploads\/2023\/01\/necropole_passaros-630x420.jpg\" srcset=\"https:\/\/terracallaeci.pt\/wp-content\/uploads\/2023\/01\/necropole_passaros-630x420.jpg 630w, https:\/\/terracallaeci.pt\/wp-content\/uploads\/2023\/01\/necropole_passaros-300x200.jpg 300w, https:\/\/terracallaeci.pt\/wp-content\/uploads\/2023\/01\/necropole_passaros-1024x682.jpg 1024w, https:\/\/terracallaeci.pt\/wp-content\/uploads\/2023\/01\/necropole_passaros-768x512.jpg 768w, https:\/\/terracallaeci.pt\/wp-content\/uploads\/2023\/01\/necropole_passaros-1536x1024.jpg 1536w, https:\/\/terracallaeci.pt\/wp-content\/uploads\/2023\/01\/necropole_passaros-150x100.jpg 150w, https:\/\/terracallaeci.pt\/wp-content\/uploads\/2023\/01\/necropole_passaros-696x464.jpg 696w, https:\/\/terracallaeci.pt\/wp-content\/uploads\/2023\/01\/necropole_passaros-1068x712.jpg 1068w, https:\/\/terracallaeci.pt\/wp-content\/uploads\/2023\/01\/necropole_passaros-1920x1280.jpg 1920w, https:\/\/terracallaeci.pt\/wp-content\/uploads\/2023\/01\/necropole_passaros.jpg 2000w\" sizes=\"(max-width: 630px) 100vw, 630px\" alt=\"\">\r\n                            <\/a>\r\n                            <figcaption class = \"td-slide-caption td-gallery-slide-content\"><div class = \"td-gallery-slide-copywrite\">P\u00e1ssaros necropolis.<\/div><\/figcaption>\r\n                        <\/figure>\r\n                    <\/div>\r\n                    <div class = \"td-slide-item td-item2\">\r\n                        <figure class=\"td-slide-galery-figure td-slide-popup-gallery\">\r\n                            <a class=\"slide-gallery-image-link\" href=\"https:\/\/terracallaeci.pt\/wp-content\/uploads\/2023\/01\/SoutoEscuro.jpg\" title=\"SoutoEscuro\"  data-caption=\"Gravuras rupestres de Souto Escuro 1.\"  data-description=\"\">\r\n                                <img decoding=\"async\" src=\"https:\/\/terracallaeci.pt\/wp-content\/uploads\/2023\/01\/SoutoEscuro-630x420.jpg\" srcset=\"https:\/\/terracallaeci.pt\/wp-content\/uploads\/2023\/01\/SoutoEscuro-630x420.jpg 630w, https:\/\/terracallaeci.pt\/wp-content\/uploads\/2023\/01\/SoutoEscuro-300x200.jpg 300w, https:\/\/terracallaeci.pt\/wp-content\/uploads\/2023\/01\/SoutoEscuro-1024x682.jpg 1024w, https:\/\/terracallaeci.pt\/wp-content\/uploads\/2023\/01\/SoutoEscuro-768x512.jpg 768w, https:\/\/terracallaeci.pt\/wp-content\/uploads\/2023\/01\/SoutoEscuro-1536x1024.jpg 1536w, https:\/\/terracallaeci.pt\/wp-content\/uploads\/2023\/01\/SoutoEscuro-150x100.jpg 150w, https:\/\/terracallaeci.pt\/wp-content\/uploads\/2023\/01\/SoutoEscuro-696x464.jpg 696w, https:\/\/terracallaeci.pt\/wp-content\/uploads\/2023\/01\/SoutoEscuro-1068x712.jpg 1068w, https:\/\/terracallaeci.pt\/wp-content\/uploads\/2023\/01\/SoutoEscuro-1920x1280.jpg 1920w, https:\/\/terracallaeci.pt\/wp-content\/uploads\/2023\/01\/SoutoEscuro.jpg 2000w\" sizes=\"(max-width: 630px) 100vw, 630px\" alt=\"\">\r\n                            <\/a>\r\n                            <figcaption class = \"td-slide-caption td-gallery-slide-content\"><div class = \"td-gallery-slide-copywrite\">Ancient rock carvings of Souto Escuro 1.<\/div><\/figcaption>\r\n                        <\/figure>\r\n                    <\/div>\r\n                    <div class = \"td-slide-item td-item3\">\r\n                        <figure class=\"td-slide-galery-figure td-slide-popup-gallery\">\r\n                            <a class=\"slide-gallery-image-link\" href=\"https:\/\/terracallaeci.pt\/wp-content\/uploads\/2023\/01\/Brejo.jpg\" title=\"Brejo\"  data-caption=\"Minas do Brejo.\"  data-description=\"\">\r\n                                <img decoding=\"async\" src=\"https:\/\/terracallaeci.pt\/wp-content\/uploads\/2023\/01\/Brejo-630x420.jpg\" srcset=\"https:\/\/terracallaeci.pt\/wp-content\/uploads\/2023\/01\/Brejo-630x420.jpg 630w, https:\/\/terracallaeci.pt\/wp-content\/uploads\/2023\/01\/Brejo-300x200.jpg 300w, https:\/\/terracallaeci.pt\/wp-content\/uploads\/2023\/01\/Brejo-1024x682.jpg 1024w, https:\/\/terracallaeci.pt\/wp-content\/uploads\/2023\/01\/Brejo-768x512.jpg 768w, https:\/\/terracallaeci.pt\/wp-content\/uploads\/2023\/01\/Brejo-1536x1024.jpg 1536w, https:\/\/terracallaeci.pt\/wp-content\/uploads\/2023\/01\/Brejo-150x100.jpg 150w, https:\/\/terracallaeci.pt\/wp-content\/uploads\/2023\/01\/Brejo-696x464.jpg 696w, https:\/\/terracallaeci.pt\/wp-content\/uploads\/2023\/01\/Brejo-1068x712.jpg 1068w, https:\/\/terracallaeci.pt\/wp-content\/uploads\/2023\/01\/Brejo-1920x1280.jpg 1920w, https:\/\/terracallaeci.pt\/wp-content\/uploads\/2023\/01\/Brejo.jpg 2000w\" sizes=\"(max-width: 630px) 100vw, 630px\" alt=\"\">\r\n                            <\/a>\r\n                            <figcaption class = \"td-slide-caption td-gallery-slide-content\"><div class = \"td-gallery-slide-copywrite\">Mines of Brejo.<\/div><\/figcaption>\r\n                        <\/figure>\r\n                    <\/div>\r\n                    <div class = \"td-slide-item td-item4\">\r\n                        <figure class=\"td-slide-galery-figure td-slide-popup-gallery\">\r\n                            <a class=\"slide-gallery-image-link\" href=\"https:\/\/terracallaeci.pt\/wp-content\/uploads\/2023\/01\/Outeiro-Gordo-3.jpg\" title=\"Outeiro-Gordo-3\"  data-caption=\"Gravuras rupestres de Outeiro Gordo.\"  data-description=\"\">\r\n                                <img decoding=\"async\" src=\"https:\/\/terracallaeci.pt\/wp-content\/uploads\/2023\/01\/Outeiro-Gordo-3-630x420.jpg\" srcset=\"https:\/\/terracallaeci.pt\/wp-content\/uploads\/2023\/01\/Outeiro-Gordo-3-630x420.jpg 630w, https:\/\/terracallaeci.pt\/wp-content\/uploads\/2023\/01\/Outeiro-Gordo-3-300x200.jpg 300w, https:\/\/terracallaeci.pt\/wp-content\/uploads\/2023\/01\/Outeiro-Gordo-3-1024x682.jpg 1024w, https:\/\/terracallaeci.pt\/wp-content\/uploads\/2023\/01\/Outeiro-Gordo-3-768x512.jpg 768w, https:\/\/terracallaeci.pt\/wp-content\/uploads\/2023\/01\/Outeiro-Gordo-3-1536x1024.jpg 1536w, https:\/\/terracallaeci.pt\/wp-content\/uploads\/2023\/01\/Outeiro-Gordo-3-150x100.jpg 150w, https:\/\/terracallaeci.pt\/wp-content\/uploads\/2023\/01\/Outeiro-Gordo-3-696x464.jpg 696w, https:\/\/terracallaeci.pt\/wp-content\/uploads\/2023\/01\/Outeiro-Gordo-3-1068x712.jpg 1068w, https:\/\/terracallaeci.pt\/wp-content\/uploads\/2023\/01\/Outeiro-Gordo-3-1920x1280.jpg 1920w, https:\/\/terracallaeci.pt\/wp-content\/uploads\/2023\/01\/Outeiro-Gordo-3.jpg 2000w\" sizes=\"(max-width: 630px) 100vw, 630px\" alt=\"\">\r\n                            <\/a>\r\n                            <figcaption class = \"td-slide-caption td-gallery-slide-content\"><div class = \"td-gallery-slide-copywrite\">Ancient rock carvings of Outeiro Gordo.<\/div><\/figcaption>\r\n                        <\/figure>\r\n                    <\/div>\r\n                    <div class = \"td-slide-item td-item5\">\r\n                        <figure class=\"td-slide-galery-figure td-slide-popup-gallery\">\r\n                            <a class=\"slide-gallery-image-link\" href=\"https:\/\/terracallaeci.pt\/wp-content\/uploads\/2023\/01\/IMG_1484.jpg\" title=\"IMG_1484\"  data-caption=\"Vale do Terva.\"  data-description=\"\">\r\n                                <img decoding=\"async\" src=\"https:\/\/terracallaeci.pt\/wp-content\/uploads\/2023\/01\/IMG_1484-630x420.jpg\" srcset=\"https:\/\/terracallaeci.pt\/wp-content\/uploads\/2023\/01\/IMG_1484-630x420.jpg 630w, https:\/\/terracallaeci.pt\/wp-content\/uploads\/2023\/01\/IMG_1484-300x200.jpg 300w, https:\/\/terracallaeci.pt\/wp-content\/uploads\/2023\/01\/IMG_1484-1024x682.jpg 1024w, https:\/\/terracallaeci.pt\/wp-content\/uploads\/2023\/01\/IMG_1484-768x512.jpg 768w, https:\/\/terracallaeci.pt\/wp-content\/uploads\/2023\/01\/IMG_1484-1536x1024.jpg 1536w, https:\/\/terracallaeci.pt\/wp-content\/uploads\/2023\/01\/IMG_1484-150x100.jpg 150w, https:\/\/terracallaeci.pt\/wp-content\/uploads\/2023\/01\/IMG_1484-696x464.jpg 696w, https:\/\/terracallaeci.pt\/wp-content\/uploads\/2023\/01\/IMG_1484-1068x712.jpg 1068w, https:\/\/terracallaeci.pt\/wp-content\/uploads\/2023\/01\/IMG_1484-1920x1280.jpg 1920w, https:\/\/terracallaeci.pt\/wp-content\/uploads\/2023\/01\/IMG_1484.jpg 2000w\" sizes=\"(max-width: 630px) 100vw, 630px\" alt=\"\">\r\n                            <\/a>\r\n                            <figcaption class = \"td-slide-caption td-gallery-slide-content\"><div class = \"td-gallery-slide-copywrite\">Terva valley.<\/div><\/figcaption>\r\n                        <\/figure>\r\n                    <\/div>\r\n                    <div class = \"td-slide-item td-item6\">\r\n                        <figure class=\"td-slide-galery-figure td-slide-popup-gallery\">\r\n                            <a class=\"slide-gallery-image-link\" href=\"https:\/\/terracallaeci.pt\/wp-content\/uploads\/2023\/01\/Lagoa-Brejo-4.jpg\" title=\"Lagoa-Brejo-4\"  data-caption=\"Observat\u00f3rio da lagoa do Brejo.\"  data-description=\"\">\r\n                                <img decoding=\"async\" src=\"https:\/\/terracallaeci.pt\/wp-content\/uploads\/2023\/01\/Lagoa-Brejo-4-630x420.jpg\" srcset=\"https:\/\/terracallaeci.pt\/wp-content\/uploads\/2023\/01\/Lagoa-Brejo-4-630x420.jpg 630w, https:\/\/terracallaeci.pt\/wp-content\/uploads\/2023\/01\/Lagoa-Brejo-4-300x200.jpg 300w, https:\/\/terracallaeci.pt\/wp-content\/uploads\/2023\/01\/Lagoa-Brejo-4-1024x682.jpg 1024w, https:\/\/terracallaeci.pt\/wp-content\/uploads\/2023\/01\/Lagoa-Brejo-4-768x512.jpg 768w, https:\/\/terracallaeci.pt\/wp-content\/uploads\/2023\/01\/Lagoa-Brejo-4-1536x1024.jpg 1536w, https:\/\/terracallaeci.pt\/wp-content\/uploads\/2023\/01\/Lagoa-Brejo-4-150x100.jpg 150w, https:\/\/terracallaeci.pt\/wp-content\/uploads\/2023\/01\/Lagoa-Brejo-4-696x464.jpg 696w, https:\/\/terracallaeci.pt\/wp-content\/uploads\/2023\/01\/Lagoa-Brejo-4-1068x712.jpg 1068w, https:\/\/terracallaeci.pt\/wp-content\/uploads\/2023\/01\/Lagoa-Brejo-4-1920x1280.jpg 1920w, https:\/\/terracallaeci.pt\/wp-content\/uploads\/2023\/01\/Lagoa-Brejo-4.jpg 2000w\" sizes=\"(max-width: 630px) 100vw, 630px\" alt=\"\">\r\n                            <\/a>\r\n                            <figcaption class = \"td-slide-caption td-gallery-slide-content\"><div class = \"td-gallery-slide-copywrite\">Observatory of the Brejo lagoon.<\/div><\/figcaption>\r\n                        <\/figure>\r\n                    <\/div>\r\n                    <div class = \"td-slide-item td-item7\">\r\n                        <figure class=\"td-slide-galery-figure td-slide-popup-gallery\">\r\n                            <a class=\"slide-gallery-image-link\" href=\"https:\/\/terracallaeci.pt\/wp-content\/uploads\/2023\/01\/IMG_3968.jpg\" title=\"IMG_3968\"  data-caption=\"Vale do Terva.\"  data-description=\"\">\r\n                                <img decoding=\"async\" src=\"https:\/\/terracallaeci.pt\/wp-content\/uploads\/2023\/01\/IMG_3968-630x420.jpg\" srcset=\"https:\/\/terracallaeci.pt\/wp-content\/uploads\/2023\/01\/IMG_3968-630x420.jpg 630w, https:\/\/terracallaeci.pt\/wp-content\/uploads\/2023\/01\/IMG_3968-300x200.jpg 300w, https:\/\/terracallaeci.pt\/wp-content\/uploads\/2023\/01\/IMG_3968-1024x682.jpg 1024w, https:\/\/terracallaeci.pt\/wp-content\/uploads\/2023\/01\/IMG_3968-768x512.jpg 768w, https:\/\/terracallaeci.pt\/wp-content\/uploads\/2023\/01\/IMG_3968-1536x1024.jpg 1536w, https:\/\/terracallaeci.pt\/wp-content\/uploads\/2023\/01\/IMG_3968-150x100.jpg 150w, https:\/\/terracallaeci.pt\/wp-content\/uploads\/2023\/01\/IMG_3968-696x464.jpg 696w, https:\/\/terracallaeci.pt\/wp-content\/uploads\/2023\/01\/IMG_3968-1068x712.jpg 1068w, https:\/\/terracallaeci.pt\/wp-content\/uploads\/2023\/01\/IMG_3968-1920x1280.jpg 1920w, https:\/\/terracallaeci.pt\/wp-content\/uploads\/2023\/01\/IMG_3968.jpg 2000w\" sizes=\"(max-width: 630px) 100vw, 630px\" alt=\"\">\r\n                            <\/a>\r\n                            <figcaption class = \"td-slide-caption td-gallery-slide-content\"><div class = \"td-gallery-slide-copywrite\">Terva valley.<\/div><\/figcaption>\r\n                        <\/figure>\r\n                    <\/div>\r\n                    <div class = \"td-slide-item td-item8\">\r\n                        <figure class=\"td-slide-galery-figure td-slide-popup-gallery\">\r\n                            <a class=\"slide-gallery-image-link\" href=\"https:\/\/terracallaeci.pt\/wp-content\/uploads\/2023\/01\/SAM_7045.jpg\" title=\"SAM_7045\"  data-caption=\"Lagoa do Brejo.\"  data-description=\"\">\r\n                                <img decoding=\"async\" src=\"https:\/\/terracallaeci.pt\/wp-content\/uploads\/2023\/01\/SAM_7045-630x420.jpg\" srcset=\"https:\/\/terracallaeci.pt\/wp-content\/uploads\/2023\/01\/SAM_7045-630x420.jpg 630w, https:\/\/terracallaeci.pt\/wp-content\/uploads\/2023\/01\/SAM_7045-300x200.jpg 300w, https:\/\/terracallaeci.pt\/wp-content\/uploads\/2023\/01\/SAM_7045-1024x682.jpg 1024w, https:\/\/terracallaeci.pt\/wp-content\/uploads\/2023\/01\/SAM_7045-768x512.jpg 768w, https:\/\/terracallaeci.pt\/wp-content\/uploads\/2023\/01\/SAM_7045-1536x1024.jpg 1536w, https:\/\/terracallaeci.pt\/wp-content\/uploads\/2023\/01\/SAM_7045-150x100.jpg 150w, https:\/\/terracallaeci.pt\/wp-content\/uploads\/2023\/01\/SAM_7045-696x464.jpg 696w, https:\/\/terracallaeci.pt\/wp-content\/uploads\/2023\/01\/SAM_7045-1068x712.jpg 1068w, https:\/\/terracallaeci.pt\/wp-content\/uploads\/2023\/01\/SAM_7045-1920x1280.jpg 1920w, https:\/\/terracallaeci.pt\/wp-content\/uploads\/2023\/01\/SAM_7045.jpg 2000w\" sizes=\"(max-width: 630px) 100vw, 630px\" alt=\"\">\r\n                            <\/a>\r\n                            <figcaption class = \"td-slide-caption td-gallery-slide-content\"><div class = \"td-gallery-slide-copywrite\">Brejo Lagoon.<\/div><\/figcaption>\r\n                        <\/figure>\r\n                    <\/div>\r\n                    <div class = \"td-slide-item td-item9\">\r\n                        <figure class=\"td-slide-galery-figure td-slide-popup-gallery\">\r\n                            <a class=\"slide-gallery-image-link\" href=\"https:\/\/terracallaeci.pt\/wp-content\/uploads\/2023\/01\/Barrenhas.jpg\" title=\"Barrenhas\"  data-caption=\"Gravuras rupestres das Barrenhas.\"  data-description=\"\">\r\n                                <img decoding=\"async\" src=\"https:\/\/terracallaeci.pt\/wp-content\/uploads\/2023\/01\/Barrenhas-630x420.jpg\" srcset=\"https:\/\/terracallaeci.pt\/wp-content\/uploads\/2023\/01\/Barrenhas-630x420.jpg 630w, https:\/\/terracallaeci.pt\/wp-content\/uploads\/2023\/01\/Barrenhas-300x200.jpg 300w, https:\/\/terracallaeci.pt\/wp-content\/uploads\/2023\/01\/Barrenhas-1024x682.jpg 1024w, https:\/\/terracallaeci.pt\/wp-content\/uploads\/2023\/01\/Barrenhas-768x512.jpg 768w, https:\/\/terracallaeci.pt\/wp-content\/uploads\/2023\/01\/Barrenhas-1536x1024.jpg 1536w, https:\/\/terracallaeci.pt\/wp-content\/uploads\/2023\/01\/Barrenhas-150x100.jpg 150w, https:\/\/terracallaeci.pt\/wp-content\/uploads\/2023\/01\/Barrenhas-696x464.jpg 696w, https:\/\/terracallaeci.pt\/wp-content\/uploads\/2023\/01\/Barrenhas-1068x712.jpg 1068w, https:\/\/terracallaeci.pt\/wp-content\/uploads\/2023\/01\/Barrenhas-1920x1280.jpg 1920w, https:\/\/terracallaeci.pt\/wp-content\/uploads\/2023\/01\/Barrenhas.jpg 2000w\" sizes=\"(max-width: 630px) 100vw, 630px\" alt=\"\">\r\n                            <\/a>\r\n                            <figcaption class = \"td-slide-caption td-gallery-slide-content\"><div class = \"td-gallery-slide-copywrite\">Ancient rock carvings of Barrenhas.<\/div><\/figcaption>\r\n                        <\/figure>\r\n                    <\/div>\r\n                    <div class = \"td-slide-item td-item10\">\r\n                        <figure class=\"td-slide-galery-figure td-slide-popup-gallery\">\r\n                            <a class=\"slide-gallery-image-link\" href=\"https:\/\/terracallaeci.pt\/wp-content\/uploads\/2023\/01\/SAM_1086.jpg\" title=\"SAM_1086\"  data-caption=\"Castro de Nogueira.\"  data-description=\"\">\r\n                                <img decoding=\"async\" src=\"https:\/\/terracallaeci.pt\/wp-content\/uploads\/2023\/01\/SAM_1086-630x420.jpg\" srcset=\"https:\/\/terracallaeci.pt\/wp-content\/uploads\/2023\/01\/SAM_1086-630x420.jpg 630w, https:\/\/terracallaeci.pt\/wp-content\/uploads\/2023\/01\/SAM_1086-300x200.jpg 300w, https:\/\/terracallaeci.pt\/wp-content\/uploads\/2023\/01\/SAM_1086-1024x682.jpg 1024w, https:\/\/terracallaeci.pt\/wp-content\/uploads\/2023\/01\/SAM_1086-768x512.jpg 768w, https:\/\/terracallaeci.pt\/wp-content\/uploads\/2023\/01\/SAM_1086-1536x1024.jpg 1536w, https:\/\/terracallaeci.pt\/wp-content\/uploads\/2023\/01\/SAM_1086-150x100.jpg 150w, https:\/\/terracallaeci.pt\/wp-content\/uploads\/2023\/01\/SAM_1086-696x464.jpg 696w, https:\/\/terracallaeci.pt\/wp-content\/uploads\/2023\/01\/SAM_1086-1068x712.jpg 1068w, https:\/\/terracallaeci.pt\/wp-content\/uploads\/2023\/01\/SAM_1086-1920x1280.jpg 1920w, https:\/\/terracallaeci.pt\/wp-content\/uploads\/2023\/01\/SAM_1086.jpg 2000w\" sizes=\"(max-width: 630px) 100vw, 630px\" alt=\"\">\r\n                            <\/a>\r\n                            <figcaption class = \"td-slide-caption td-gallery-slide-content\"><div class = \"td-gallery-slide-copywrite\">Hillfort of Nogueira.<\/div><\/figcaption>\r\n                        <\/figure>\r\n                    <\/div>\r\n                    <div class = \"td-slide-item td-item11\">\r\n                        <figure class=\"td-slide-galery-figure td-slide-popup-gallery\">\r\n                            <a class=\"slide-gallery-image-link\" href=\"https:\/\/terracallaeci.pt\/wp-content\/uploads\/2023\/01\/SAM_6956.jpg\" title=\"SAM_6956\"  data-caption=\"Castro de Nogueira.\"  data-description=\"\">\r\n                                <img decoding=\"async\" src=\"https:\/\/terracallaeci.pt\/wp-content\/uploads\/2023\/01\/SAM_6956-630x420.jpg\" srcset=\"https:\/\/terracallaeci.pt\/wp-content\/uploads\/2023\/01\/SAM_6956-630x420.jpg 630w, https:\/\/terracallaeci.pt\/wp-content\/uploads\/2023\/01\/SAM_6956-300x200.jpg 300w, https:\/\/terracallaeci.pt\/wp-content\/uploads\/2023\/01\/SAM_6956-1024x682.jpg 1024w, https:\/\/terracallaeci.pt\/wp-content\/uploads\/2023\/01\/SAM_6956-768x512.jpg 768w, https:\/\/terracallaeci.pt\/wp-content\/uploads\/2023\/01\/SAM_6956-1536x1024.jpg 1536w, https:\/\/terracallaeci.pt\/wp-content\/uploads\/2023\/01\/SAM_6956-150x100.jpg 150w, https:\/\/terracallaeci.pt\/wp-content\/uploads\/2023\/01\/SAM_6956-696x464.jpg 696w, https:\/\/terracallaeci.pt\/wp-content\/uploads\/2023\/01\/SAM_6956-1068x712.jpg 1068w, https:\/\/terracallaeci.pt\/wp-content\/uploads\/2023\/01\/SAM_6956-1920x1280.jpg 1920w, https:\/\/terracallaeci.pt\/wp-content\/uploads\/2023\/01\/SAM_6956.jpg 2000w\" sizes=\"(max-width: 630px) 100vw, 630px\" alt=\"\">\r\n                            <\/a>\r\n                            <figcaption class = \"td-slide-caption td-gallery-slide-content\"><div class = \"td-gallery-slide-copywrite\">Hillfort of Nogueira.<\/div><\/figcaption>\r\n                        <\/figure>\r\n                    <\/div>\r\n                    <div class = \"td-slide-item td-item12\">\r\n                        <figure class=\"td-slide-galery-figure td-slide-popup-gallery\">\r\n                            <a class=\"slide-gallery-image-link\" href=\"https:\/\/terracallaeci.pt\/wp-content\/uploads\/2023\/01\/IMG_5010.jpg\" title=\"IMG_5010\"  data-caption=\"Via Medieval do Castelo da Contenda.\"  data-description=\"\">\r\n                                <img decoding=\"async\" src=\"https:\/\/terracallaeci.pt\/wp-content\/uploads\/2023\/01\/IMG_5010-630x420.jpg\" srcset=\"https:\/\/terracallaeci.pt\/wp-content\/uploads\/2023\/01\/IMG_5010-630x420.jpg 630w, https:\/\/terracallaeci.pt\/wp-content\/uploads\/2023\/01\/IMG_5010-300x200.jpg 300w, https:\/\/terracallaeci.pt\/wp-content\/uploads\/2023\/01\/IMG_5010-1024x682.jpg 1024w, https:\/\/terracallaeci.pt\/wp-content\/uploads\/2023\/01\/IMG_5010-768x512.jpg 768w, https:\/\/terracallaeci.pt\/wp-content\/uploads\/2023\/01\/IMG_5010-1536x1024.jpg 1536w, https:\/\/terracallaeci.pt\/wp-content\/uploads\/2023\/01\/IMG_5010-150x100.jpg 150w, https:\/\/terracallaeci.pt\/wp-content\/uploads\/2023\/01\/IMG_5010-696x464.jpg 696w, https:\/\/terracallaeci.pt\/wp-content\/uploads\/2023\/01\/IMG_5010-1068x712.jpg 1068w, https:\/\/terracallaeci.pt\/wp-content\/uploads\/2023\/01\/IMG_5010-1920x1280.jpg 1920w, https:\/\/terracallaeci.pt\/wp-content\/uploads\/2023\/01\/IMG_5010.jpg 2000w\" sizes=\"(max-width: 630px) 100vw, 630px\" alt=\"\">\r\n                            <\/a>\r\n                            <figcaption class = \"td-slide-caption td-gallery-slide-content\"><div class = \"td-gallery-slide-copywrite\">Medieval road of Castelo da Contenda.<\/div><\/figcaption>\r\n                        <\/figure>\r\n                    <\/div>\r\n                    <div class = \"td-slide-item td-item13\">\r\n                        <figure class=\"td-slide-galery-figure td-slide-popup-gallery\">\r\n                            <a class=\"slide-gallery-image-link\" href=\"https:\/\/terracallaeci.pt\/wp-content\/uploads\/2023\/01\/castelo-2.jpg\" title=\"castelo-2\"  data-caption=\"Castelo das Fragas da Contenda.\"  data-description=\"\">\r\n                                <img decoding=\"async\" src=\"https:\/\/terracallaeci.pt\/wp-content\/uploads\/2023\/01\/castelo-2-630x420.jpg\" srcset=\"https:\/\/terracallaeci.pt\/wp-content\/uploads\/2023\/01\/castelo-2-630x420.jpg 630w, https:\/\/terracallaeci.pt\/wp-content\/uploads\/2023\/01\/castelo-2-300x200.jpg 300w, https:\/\/terracallaeci.pt\/wp-content\/uploads\/2023\/01\/castelo-2-1024x682.jpg 1024w, https:\/\/terracallaeci.pt\/wp-content\/uploads\/2023\/01\/castelo-2-768x512.jpg 768w, https:\/\/terracallaeci.pt\/wp-content\/uploads\/2023\/01\/castelo-2-1536x1024.jpg 1536w, https:\/\/terracallaeci.pt\/wp-content\/uploads\/2023\/01\/castelo-2-150x100.jpg 150w, https:\/\/terracallaeci.pt\/wp-content\/uploads\/2023\/01\/castelo-2-696x464.jpg 696w, https:\/\/terracallaeci.pt\/wp-content\/uploads\/2023\/01\/castelo-2-1068x712.jpg 1068w, https:\/\/terracallaeci.pt\/wp-content\/uploads\/2023\/01\/castelo-2-1920x1280.jpg 1920w, https:\/\/terracallaeci.pt\/wp-content\/uploads\/2023\/01\/castelo-2.jpg 2000w\" sizes=\"(max-width: 630px) 100vw, 630px\" alt=\"\">\r\n                            <\/a>\r\n                            <figcaption class = \"td-slide-caption td-gallery-slide-content\"><div class = \"td-gallery-slide-copywrite\">Fragas da Contenda castle.<\/div><\/figcaption>\r\n                        <\/figure>\r\n                    <\/div>\r\n                    <div class = \"td-slide-item td-item14\">\r\n                        <figure class=\"td-slide-galery-figure td-slide-popup-gallery\">\r\n                            <a class=\"slide-gallery-image-link\" href=\"https:\/\/terracallaeci.pt\/wp-content\/uploads\/2023\/01\/castelo-1.jpg\" title=\"castelo-1\"  data-caption=\"Castelo das Fragas da Contenda.\"  data-description=\"\">\r\n                                <img decoding=\"async\" src=\"https:\/\/terracallaeci.pt\/wp-content\/uploads\/2023\/01\/castelo-1-630x420.jpg\" srcset=\"https:\/\/terracallaeci.pt\/wp-content\/uploads\/2023\/01\/castelo-1-630x420.jpg 630w, https:\/\/terracallaeci.pt\/wp-content\/uploads\/2023\/01\/castelo-1-300x200.jpg 300w, https:\/\/terracallaeci.pt\/wp-content\/uploads\/2023\/01\/castelo-1-1024x682.jpg 1024w, https:\/\/terracallaeci.pt\/wp-content\/uploads\/2023\/01\/castelo-1-768x512.jpg 768w, https:\/\/terracallaeci.pt\/wp-content\/uploads\/2023\/01\/castelo-1-1536x1024.jpg 1536w, https:\/\/terracallaeci.pt\/wp-content\/uploads\/2023\/01\/castelo-1-150x100.jpg 150w, https:\/\/terracallaeci.pt\/wp-content\/uploads\/2023\/01\/castelo-1-696x464.jpg 696w, https:\/\/terracallaeci.pt\/wp-content\/uploads\/2023\/01\/castelo-1-1068x712.jpg 1068w, https:\/\/terracallaeci.pt\/wp-content\/uploads\/2023\/01\/castelo-1-1920x1280.jpg 1920w, https:\/\/terracallaeci.pt\/wp-content\/uploads\/2023\/01\/castelo-1.jpg 2000w\" sizes=\"(max-width: 630px) 100vw, 630px\" alt=\"\">\r\n                            <\/a>\r\n                            <figcaption class = \"td-slide-caption td-gallery-slide-content\"><div class = \"td-gallery-slide-copywrite\">Fragas da Contenda castle.<\/div><\/figcaption>\r\n                        <\/figure>\r\n                    <\/div>\r\n                    <div class = \"td-slide-item td-item15\">\r\n                        <figure class=\"td-slide-galery-figure td-slide-popup-gallery\">\r\n                            <a class=\"slide-gallery-image-link\" href=\"https:\/\/terracallaeci.pt\/wp-content\/uploads\/2023\/01\/IMG_7268.jpg\" title=\"IMG_7268\"  data-caption=\"Vale do Terva.\"  data-description=\"\">\r\n                                <img decoding=\"async\" src=\"https:\/\/terracallaeci.pt\/wp-content\/uploads\/2023\/01\/IMG_7268-630x420.jpg\" srcset=\"https:\/\/terracallaeci.pt\/wp-content\/uploads\/2023\/01\/IMG_7268-630x420.jpg 630w, https:\/\/terracallaeci.pt\/wp-content\/uploads\/2023\/01\/IMG_7268-300x200.jpg 300w, https:\/\/terracallaeci.pt\/wp-content\/uploads\/2023\/01\/IMG_7268-1024x682.jpg 1024w, https:\/\/terracallaeci.pt\/wp-content\/uploads\/2023\/01\/IMG_7268-768x512.jpg 768w, https:\/\/terracallaeci.pt\/wp-content\/uploads\/2023\/01\/IMG_7268-1536x1024.jpg 1536w, https:\/\/terracallaeci.pt\/wp-content\/uploads\/2023\/01\/IMG_7268-150x100.jpg 150w, https:\/\/terracallaeci.pt\/wp-content\/uploads\/2023\/01\/IMG_7268-696x464.jpg 696w, https:\/\/terracallaeci.pt\/wp-content\/uploads\/2023\/01\/IMG_7268-1068x712.jpg 1068w, https:\/\/terracallaeci.pt\/wp-content\/uploads\/2023\/01\/IMG_7268-1920x1280.jpg 1920w, https:\/\/terracallaeci.pt\/wp-content\/uploads\/2023\/01\/IMG_7268.jpg 2000w\" sizes=\"(max-width: 630px) 100vw, 630px\" alt=\"\">\r\n                            <\/a>\r\n                            <figcaption class = \"td-slide-caption td-gallery-slide-content\"><div class = \"td-gallery-slide-copywrite\">Terva valley.<\/div><\/figcaption>\r\n                        <\/figure>\r\n                    <\/div>\r\n                    <div class = \"td-slide-item td-item16\">\r\n                        <figure class=\"td-slide-galery-figure td-slide-popup-gallery\">\r\n                            <a class=\"slide-gallery-image-link\" href=\"https:\/\/terracallaeci.pt\/wp-content\/uploads\/2023\/01\/VR1.jpg\" title=\"VR1\"  data-caption=\"Via Romana XVII.\"  data-description=\"\">\r\n                                <img decoding=\"async\" src=\"https:\/\/terracallaeci.pt\/wp-content\/uploads\/2023\/01\/VR1-630x420.jpg\" srcset=\"https:\/\/terracallaeci.pt\/wp-content\/uploads\/2023\/01\/VR1-630x420.jpg 630w, https:\/\/terracallaeci.pt\/wp-content\/uploads\/2023\/01\/VR1-300x200.jpg 300w, https:\/\/terracallaeci.pt\/wp-content\/uploads\/2023\/01\/VR1-1024x682.jpg 1024w, https:\/\/terracallaeci.pt\/wp-content\/uploads\/2023\/01\/VR1-768x512.jpg 768w, https:\/\/terracallaeci.pt\/wp-content\/uploads\/2023\/01\/VR1-1536x1024.jpg 1536w, https:\/\/terracallaeci.pt\/wp-content\/uploads\/2023\/01\/VR1-150x100.jpg 150w, https:\/\/terracallaeci.pt\/wp-content\/uploads\/2023\/01\/VR1-696x464.jpg 696w, https:\/\/terracallaeci.pt\/wp-content\/uploads\/2023\/01\/VR1-1068x712.jpg 1068w, https:\/\/terracallaeci.pt\/wp-content\/uploads\/2023\/01\/VR1-1920x1280.jpg 1920w, https:\/\/terracallaeci.pt\/wp-content\/uploads\/2023\/01\/VR1.jpg 2000w\" sizes=\"(max-width: 630px) 100vw, 630px\" alt=\"\">\r\n                            <\/a>\r\n                            <figcaption class = \"td-slide-caption td-gallery-slide-content\"><div class = \"td-gallery-slide-copywrite\">Roman Road XVII.<\/div><\/figcaption>\r\n                        <\/figure>\r\n                    <\/div>\r\n                    <div class = \"td-slide-item td-item17\">\r\n                        <figure class=\"td-slide-galery-figure td-slide-popup-gallery\">\r\n                            <a class=\"slide-gallery-image-link\" href=\"https:\/\/terracallaeci.pt\/wp-content\/uploads\/2023\/01\/IMG_7291.jpg\" title=\"IMG_7291\"  data-caption=\"Via Romana XVII.\"  data-description=\"\">\r\n                                <img decoding=\"async\" src=\"https:\/\/terracallaeci.pt\/wp-content\/uploads\/2023\/01\/IMG_7291-630x420.jpg\" srcset=\"https:\/\/terracallaeci.pt\/wp-content\/uploads\/2023\/01\/IMG_7291-630x420.jpg 630w, https:\/\/terracallaeci.pt\/wp-content\/uploads\/2023\/01\/IMG_7291-300x200.jpg 300w, https:\/\/terracallaeci.pt\/wp-content\/uploads\/2023\/01\/IMG_7291-1024x682.jpg 1024w, https:\/\/terracallaeci.pt\/wp-content\/uploads\/2023\/01\/IMG_7291-768x512.jpg 768w, https:\/\/terracallaeci.pt\/wp-content\/uploads\/2023\/01\/IMG_7291-1536x1024.jpg 1536w, https:\/\/terracallaeci.pt\/wp-content\/uploads\/2023\/01\/IMG_7291-150x100.jpg 150w, https:\/\/terracallaeci.pt\/wp-content\/uploads\/2023\/01\/IMG_7291-696x464.jpg 696w, https:\/\/terracallaeci.pt\/wp-content\/uploads\/2023\/01\/IMG_7291-1068x712.jpg 1068w, https:\/\/terracallaeci.pt\/wp-content\/uploads\/2023\/01\/IMG_7291-1920x1280.jpg 1920w, https:\/\/terracallaeci.pt\/wp-content\/uploads\/2023\/01\/IMG_7291.jpg 2000w\" sizes=\"(max-width: 630px) 100vw, 630px\" alt=\"\">\r\n                            <\/a>\r\n                            <figcaption class = \"td-slide-caption td-gallery-slide-content\"><div class = \"td-gallery-slide-copywrite\">Roman Road XVII.<\/div><\/figcaption>\r\n                        <\/figure>\r\n                    <\/div>\r\n                    <div class = \"td-slide-item td-item18\">\r\n                        <figure class=\"td-slide-galery-figure td-slide-popup-gallery\">\r\n                            <a class=\"slide-gallery-image-link\" href=\"https:\/\/terracallaeci.pt\/wp-content\/uploads\/2023\/01\/VR4.jpg\" title=\"VR4\"  data-caption=\"Via Romana XVII.\"  data-description=\"\">\r\n                                <img decoding=\"async\" src=\"https:\/\/terracallaeci.pt\/wp-content\/uploads\/2023\/01\/VR4-630x420.jpg\" srcset=\"https:\/\/terracallaeci.pt\/wp-content\/uploads\/2023\/01\/VR4-630x420.jpg 630w, https:\/\/terracallaeci.pt\/wp-content\/uploads\/2023\/01\/VR4-300x200.jpg 300w, https:\/\/terracallaeci.pt\/wp-content\/uploads\/2023\/01\/VR4-1024x682.jpg 1024w, https:\/\/terracallaeci.pt\/wp-content\/uploads\/2023\/01\/VR4-768x512.jpg 768w, https:\/\/terracallaeci.pt\/wp-content\/uploads\/2023\/01\/VR4-1536x1024.jpg 1536w, https:\/\/terracallaeci.pt\/wp-content\/uploads\/2023\/01\/VR4-150x100.jpg 150w, https:\/\/terracallaeci.pt\/wp-content\/uploads\/2023\/01\/VR4-696x464.jpg 696w, https:\/\/terracallaeci.pt\/wp-content\/uploads\/2023\/01\/VR4-1068x712.jpg 1068w, https:\/\/terracallaeci.pt\/wp-content\/uploads\/2023\/01\/VR4-1920x1280.jpg 1920w, https:\/\/terracallaeci.pt\/wp-content\/uploads\/2023\/01\/VR4.jpg 2000w\" sizes=\"(max-width: 630px) 100vw, 630px\" alt=\"\">\r\n                            <\/a>\r\n                            <figcaption class = \"td-slide-caption td-gallery-slide-content\"><div class = \"td-gallery-slide-copywrite\">Roman Road XVII.<\/div><\/figcaption>\r\n                        <\/figure>\r\n                    <\/div>\r\n                    <div class = \"td-slide-item td-item19\">\r\n                        <figure class=\"td-slide-galery-figure td-slide-popup-gallery\">\r\n                            <a class=\"slide-gallery-image-link\" href=\"https:\/\/terracallaeci.pt\/wp-content\/uploads\/2023\/01\/DJI_0905C.jpg\" title=\"DJI_0905C\"  data-caption=\"Gravuras rupestres do Alto da Seara.\"  data-description=\"\">\r\n                                <img decoding=\"async\" src=\"https:\/\/terracallaeci.pt\/wp-content\/uploads\/2023\/01\/DJI_0905C-630x420.jpg\" srcset=\"https:\/\/terracallaeci.pt\/wp-content\/uploads\/2023\/01\/DJI_0905C-630x420.jpg 630w, https:\/\/terracallaeci.pt\/wp-content\/uploads\/2023\/01\/DJI_0905C-300x200.jpg 300w, https:\/\/terracallaeci.pt\/wp-content\/uploads\/2023\/01\/DJI_0905C-1024x682.jpg 1024w, https:\/\/terracallaeci.pt\/wp-content\/uploads\/2023\/01\/DJI_0905C-768x512.jpg 768w, https:\/\/terracallaeci.pt\/wp-content\/uploads\/2023\/01\/DJI_0905C-1536x1024.jpg 1536w, https:\/\/terracallaeci.pt\/wp-content\/uploads\/2023\/01\/DJI_0905C-150x100.jpg 150w, https:\/\/terracallaeci.pt\/wp-content\/uploads\/2023\/01\/DJI_0905C-696x464.jpg 696w, https:\/\/terracallaeci.pt\/wp-content\/uploads\/2023\/01\/DJI_0905C-1068x712.jpg 1068w, https:\/\/terracallaeci.pt\/wp-content\/uploads\/2023\/01\/DJI_0905C-1920x1280.jpg 1920w, https:\/\/terracallaeci.pt\/wp-content\/uploads\/2023\/01\/DJI_0905C.jpg 2000w\" sizes=\"(max-width: 630px) 100vw, 630px\" alt=\"\">\r\n                            <\/a>\r\n                            <figcaption class = \"td-slide-caption td-gallery-slide-content\"><div class = \"td-gallery-slide-copywrite\">Ancient rock carvings of Alto da Seara.<\/div><\/figcaption>\r\n                        <\/figure>\r\n                    <\/div>\r\n                    <div class = \"td-slide-item td-item20\">\r\n                        <figure class=\"td-slide-galery-figure td-slide-popup-gallery\">\r\n                            <a class=\"slide-gallery-image-link\" href=\"https:\/\/terracallaeci.pt\/wp-content\/uploads\/2023\/01\/SAM_5158.jpg\" title=\"SAMSUNG CSC\"  data-caption=\"Vest\u00edgios do aqueduto romano do Alto da Abobeleira.\"  data-description=\"\">\r\n                                <img decoding=\"async\" src=\"https:\/\/terracallaeci.pt\/wp-content\/uploads\/2023\/01\/SAM_5158-630x420.jpg\" srcset=\"https:\/\/terracallaeci.pt\/wp-content\/uploads\/2023\/01\/SAM_5158-630x420.jpg 630w, https:\/\/terracallaeci.pt\/wp-content\/uploads\/2023\/01\/SAM_5158-300x200.jpg 300w, https:\/\/terracallaeci.pt\/wp-content\/uploads\/2023\/01\/SAM_5158-1024x682.jpg 1024w, https:\/\/terracallaeci.pt\/wp-content\/uploads\/2023\/01\/SAM_5158-768x512.jpg 768w, https:\/\/terracallaeci.pt\/wp-content\/uploads\/2023\/01\/SAM_5158-1536x1024.jpg 1536w, https:\/\/terracallaeci.pt\/wp-content\/uploads\/2023\/01\/SAM_5158-150x100.jpg 150w, https:\/\/terracallaeci.pt\/wp-content\/uploads\/2023\/01\/SAM_5158-696x464.jpg 696w, https:\/\/terracallaeci.pt\/wp-content\/uploads\/2023\/01\/SAM_5158-1068x712.jpg 1068w, https:\/\/terracallaeci.pt\/wp-content\/uploads\/2023\/01\/SAM_5158-1920x1280.jpg 1920w, https:\/\/terracallaeci.pt\/wp-content\/uploads\/2023\/01\/SAM_5158.jpg 2000w\" sizes=\"(max-width: 630px) 100vw, 630px\" alt=\"\">\r\n                            <\/a>\r\n                            <figcaption class = \"td-slide-caption td-gallery-slide-content\"><div class = \"td-gallery-slide-copywrite\">Remains of the Roman aqueduct of Alto da Abobeleira.<\/div><\/figcaption>\r\n                        <\/figure>\r\n                    <\/div>\r\n                    <div class = \"td-slide-item td-item21\">\r\n                        <figure class=\"td-slide-galery-figure td-slide-popup-gallery\">\r\n                            <a class=\"slide-gallery-image-link\" href=\"https:\/\/terracallaeci.pt\/wp-content\/uploads\/2023\/01\/vale-2.jpg\" title=\"vale-2\"  data-caption=\"Vale do Terva.\"  data-description=\"\">\r\n                                <img decoding=\"async\" src=\"https:\/\/terracallaeci.pt\/wp-content\/uploads\/2023\/01\/vale-2-630x420.jpg\" srcset=\"https:\/\/terracallaeci.pt\/wp-content\/uploads\/2023\/01\/vale-2-630x420.jpg 630w, https:\/\/terracallaeci.pt\/wp-content\/uploads\/2023\/01\/vale-2-300x200.jpg 300w, https:\/\/terracallaeci.pt\/wp-content\/uploads\/2023\/01\/vale-2-1024x682.jpg 1024w, https:\/\/terracallaeci.pt\/wp-content\/uploads\/2023\/01\/vale-2-768x512.jpg 768w, https:\/\/terracallaeci.pt\/wp-content\/uploads\/2023\/01\/vale-2-1536x1024.jpg 1536w, https:\/\/terracallaeci.pt\/wp-content\/uploads\/2023\/01\/vale-2-150x100.jpg 150w, https:\/\/terracallaeci.pt\/wp-content\/uploads\/2023\/01\/vale-2-696x464.jpg 696w, https:\/\/terracallaeci.pt\/wp-content\/uploads\/2023\/01\/vale-2-1068x712.jpg 1068w, https:\/\/terracallaeci.pt\/wp-content\/uploads\/2023\/01\/vale-2-1920x1280.jpg 1920w, https:\/\/terracallaeci.pt\/wp-content\/uploads\/2023\/01\/vale-2.jpg 2000w\" sizes=\"(max-width: 630px) 100vw, 630px\" alt=\"\">\r\n                            <\/a>\r\n                            <figcaption class = \"td-slide-caption td-gallery-slide-content\"><div class = \"td-gallery-slide-copywrite\">Terva valley.<\/div><\/figcaption>\r\n                        <\/figure>\r\n                    <\/div>\r\n                    <div class = \"td-slide-item td-item22\">\r\n                        <figure class=\"td-slide-galery-figure td-slide-popup-gallery\">\r\n                            <a class=\"slide-gallery-image-link\" href=\"https:\/\/terracallaeci.pt\/wp-content\/uploads\/2023\/01\/tegula.jpg\" title=\"tegula\"  data-caption=\"T\u00e9gula romana.\"  data-description=\"\">\r\n                                <img decoding=\"async\" src=\"https:\/\/terracallaeci.pt\/wp-content\/uploads\/2023\/01\/tegula-630x420.jpg\" srcset=\"https:\/\/terracallaeci.pt\/wp-content\/uploads\/2023\/01\/tegula-630x420.jpg 630w, https:\/\/terracallaeci.pt\/wp-content\/uploads\/2023\/01\/tegula-300x200.jpg 300w, https:\/\/terracallaeci.pt\/wp-content\/uploads\/2023\/01\/tegula-1024x682.jpg 1024w, https:\/\/terracallaeci.pt\/wp-content\/uploads\/2023\/01\/tegula-768x512.jpg 768w, https:\/\/terracallaeci.pt\/wp-content\/uploads\/2023\/01\/tegula-1536x1024.jpg 1536w, https:\/\/terracallaeci.pt\/wp-content\/uploads\/2023\/01\/tegula-150x100.jpg 150w, https:\/\/terracallaeci.pt\/wp-content\/uploads\/2023\/01\/tegula-696x464.jpg 696w, https:\/\/terracallaeci.pt\/wp-content\/uploads\/2023\/01\/tegula-1068x712.jpg 1068w, https:\/\/terracallaeci.pt\/wp-content\/uploads\/2023\/01\/tegula-1920x1280.jpg 1920w, https:\/\/terracallaeci.pt\/wp-content\/uploads\/2023\/01\/tegula.jpg 2000w\" sizes=\"(max-width: 630px) 100vw, 630px\" alt=\"\">\r\n                            <\/a>\r\n                            <figcaption class = \"td-slide-caption td-gallery-slide-content\"><div class = \"td-gallery-slide-copywrite\">Roman tegula.<\/div><\/figcaption>\r\n                        <\/figure>\r\n                    <\/div>\r\n                    <div class = \"td-slide-item td-item23\">\r\n                        <figure class=\"td-slide-galery-figure td-slide-popup-gallery\">\r\n                            <a class=\"slide-gallery-image-link\" href=\"https:\/\/terracallaeci.pt\/wp-content\/uploads\/2023\/01\/Batocas-F.jpg\" title=\"Batocas-F\"  data-caption=\"Povoado romano das Batocas.\"  data-description=\"\">\r\n                                <img decoding=\"async\" src=\"https:\/\/terracallaeci.pt\/wp-content\/uploads\/2023\/01\/Batocas-F-630x420.jpg\" srcset=\"https:\/\/terracallaeci.pt\/wp-content\/uploads\/2023\/01\/Batocas-F-630x420.jpg 630w, https:\/\/terracallaeci.pt\/wp-content\/uploads\/2023\/01\/Batocas-F-300x200.jpg 300w, https:\/\/terracallaeci.pt\/wp-content\/uploads\/2023\/01\/Batocas-F-1024x682.jpg 1024w, https:\/\/terracallaeci.pt\/wp-content\/uploads\/2023\/01\/Batocas-F-768x512.jpg 768w, https:\/\/terracallaeci.pt\/wp-content\/uploads\/2023\/01\/Batocas-F-1536x1024.jpg 1536w, https:\/\/terracallaeci.pt\/wp-content\/uploads\/2023\/01\/Batocas-F-150x100.jpg 150w, https:\/\/terracallaeci.pt\/wp-content\/uploads\/2023\/01\/Batocas-F-696x464.jpg 696w, https:\/\/terracallaeci.pt\/wp-content\/uploads\/2023\/01\/Batocas-F-1068x712.jpg 1068w, https:\/\/terracallaeci.pt\/wp-content\/uploads\/2023\/01\/Batocas-F-1920x1280.jpg 1920w, https:\/\/terracallaeci.pt\/wp-content\/uploads\/2023\/01\/Batocas-F.jpg 2000w\" sizes=\"(max-width: 630px) 100vw, 630px\" alt=\"\">\r\n                            <\/a>\r\n                            <figcaption class = \"td-slide-caption td-gallery-slide-content\"><div class = \"td-gallery-slide-copywrite\">Roman settlement of Batocas.<\/div><\/figcaption>\r\n                        <\/figure>\r\n                    <\/div>\r\n                    <div class = \"td-slide-item td-item24\">\r\n                        <figure class=\"td-slide-galery-figure td-slide-popup-gallery\">\r\n                            <a class=\"slide-gallery-image-link\" href=\"https:\/\/terracallaeci.pt\/wp-content\/uploads\/2023\/01\/MC.jpg\" title=\"MC\"  data-caption=\"Castro do Muro de Cunhas.\"  data-description=\"\">\r\n                                <img decoding=\"async\" src=\"https:\/\/terracallaeci.pt\/wp-content\/uploads\/2023\/01\/MC-630x420.jpg\" srcset=\"https:\/\/terracallaeci.pt\/wp-content\/uploads\/2023\/01\/MC-630x420.jpg 630w, https:\/\/terracallaeci.pt\/wp-content\/uploads\/2023\/01\/MC-300x200.jpg 300w, https:\/\/terracallaeci.pt\/wp-content\/uploads\/2023\/01\/MC-1024x682.jpg 1024w, https:\/\/terracallaeci.pt\/wp-content\/uploads\/2023\/01\/MC-768x512.jpg 768w, https:\/\/terracallaeci.pt\/wp-content\/uploads\/2023\/01\/MC-1536x1024.jpg 1536w, https:\/\/terracallaeci.pt\/wp-content\/uploads\/2023\/01\/MC-150x100.jpg 150w, https:\/\/terracallaeci.pt\/wp-content\/uploads\/2023\/01\/MC-696x464.jpg 696w, https:\/\/terracallaeci.pt\/wp-content\/uploads\/2023\/01\/MC-1068x712.jpg 1068w, https:\/\/terracallaeci.pt\/wp-content\/uploads\/2023\/01\/MC-1920x1280.jpg 1920w, https:\/\/terracallaeci.pt\/wp-content\/uploads\/2023\/01\/MC.jpg 2000w\" sizes=\"(max-width: 630px) 100vw, 630px\" alt=\"\">\r\n                            <\/a>\r\n                            <figcaption class = \"td-slide-caption td-gallery-slide-content\"><div class = \"td-gallery-slide-copywrite\">Hillfort of Muro de Cunhas.<\/div><\/figcaption>\r\n                        <\/figure>\r\n                    <\/div>\r\n                    <div class = \"td-slide-item td-item25\">\r\n                        <figure class=\"td-slide-galery-figure td-slide-popup-gallery\">\r\n                            <a class=\"slide-gallery-image-link\" href=\"https:\/\/terracallaeci.pt\/wp-content\/uploads\/2023\/01\/DJI_0202F.jpg\" title=\"DJI_0202F\"  data-caption=\"Castro e ermit\u00e9rio do Muro de Cunhas.\"  data-description=\"\">\r\n                                <img decoding=\"async\" src=\"https:\/\/terracallaeci.pt\/wp-content\/uploads\/2023\/01\/DJI_0202F-630x420.jpg\" srcset=\"https:\/\/terracallaeci.pt\/wp-content\/uploads\/2023\/01\/DJI_0202F-630x420.jpg 630w, https:\/\/terracallaeci.pt\/wp-content\/uploads\/2023\/01\/DJI_0202F-300x200.jpg 300w, https:\/\/terracallaeci.pt\/wp-content\/uploads\/2023\/01\/DJI_0202F-1024x682.jpg 1024w, https:\/\/terracallaeci.pt\/wp-content\/uploads\/2023\/01\/DJI_0202F-768x512.jpg 768w, https:\/\/terracallaeci.pt\/wp-content\/uploads\/2023\/01\/DJI_0202F-1536x1024.jpg 1536w, https:\/\/terracallaeci.pt\/wp-content\/uploads\/2023\/01\/DJI_0202F-150x100.jpg 150w, https:\/\/terracallaeci.pt\/wp-content\/uploads\/2023\/01\/DJI_0202F-696x464.jpg 696w, https:\/\/terracallaeci.pt\/wp-content\/uploads\/2023\/01\/DJI_0202F-1068x712.jpg 1068w, https:\/\/terracallaeci.pt\/wp-content\/uploads\/2023\/01\/DJI_0202F-1920x1280.jpg 1920w, https:\/\/terracallaeci.pt\/wp-content\/uploads\/2023\/01\/DJI_0202F.jpg 2000w\" sizes=\"(max-width: 630px) 100vw, 630px\" alt=\"\">\r\n                            <\/a>\r\n                            <figcaption class = \"td-slide-caption td-gallery-slide-content\"><div class = \"td-gallery-slide-copywrite\">Hillfort and hermitage of Muro de Cunhas.<\/div><\/figcaption>\r\n                        <\/figure>\r\n                    <\/div>\r\n                    <div class = \"td-slide-item td-item26\">\r\n                        <figure class=\"td-slide-galery-figure td-slide-popup-gallery\">\r\n                            <a class=\"slide-gallery-image-link\" href=\"https:\/\/terracallaeci.pt\/wp-content\/uploads\/2023\/01\/SAM_9135.jpg\" title=\"SAM_9135\"  data-caption=\"Ermit\u00e9rio do Muro de Cunhas.\"  data-description=\"\">\r\n                                <img decoding=\"async\" src=\"https:\/\/terracallaeci.pt\/wp-content\/uploads\/2023\/01\/SAM_9135-630x420.jpg\" srcset=\"https:\/\/terracallaeci.pt\/wp-content\/uploads\/2023\/01\/SAM_9135-630x420.jpg 630w, https:\/\/terracallaeci.pt\/wp-content\/uploads\/2023\/01\/SAM_9135-300x200.jpg 300w, https:\/\/terracallaeci.pt\/wp-content\/uploads\/2023\/01\/SAM_9135-1024x682.jpg 1024w, https:\/\/terracallaeci.pt\/wp-content\/uploads\/2023\/01\/SAM_9135-768x512.jpg 768w, https:\/\/terracallaeci.pt\/wp-content\/uploads\/2023\/01\/SAM_9135-1536x1024.jpg 1536w, https:\/\/terracallaeci.pt\/wp-content\/uploads\/2023\/01\/SAM_9135-150x100.jpg 150w, https:\/\/terracallaeci.pt\/wp-content\/uploads\/2023\/01\/SAM_9135-696x464.jpg 696w, https:\/\/terracallaeci.pt\/wp-content\/uploads\/2023\/01\/SAM_9135-1068x712.jpg 1068w, https:\/\/terracallaeci.pt\/wp-content\/uploads\/2023\/01\/SAM_9135-1920x1280.jpg 1920w, https:\/\/terracallaeci.pt\/wp-content\/uploads\/2023\/01\/SAM_9135.jpg 2000w\" sizes=\"(max-width: 630px) 100vw, 630px\" alt=\"\">\r\n                            <\/a>\r\n                            <figcaption class = \"td-slide-caption td-gallery-slide-content\"><div class = \"td-gallery-slide-copywrite\">Hermitage of Muro de Cunhas.<\/div><\/figcaption>\r\n                        <\/figure>\r\n                    <\/div>\r\n                    <div class = \"td-slide-item td-item27\">\r\n                        <figure class=\"td-slide-galery-figure td-slide-popup-gallery\">\r\n                            <a class=\"slide-gallery-image-link\" href=\"https:\/\/terracallaeci.pt\/wp-content\/uploads\/2023\/01\/SAM_9094.jpg\" title=\"SAM_9094\"  data-caption=\"Ermit\u00e9rio do Muro de Cunhas.\"  data-description=\"\">\r\n                                <img decoding=\"async\" src=\"https:\/\/terracallaeci.pt\/wp-content\/uploads\/2023\/01\/SAM_9094-630x420.jpg\" srcset=\"https:\/\/terracallaeci.pt\/wp-content\/uploads\/2023\/01\/SAM_9094-630x420.jpg 630w, https:\/\/terracallaeci.pt\/wp-content\/uploads\/2023\/01\/SAM_9094-300x200.jpg 300w, https:\/\/terracallaeci.pt\/wp-content\/uploads\/2023\/01\/SAM_9094-1024x682.jpg 1024w, https:\/\/terracallaeci.pt\/wp-content\/uploads\/2023\/01\/SAM_9094-768x512.jpg 768w, https:\/\/terracallaeci.pt\/wp-content\/uploads\/2023\/01\/SAM_9094-1536x1024.jpg 1536w, https:\/\/terracallaeci.pt\/wp-content\/uploads\/2023\/01\/SAM_9094-150x100.jpg 150w, https:\/\/terracallaeci.pt\/wp-content\/uploads\/2023\/01\/SAM_9094-696x464.jpg 696w, https:\/\/terracallaeci.pt\/wp-content\/uploads\/2023\/01\/SAM_9094-1068x712.jpg 1068w, https:\/\/terracallaeci.pt\/wp-content\/uploads\/2023\/01\/SAM_9094-1920x1280.jpg 1920w, https:\/\/terracallaeci.pt\/wp-content\/uploads\/2023\/01\/SAM_9094.jpg 2000w\" sizes=\"(max-width: 630px) 100vw, 630px\" alt=\"\">\r\n                            <\/a>\r\n                            <figcaption class = \"td-slide-caption td-gallery-slide-content\"><div class = \"td-gallery-slide-copywrite\">Hermitage of Muro de Cunhas.<\/div><\/figcaption>\r\n                        <\/figure>\r\n                    <\/div>\r\n                    <div class = \"td-slide-item td-item28\">\r\n                        <figure class=\"td-slide-galery-figure td-slide-popup-gallery\">\r\n                            <a class=\"slide-gallery-image-link\" href=\"https:\/\/terracallaeci.pt\/wp-content\/uploads\/2023\/01\/mega-2.jpg\" title=\"mega-2\"  data-caption=\"Alto da Borragem.\"  data-description=\"\">\r\n                                <img decoding=\"async\" src=\"https:\/\/terracallaeci.pt\/wp-content\/uploads\/2023\/01\/mega-2-630x420.jpg\" srcset=\"https:\/\/terracallaeci.pt\/wp-content\/uploads\/2023\/01\/mega-2-630x420.jpg 630w, https:\/\/terracallaeci.pt\/wp-content\/uploads\/2023\/01\/mega-2-300x200.jpg 300w, https:\/\/terracallaeci.pt\/wp-content\/uploads\/2023\/01\/mega-2-1024x682.jpg 1024w, https:\/\/terracallaeci.pt\/wp-content\/uploads\/2023\/01\/mega-2-768x512.jpg 768w, https:\/\/terracallaeci.pt\/wp-content\/uploads\/2023\/01\/mega-2-1536x1024.jpg 1536w, https:\/\/terracallaeci.pt\/wp-content\/uploads\/2023\/01\/mega-2-150x100.jpg 150w, https:\/\/terracallaeci.pt\/wp-content\/uploads\/2023\/01\/mega-2-696x464.jpg 696w, https:\/\/terracallaeci.pt\/wp-content\/uploads\/2023\/01\/mega-2-1068x712.jpg 1068w, https:\/\/terracallaeci.pt\/wp-content\/uploads\/2023\/01\/mega-2-1920x1280.jpg 1920w, https:\/\/terracallaeci.pt\/wp-content\/uploads\/2023\/01\/mega-2.jpg 2000w\" sizes=\"(max-width: 630px) 100vw, 630px\" alt=\"\">\r\n                            <\/a>\r\n                            <figcaption class = \"td-slide-caption td-gallery-slide-content\"><div class = \"td-gallery-slide-copywrite\">Alto da Borragem.<\/div><\/figcaption>\r\n                        <\/figure>\r\n                    <\/div>\r\n                    <div class = \"td-slide-item td-item29\">\r\n                        <figure class=\"td-slide-galery-figure td-slide-popup-gallery\">\r\n                            <a class=\"slide-gallery-image-link\" href=\"https:\/\/terracallaeci.pt\/wp-content\/uploads\/2023\/01\/SAM_2153.jpg\" title=\"SAM_2153\"  data-caption=\"Galerias do Alto da Borragem.\"  data-description=\"\">\r\n                                <img decoding=\"async\" src=\"https:\/\/terracallaeci.pt\/wp-content\/uploads\/2023\/01\/SAM_2153-630x420.jpg\" srcset=\"https:\/\/terracallaeci.pt\/wp-content\/uploads\/2023\/01\/SAM_2153-630x420.jpg 630w, https:\/\/terracallaeci.pt\/wp-content\/uploads\/2023\/01\/SAM_2153-300x200.jpg 300w, https:\/\/terracallaeci.pt\/wp-content\/uploads\/2023\/01\/SAM_2153-1024x682.jpg 1024w, https:\/\/terracallaeci.pt\/wp-content\/uploads\/2023\/01\/SAM_2153-768x512.jpg 768w, https:\/\/terracallaeci.pt\/wp-content\/uploads\/2023\/01\/SAM_2153-1536x1024.jpg 1536w, https:\/\/terracallaeci.pt\/wp-content\/uploads\/2023\/01\/SAM_2153-150x100.jpg 150w, https:\/\/terracallaeci.pt\/wp-content\/uploads\/2023\/01\/SAM_2153-696x464.jpg 696w, https:\/\/terracallaeci.pt\/wp-content\/uploads\/2023\/01\/SAM_2153-1068x712.jpg 1068w, https:\/\/terracallaeci.pt\/wp-content\/uploads\/2023\/01\/SAM_2153-1920x1280.jpg 1920w, https:\/\/terracallaeci.pt\/wp-content\/uploads\/2023\/01\/SAM_2153.jpg 2000w\" sizes=\"(max-width: 630px) 100vw, 630px\" alt=\"\">\r\n                            <\/a>\r\n                            <figcaption class = \"td-slide-caption td-gallery-slide-content\"><div class = \"td-gallery-slide-copywrite\">Galleries of Alto da Borragem.<\/div><\/figcaption>\r\n                        <\/figure>\r\n                    <\/div>\r\n                    <div class = \"td-slide-item td-item30\">\r\n                        <figure class=\"td-slide-galery-figure td-slide-popup-gallery\">\r\n                            <a class=\"slide-gallery-image-link\" href=\"https:\/\/terracallaeci.pt\/wp-content\/uploads\/2023\/01\/SAM_2193.jpg\" title=\"SAM_2193\"  data-caption=\"Galerias do Alto da Borragem.\"  data-description=\"\">\r\n                                <img decoding=\"async\" src=\"https:\/\/terracallaeci.pt\/wp-content\/uploads\/2023\/01\/SAM_2193-630x420.jpg\" srcset=\"https:\/\/terracallaeci.pt\/wp-content\/uploads\/2023\/01\/SAM_2193-630x420.jpg 630w, https:\/\/terracallaeci.pt\/wp-content\/uploads\/2023\/01\/SAM_2193-300x200.jpg 300w, https:\/\/terracallaeci.pt\/wp-content\/uploads\/2023\/01\/SAM_2193-1024x682.jpg 1024w, https:\/\/terracallaeci.pt\/wp-content\/uploads\/2023\/01\/SAM_2193-768x512.jpg 768w, https:\/\/terracallaeci.pt\/wp-content\/uploads\/2023\/01\/SAM_2193-1536x1024.jpg 1536w, https:\/\/terracallaeci.pt\/wp-content\/uploads\/2023\/01\/SAM_2193-150x100.jpg 150w, https:\/\/terracallaeci.pt\/wp-content\/uploads\/2023\/01\/SAM_2193-696x464.jpg 696w, https:\/\/terracallaeci.pt\/wp-content\/uploads\/2023\/01\/SAM_2193-1068x712.jpg 1068w, https:\/\/terracallaeci.pt\/wp-content\/uploads\/2023\/01\/SAM_2193-1920x1280.jpg 1920w, https:\/\/terracallaeci.pt\/wp-content\/uploads\/2023\/01\/SAM_2193.jpg 2000w\" sizes=\"(max-width: 630px) 100vw, 630px\" alt=\"\">\r\n                            <\/a>\r\n                            <figcaption class = \"td-slide-caption td-gallery-slide-content\"><div class = \"td-gallery-slide-copywrite\">Galleries of Alto da Borragem.<\/div><\/figcaption>\r\n                        <\/figure>\r\n                    <\/div>\r\n                    <div class = \"td-slide-item td-item31\">\r\n                        <figure class=\"td-slide-galery-figure td-slide-popup-gallery\">\r\n                            <a class=\"slide-gallery-image-link\" href=\"https:\/\/terracallaeci.pt\/wp-content\/uploads\/2023\/01\/AB3.jpg\" title=\"AB3\"  data-caption=\"Galerias do Alto da Borragem.\"  data-description=\"\">\r\n                                <img decoding=\"async\" src=\"https:\/\/terracallaeci.pt\/wp-content\/uploads\/2023\/01\/AB3-630x420.jpg\" srcset=\"https:\/\/terracallaeci.pt\/wp-content\/uploads\/2023\/01\/AB3-630x420.jpg 630w, https:\/\/terracallaeci.pt\/wp-content\/uploads\/2023\/01\/AB3-300x200.jpg 300w, https:\/\/terracallaeci.pt\/wp-content\/uploads\/2023\/01\/AB3-1024x682.jpg 1024w, https:\/\/terracallaeci.pt\/wp-content\/uploads\/2023\/01\/AB3-768x512.jpg 768w, https:\/\/terracallaeci.pt\/wp-content\/uploads\/2023\/01\/AB3-1536x1024.jpg 1536w, https:\/\/terracallaeci.pt\/wp-content\/uploads\/2023\/01\/AB3-150x100.jpg 150w, https:\/\/terracallaeci.pt\/wp-content\/uploads\/2023\/01\/AB3-696x464.jpg 696w, https:\/\/terracallaeci.pt\/wp-content\/uploads\/2023\/01\/AB3-1068x712.jpg 1068w, https:\/\/terracallaeci.pt\/wp-content\/uploads\/2023\/01\/AB3-1920x1280.jpg 1920w, https:\/\/terracallaeci.pt\/wp-content\/uploads\/2023\/01\/AB3.jpg 2000w\" sizes=\"(max-width: 630px) 100vw, 630px\" alt=\"\">\r\n                            <\/a>\r\n                            <figcaption class = \"td-slide-caption td-gallery-slide-content\"><div class = \"td-gallery-slide-copywrite\">Galleries of Alto da Borragem.<\/div><\/figcaption>\r\n                        <\/figure>\r\n                    <\/div>\r\n                    <div class = \"td-slide-item td-item32\">\r\n                        <figure class=\"td-slide-galery-figure td-slide-popup-gallery\">\r\n                            <a class=\"slide-gallery-image-link\" href=\"https:\/\/terracallaeci.pt\/wp-content\/uploads\/2023\/01\/plao1.jpg\" title=\"plao1\"  data-caption=\"Minas do Limarinho.\"  data-description=\"\">\r\n                                <img decoding=\"async\" src=\"https:\/\/terracallaeci.pt\/wp-content\/uploads\/2023\/01\/plao1-630x420.jpg\" srcset=\"https:\/\/terracallaeci.pt\/wp-content\/uploads\/2023\/01\/plao1-630x420.jpg 630w, https:\/\/terracallaeci.pt\/wp-content\/uploads\/2023\/01\/plao1-300x200.jpg 300w, https:\/\/terracallaeci.pt\/wp-content\/uploads\/2023\/01\/plao1-1024x682.jpg 1024w, https:\/\/terracallaeci.pt\/wp-content\/uploads\/2023\/01\/plao1-768x512.jpg 768w, https:\/\/terracallaeci.pt\/wp-content\/uploads\/2023\/01\/plao1-1536x1024.jpg 1536w, https:\/\/terracallaeci.pt\/wp-content\/uploads\/2023\/01\/plao1-150x100.jpg 150w, https:\/\/terracallaeci.pt\/wp-content\/uploads\/2023\/01\/plao1-696x464.jpg 696w, https:\/\/terracallaeci.pt\/wp-content\/uploads\/2023\/01\/plao1-1068x712.jpg 1068w, https:\/\/terracallaeci.pt\/wp-content\/uploads\/2023\/01\/plao1-1920x1280.jpg 1920w, https:\/\/terracallaeci.pt\/wp-content\/uploads\/2023\/01\/plao1.jpg 2000w\" sizes=\"(max-width: 630px) 100vw, 630px\" alt=\"\">\r\n                            <\/a>\r\n                            <figcaption class = \"td-slide-caption td-gallery-slide-content\"><div class = \"td-gallery-slide-copywrite\">Mines of Limarinho.<\/div><\/figcaption>\r\n                        <\/figure>\r\n                    <\/div>\r\n                    <div class = \"td-slide-item td-item33\">\r\n                        <figure class=\"td-slide-galery-figure td-slide-popup-gallery\">\r\n                            <a class=\"slide-gallery-image-link\" href=\"https:\/\/terracallaeci.pt\/wp-content\/uploads\/2023\/01\/SAM_1417.jpg\" title=\"SAM_1417\"  data-caption=\"Minas do Limarinho.\"  data-description=\"\">\r\n                                <img decoding=\"async\" src=\"https:\/\/terracallaeci.pt\/wp-content\/uploads\/2023\/01\/SAM_1417-630x420.jpg\" srcset=\"https:\/\/terracallaeci.pt\/wp-content\/uploads\/2023\/01\/SAM_1417-630x420.jpg 630w, https:\/\/terracallaeci.pt\/wp-content\/uploads\/2023\/01\/SAM_1417-300x200.jpg 300w, https:\/\/terracallaeci.pt\/wp-content\/uploads\/2023\/01\/SAM_1417-1024x682.jpg 1024w, https:\/\/terracallaeci.pt\/wp-content\/uploads\/2023\/01\/SAM_1417-768x512.jpg 768w, https:\/\/terracallaeci.pt\/wp-content\/uploads\/2023\/01\/SAM_1417-1536x1024.jpg 1536w, https:\/\/terracallaeci.pt\/wp-content\/uploads\/2023\/01\/SAM_1417-150x100.jpg 150w, https:\/\/terracallaeci.pt\/wp-content\/uploads\/2023\/01\/SAM_1417-696x464.jpg 696w, https:\/\/terracallaeci.pt\/wp-content\/uploads\/2023\/01\/SAM_1417-1068x712.jpg 1068w, https:\/\/terracallaeci.pt\/wp-content\/uploads\/2023\/01\/SAM_1417-1920x1280.jpg 1920w, https:\/\/terracallaeci.pt\/wp-content\/uploads\/2023\/01\/SAM_1417.jpg 2000w\" sizes=\"(max-width: 630px) 100vw, 630px\" alt=\"\">\r\n                            <\/a>\r\n                            <figcaption class = \"td-slide-caption td-gallery-slide-content\"><div class = \"td-gallery-slide-copywrite\">Mines of Limarinho.<\/div><\/figcaption>\r\n                        <\/figure>\r\n                    <\/div>\r\n                    <div class = \"td-slide-item td-item34\">\r\n                        <figure class=\"td-slide-galery-figure td-slide-popup-gallery\">\r\n                            <a class=\"slide-gallery-image-link\" href=\"https:\/\/terracallaeci.pt\/wp-content\/uploads\/2023\/01\/IMG_7896.jpg\" title=\"IMG_7896\"  data-caption=\"Galerias do Limarinho.\"  data-description=\"\">\r\n                                <img decoding=\"async\" src=\"https:\/\/terracallaeci.pt\/wp-content\/uploads\/2023\/01\/IMG_7896-630x420.jpg\" srcset=\"https:\/\/terracallaeci.pt\/wp-content\/uploads\/2023\/01\/IMG_7896-630x420.jpg 630w, https:\/\/terracallaeci.pt\/wp-content\/uploads\/2023\/01\/IMG_7896-300x200.jpg 300w, https:\/\/terracallaeci.pt\/wp-content\/uploads\/2023\/01\/IMG_7896-1024x682.jpg 1024w, https:\/\/terracallaeci.pt\/wp-content\/uploads\/2023\/01\/IMG_7896-768x512.jpg 768w, https:\/\/terracallaeci.pt\/wp-content\/uploads\/2023\/01\/IMG_7896-1536x1024.jpg 1536w, https:\/\/terracallaeci.pt\/wp-content\/uploads\/2023\/01\/IMG_7896-150x100.jpg 150w, https:\/\/terracallaeci.pt\/wp-content\/uploads\/2023\/01\/IMG_7896-696x464.jpg 696w, https:\/\/terracallaeci.pt\/wp-content\/uploads\/2023\/01\/IMG_7896-1068x712.jpg 1068w, https:\/\/terracallaeci.pt\/wp-content\/uploads\/2023\/01\/IMG_7896-1920x1280.jpg 1920w, https:\/\/terracallaeci.pt\/wp-content\/uploads\/2023\/01\/IMG_7896.jpg 2000w\" sizes=\"(max-width: 630px) 100vw, 630px\" alt=\"\">\r\n                            <\/a>\r\n                            <figcaption class = \"td-slide-caption td-gallery-slide-content\"><div class = \"td-gallery-slide-copywrite\">Galleries of Limarinho.<\/div><\/figcaption>\r\n                        <\/figure>\r\n                    <\/div>\r\n                    <div class = \"td-slide-item td-item35\">\r\n                        <figure class=\"td-slide-galery-figure td-slide-popup-gallery\">\r\n                            <a class=\"slide-gallery-image-link\" href=\"https:\/\/terracallaeci.pt\/wp-content\/uploads\/2023\/01\/SAM_5080B.jpg\" title=\"SAM_5080B\"  data-caption=\"Galerias do Limarinho.\"  data-description=\"\">\r\n                                <img decoding=\"async\" src=\"https:\/\/terracallaeci.pt\/wp-content\/uploads\/2023\/01\/SAM_5080B-630x420.jpg\" srcset=\"https:\/\/terracallaeci.pt\/wp-content\/uploads\/2023\/01\/SAM_5080B-630x420.jpg 630w, https:\/\/terracallaeci.pt\/wp-content\/uploads\/2023\/01\/SAM_5080B-300x200.jpg 300w, https:\/\/terracallaeci.pt\/wp-content\/uploads\/2023\/01\/SAM_5080B-1024x682.jpg 1024w, https:\/\/terracallaeci.pt\/wp-content\/uploads\/2023\/01\/SAM_5080B-768x512.jpg 768w, https:\/\/terracallaeci.pt\/wp-content\/uploads\/2023\/01\/SAM_5080B-1536x1024.jpg 1536w, https:\/\/terracallaeci.pt\/wp-content\/uploads\/2023\/01\/SAM_5080B-150x100.jpg 150w, https:\/\/terracallaeci.pt\/wp-content\/uploads\/2023\/01\/SAM_5080B-696x464.jpg 696w, https:\/\/terracallaeci.pt\/wp-content\/uploads\/2023\/01\/SAM_5080B-1068x712.jpg 1068w, https:\/\/terracallaeci.pt\/wp-content\/uploads\/2023\/01\/SAM_5080B-1920x1280.jpg 1920w, https:\/\/terracallaeci.pt\/wp-content\/uploads\/2023\/01\/SAM_5080B.jpg 2000w\" sizes=\"(max-width: 630px) 100vw, 630px\" alt=\"\">\r\n                            <\/a>\r\n                            <figcaption class = \"td-slide-caption td-gallery-slide-content\"><div class = \"td-gallery-slide-copywrite\">Galleries of Limarinho.<\/div><\/figcaption>\r\n                        <\/figure>\r\n                    <\/div>\r\n                    <div class = \"td-slide-item td-item36\">\r\n                        <figure class=\"td-slide-galery-figure td-slide-popup-gallery\">\r\n                            <a class=\"slide-gallery-image-link\" href=\"https:\/\/terracallaeci.pt\/wp-content\/uploads\/2023\/01\/Limarinho-3.jpg\" title=\"Limarinho-3\"  data-caption=\"Minas do Limarinho.\"  data-description=\"\">\r\n                                <img decoding=\"async\" src=\"https:\/\/terracallaeci.pt\/wp-content\/uploads\/2023\/01\/Limarinho-3-630x420.jpg\" srcset=\"https:\/\/terracallaeci.pt\/wp-content\/uploads\/2023\/01\/Limarinho-3-630x420.jpg 630w, https:\/\/terracallaeci.pt\/wp-content\/uploads\/2023\/01\/Limarinho-3-300x200.jpg 300w, https:\/\/terracallaeci.pt\/wp-content\/uploads\/2023\/01\/Limarinho-3-1024x682.jpg 1024w, https:\/\/terracallaeci.pt\/wp-content\/uploads\/2023\/01\/Limarinho-3-768x512.jpg 768w, https:\/\/terracallaeci.pt\/wp-content\/uploads\/2023\/01\/Limarinho-3-1536x1024.jpg 1536w, https:\/\/terracallaeci.pt\/wp-content\/uploads\/2023\/01\/Limarinho-3-150x100.jpg 150w, https:\/\/terracallaeci.pt\/wp-content\/uploads\/2023\/01\/Limarinho-3-696x464.jpg 696w, https:\/\/terracallaeci.pt\/wp-content\/uploads\/2023\/01\/Limarinho-3-1068x712.jpg 1068w, https:\/\/terracallaeci.pt\/wp-content\/uploads\/2023\/01\/Limarinho-3-1920x1280.jpg 1920w, https:\/\/terracallaeci.pt\/wp-content\/uploads\/2023\/01\/Limarinho-3.jpg 2000w\" sizes=\"(max-width: 630px) 100vw, 630px\" alt=\"\">\r\n                            <\/a>\r\n                            <figcaption class = \"td-slide-caption td-gallery-slide-content\"><div class = \"td-gallery-slide-copywrite\">Mines of Limarinho.<\/div><\/figcaption>\r\n                        <\/figure>\r\n                    <\/div>\r\n                    <div class = \"td-slide-item td-item37\">\r\n                        <figure class=\"td-slide-galery-figure td-slide-popup-gallery\">\r\n                            <a class=\"slide-gallery-image-link\" href=\"https:\/\/terracallaeci.pt\/wp-content\/uploads\/2023\/01\/IMG_7332.jpg\" title=\"IMG_7332\"  data-caption=\"Ribeira do Vidoeiro.\"  data-description=\"\">\r\n                                <img decoding=\"async\" src=\"https:\/\/terracallaeci.pt\/wp-content\/uploads\/2023\/01\/IMG_7332-630x420.jpg\" srcset=\"https:\/\/terracallaeci.pt\/wp-content\/uploads\/2023\/01\/IMG_7332-630x420.jpg 630w, https:\/\/terracallaeci.pt\/wp-content\/uploads\/2023\/01\/IMG_7332-300x200.jpg 300w, https:\/\/terracallaeci.pt\/wp-content\/uploads\/2023\/01\/IMG_7332-1024x682.jpg 1024w, https:\/\/terracallaeci.pt\/wp-content\/uploads\/2023\/01\/IMG_7332-768x512.jpg 768w, https:\/\/terracallaeci.pt\/wp-content\/uploads\/2023\/01\/IMG_7332-1536x1024.jpg 1536w, https:\/\/terracallaeci.pt\/wp-content\/uploads\/2023\/01\/IMG_7332-150x100.jpg 150w, https:\/\/terracallaeci.pt\/wp-content\/uploads\/2023\/01\/IMG_7332-696x464.jpg 696w, https:\/\/terracallaeci.pt\/wp-content\/uploads\/2023\/01\/IMG_7332-1068x712.jpg 1068w, https:\/\/terracallaeci.pt\/wp-content\/uploads\/2023\/01\/IMG_7332-1920x1280.jpg 1920w, https:\/\/terracallaeci.pt\/wp-content\/uploads\/2023\/01\/IMG_7332.jpg 2000w\" sizes=\"(max-width: 630px) 100vw, 630px\" alt=\"\">\r\n                            <\/a>\r\n                            <figcaption class = \"td-slide-caption td-gallery-slide-content\"><div class = \"td-gallery-slide-copywrite\">Vidoeiro stream.<\/div><\/figcaption>\r\n                        <\/figure>\r\n                    <\/div>\r\n                    <div class = \"td-slide-item td-item38\">\r\n                        <figure class=\"td-slide-galery-figure td-slide-popup-gallery\">\r\n                            <a class=\"slide-gallery-image-link\" href=\"https:\/\/terracallaeci.pt\/wp-content\/uploads\/2023\/01\/SAM_6239.jpg\" title=\"SAM_6239\"  data-caption=\"Pir\u00e2mide residual resultante da minera\u00e7\u00e3o no Po\u00e7o das Freitas.\"  data-description=\"\">\r\n                                <img decoding=\"async\" src=\"https:\/\/terracallaeci.pt\/wp-content\/uploads\/2023\/01\/SAM_6239-630x420.jpg\" srcset=\"https:\/\/terracallaeci.pt\/wp-content\/uploads\/2023\/01\/SAM_6239-630x420.jpg 630w, https:\/\/terracallaeci.pt\/wp-content\/uploads\/2023\/01\/SAM_6239-300x200.jpg 300w, https:\/\/terracallaeci.pt\/wp-content\/uploads\/2023\/01\/SAM_6239-1024x682.jpg 1024w, https:\/\/terracallaeci.pt\/wp-content\/uploads\/2023\/01\/SAM_6239-768x512.jpg 768w, https:\/\/terracallaeci.pt\/wp-content\/uploads\/2023\/01\/SAM_6239-1536x1024.jpg 1536w, https:\/\/terracallaeci.pt\/wp-content\/uploads\/2023\/01\/SAM_6239-150x100.jpg 150w, https:\/\/terracallaeci.pt\/wp-content\/uploads\/2023\/01\/SAM_6239-696x464.jpg 696w, https:\/\/terracallaeci.pt\/wp-content\/uploads\/2023\/01\/SAM_6239-1068x712.jpg 1068w, https:\/\/terracallaeci.pt\/wp-content\/uploads\/2023\/01\/SAM_6239-1920x1280.jpg 1920w, https:\/\/terracallaeci.pt\/wp-content\/uploads\/2023\/01\/SAM_6239.jpg 2000w\" sizes=\"(max-width: 630px) 100vw, 630px\" alt=\"\">\r\n                            <\/a>\r\n                            <figcaption class = \"td-slide-caption td-gallery-slide-content\"><div class = \"td-gallery-slide-copywrite\">Residual pyramid resulting from mining in Po\u00e7o das Freitas.<\/div><\/figcaption>\r\n                        <\/figure>\r\n                    <\/div>\r\n                    <div class = \"td-slide-item td-item39\">\r\n                        <figure class=\"td-slide-galery-figure td-slide-popup-gallery\">\r\n                            <a class=\"slide-gallery-image-link\" href=\"https:\/\/terracallaeci.pt\/wp-content\/uploads\/2023\/01\/IMG_1688B.jpg\" title=\"IMG_1688B\"  data-caption=\"Galeria rip\u00edcola. Foto TR\/TC\"  data-description=\"\">\r\n                                <img decoding=\"async\" src=\"https:\/\/terracallaeci.pt\/wp-content\/uploads\/2023\/01\/IMG_1688B-630x420.jpg\" srcset=\"https:\/\/terracallaeci.pt\/wp-content\/uploads\/2023\/01\/IMG_1688B-630x420.jpg 630w, https:\/\/terracallaeci.pt\/wp-content\/uploads\/2023\/01\/IMG_1688B-300x200.jpg 300w, https:\/\/terracallaeci.pt\/wp-content\/uploads\/2023\/01\/IMG_1688B-1024x682.jpg 1024w, https:\/\/terracallaeci.pt\/wp-content\/uploads\/2023\/01\/IMG_1688B-768x512.jpg 768w, https:\/\/terracallaeci.pt\/wp-content\/uploads\/2023\/01\/IMG_1688B-1536x1024.jpg 1536w, https:\/\/terracallaeci.pt\/wp-content\/uploads\/2023\/01\/IMG_1688B-150x100.jpg 150w, https:\/\/terracallaeci.pt\/wp-content\/uploads\/2023\/01\/IMG_1688B-696x464.jpg 696w, https:\/\/terracallaeci.pt\/wp-content\/uploads\/2023\/01\/IMG_1688B-1068x712.jpg 1068w, https:\/\/terracallaeci.pt\/wp-content\/uploads\/2023\/01\/IMG_1688B-1920x1280.jpg 1920w, https:\/\/terracallaeci.pt\/wp-content\/uploads\/2023\/01\/IMG_1688B.jpg 2000w\" sizes=\"(max-width: 630px) 100vw, 630px\" alt=\"\">\r\n                            <\/a>\r\n                            <figcaption class = \"td-slide-caption td-gallery-slide-content\"><div class = \"td-gallery-slide-copywrite\">Galeria rip\u00edcola. Foto TR\/TC<\/div><\/figcaption>\r\n                        <\/figure>\r\n                    <\/div>\r\n                    <div class = \"td-slide-item td-item40\">\r\n                        <figure class=\"td-slide-galery-figure td-slide-popup-gallery\">\r\n                            <a class=\"slide-gallery-image-link\" href=\"https:\/\/terracallaeci.pt\/wp-content\/uploads\/2023\/01\/SAM_0919-1.jpg\" title=\"SAM_0919\"  data-caption=\"Ninhos de andorinh\u00f5es.\"  data-description=\"\">\r\n                                <img decoding=\"async\" src=\"https:\/\/terracallaeci.pt\/wp-content\/uploads\/2023\/01\/SAM_0919-1-630x420.jpg\" srcset=\"https:\/\/terracallaeci.pt\/wp-content\/uploads\/2023\/01\/SAM_0919-1-630x420.jpg 630w, https:\/\/terracallaeci.pt\/wp-content\/uploads\/2023\/01\/SAM_0919-1-300x200.jpg 300w, https:\/\/terracallaeci.pt\/wp-content\/uploads\/2023\/01\/SAM_0919-1-1024x682.jpg 1024w, https:\/\/terracallaeci.pt\/wp-content\/uploads\/2023\/01\/SAM_0919-1-768x512.jpg 768w, https:\/\/terracallaeci.pt\/wp-content\/uploads\/2023\/01\/SAM_0919-1-1536x1024.jpg 1536w, https:\/\/terracallaeci.pt\/wp-content\/uploads\/2023\/01\/SAM_0919-1-150x100.jpg 150w, https:\/\/terracallaeci.pt\/wp-content\/uploads\/2023\/01\/SAM_0919-1-696x464.jpg 696w, https:\/\/terracallaeci.pt\/wp-content\/uploads\/2023\/01\/SAM_0919-1-1068x712.jpg 1068w, https:\/\/terracallaeci.pt\/wp-content\/uploads\/2023\/01\/SAM_0919-1-1920x1280.jpg 1920w, https:\/\/terracallaeci.pt\/wp-content\/uploads\/2023\/01\/SAM_0919-1.jpg 2000w\" sizes=\"(max-width: 630px) 100vw, 630px\" alt=\"\">\r\n                            <\/a>\r\n                            <figcaption class = \"td-slide-caption td-gallery-slide-content\"><div class = \"td-gallery-slide-copywrite\">Swifts' nests.<\/div><\/figcaption>\r\n                        <\/figure>\r\n                    <\/div>\r\n                    <div class = \"td-slide-item td-item41\">\r\n                        <figure class=\"td-slide-galery-figure td-slide-popup-gallery\">\r\n                            <a class=\"slide-gallery-image-link\" href=\"https:\/\/terracallaeci.pt\/wp-content\/uploads\/2023\/01\/LRT1.jpg\" title=\"LRT1\"  data-caption=\"Lagoa do rio Terva.\"  data-description=\"\">\r\n                                <img decoding=\"async\" src=\"https:\/\/terracallaeci.pt\/wp-content\/uploads\/2023\/01\/LRT1-630x420.jpg\" srcset=\"https:\/\/terracallaeci.pt\/wp-content\/uploads\/2023\/01\/LRT1-630x420.jpg 630w, https:\/\/terracallaeci.pt\/wp-content\/uploads\/2023\/01\/LRT1-300x200.jpg 300w, https:\/\/terracallaeci.pt\/wp-content\/uploads\/2023\/01\/LRT1-1024x682.jpg 1024w, https:\/\/terracallaeci.pt\/wp-content\/uploads\/2023\/01\/LRT1-768x512.jpg 768w, https:\/\/terracallaeci.pt\/wp-content\/uploads\/2023\/01\/LRT1-1536x1024.jpg 1536w, https:\/\/terracallaeci.pt\/wp-content\/uploads\/2023\/01\/LRT1-150x100.jpg 150w, https:\/\/terracallaeci.pt\/wp-content\/uploads\/2023\/01\/LRT1-696x464.jpg 696w, https:\/\/terracallaeci.pt\/wp-content\/uploads\/2023\/01\/LRT1-1068x712.jpg 1068w, https:\/\/terracallaeci.pt\/wp-content\/uploads\/2023\/01\/LRT1-1920x1280.jpg 1920w, https:\/\/terracallaeci.pt\/wp-content\/uploads\/2023\/01\/LRT1.jpg 2000w\" sizes=\"(max-width: 630px) 100vw, 630px\" alt=\"\">\r\n                            <\/a>\r\n                            <figcaption class = \"td-slide-caption td-gallery-slide-content\"><div class = \"td-gallery-slide-copywrite\">Lagoon of the River Terva.<\/div><\/figcaption>\r\n                        <\/figure>\r\n                    <\/div>\r\n                    <div class = \"td-slide-item td-item42\">\r\n                        <figure class=\"td-slide-galery-figure td-slide-popup-gallery\">\r\n                            <a class=\"slide-gallery-image-link\" href=\"https:\/\/terracallaeci.pt\/wp-content\/uploads\/2023\/01\/SAM_6760.jpg\" title=\"SAMSUNG CSC\"  data-caption=\"Castro da Murada da Gorda.\"  data-description=\"\">\r\n                                <img decoding=\"async\" src=\"https:\/\/terracallaeci.pt\/wp-content\/uploads\/2023\/01\/SAM_6760-630x420.jpg\" srcset=\"https:\/\/terracallaeci.pt\/wp-content\/uploads\/2023\/01\/SAM_6760-630x420.jpg 630w, https:\/\/terracallaeci.pt\/wp-content\/uploads\/2023\/01\/SAM_6760-300x200.jpg 300w, https:\/\/terracallaeci.pt\/wp-content\/uploads\/2023\/01\/SAM_6760-1024x682.jpg 1024w, https:\/\/terracallaeci.pt\/wp-content\/uploads\/2023\/01\/SAM_6760-768x512.jpg 768w, https:\/\/terracallaeci.pt\/wp-content\/uploads\/2023\/01\/SAM_6760-1536x1024.jpg 1536w, https:\/\/terracallaeci.pt\/wp-content\/uploads\/2023\/01\/SAM_6760-150x100.jpg 150w, https:\/\/terracallaeci.pt\/wp-content\/uploads\/2023\/01\/SAM_6760-696x464.jpg 696w, https:\/\/terracallaeci.pt\/wp-content\/uploads\/2023\/01\/SAM_6760-1068x712.jpg 1068w, https:\/\/terracallaeci.pt\/wp-content\/uploads\/2023\/01\/SAM_6760-1920x1280.jpg 1920w, https:\/\/terracallaeci.pt\/wp-content\/uploads\/2023\/01\/SAM_6760.jpg 2000w\" sizes=\"(max-width: 630px) 100vw, 630px\" alt=\"\">\r\n                            <\/a>\r\n                            <figcaption class = \"td-slide-caption td-gallery-slide-content\"><div class = \"td-gallery-slide-copywrite\">Hillfort of Murada da Gorda<\/div><\/figcaption>\r\n                        <\/figure>\r\n                    <\/div>\r\n                    <div class = \"td-slide-item td-item43\">\r\n                        <figure class=\"td-slide-galery-figure td-slide-popup-gallery\">\r\n                            <a class=\"slide-gallery-image-link\" href=\"https:\/\/terracallaeci.pt\/wp-content\/uploads\/2023\/01\/SAM_6755.jpg\" title=\"SAM_6755\"  data-caption=\"Serra do Pindo.\"  data-description=\"\">\r\n                                <img decoding=\"async\" src=\"https:\/\/terracallaeci.pt\/wp-content\/uploads\/2023\/01\/SAM_6755-630x420.jpg\" srcset=\"https:\/\/terracallaeci.pt\/wp-content\/uploads\/2023\/01\/SAM_6755-630x420.jpg 630w, https:\/\/terracallaeci.pt\/wp-content\/uploads\/2023\/01\/SAM_6755-300x200.jpg 300w, https:\/\/terracallaeci.pt\/wp-content\/uploads\/2023\/01\/SAM_6755-1024x682.jpg 1024w, https:\/\/terracallaeci.pt\/wp-content\/uploads\/2023\/01\/SAM_6755-768x512.jpg 768w, https:\/\/terracallaeci.pt\/wp-content\/uploads\/2023\/01\/SAM_6755-1536x1024.jpg 1536w, https:\/\/terracallaeci.pt\/wp-content\/uploads\/2023\/01\/SAM_6755-150x100.jpg 150w, https:\/\/terracallaeci.pt\/wp-content\/uploads\/2023\/01\/SAM_6755-696x464.jpg 696w, https:\/\/terracallaeci.pt\/wp-content\/uploads\/2023\/01\/SAM_6755-1068x712.jpg 1068w, https:\/\/terracallaeci.pt\/wp-content\/uploads\/2023\/01\/SAM_6755-1920x1280.jpg 1920w, https:\/\/terracallaeci.pt\/wp-content\/uploads\/2023\/01\/SAM_6755.jpg 2000w\" sizes=\"(max-width: 630px) 100vw, 630px\" alt=\"\">\r\n                            <\/a>\r\n                            <figcaption class = \"td-slide-caption td-gallery-slide-content\"><div class = \"td-gallery-slide-copywrite\">Serra do Pindo.<\/div><\/figcaption>\r\n                        <\/figure>\r\n                    <\/div>\r\n                    <div class = \"td-slide-item td-item44\">\r\n                        <figure class=\"td-slide-galery-figure td-slide-popup-gallery\">\r\n                            <a class=\"slide-gallery-image-link\" href=\"https:\/\/terracallaeci.pt\/wp-content\/uploads\/2023\/01\/SAM_6080.jpg\" title=\"SAM_6080\"  data-caption=\"Pormenor da Casa dos Arcos em Bobadela.\"  data-description=\"\">\r\n                                <img decoding=\"async\" src=\"https:\/\/terracallaeci.pt\/wp-content\/uploads\/2023\/01\/SAM_6080-630x420.jpg\" srcset=\"https:\/\/terracallaeci.pt\/wp-content\/uploads\/2023\/01\/SAM_6080-630x420.jpg 630w, https:\/\/terracallaeci.pt\/wp-content\/uploads\/2023\/01\/SAM_6080-300x200.jpg 300w, https:\/\/terracallaeci.pt\/wp-content\/uploads\/2023\/01\/SAM_6080-1024x682.jpg 1024w, https:\/\/terracallaeci.pt\/wp-content\/uploads\/2023\/01\/SAM_6080-768x512.jpg 768w, https:\/\/terracallaeci.pt\/wp-content\/uploads\/2023\/01\/SAM_6080-1536x1024.jpg 1536w, https:\/\/terracallaeci.pt\/wp-content\/uploads\/2023\/01\/SAM_6080-150x100.jpg 150w, https:\/\/terracallaeci.pt\/wp-content\/uploads\/2023\/01\/SAM_6080-696x464.jpg 696w, https:\/\/terracallaeci.pt\/wp-content\/uploads\/2023\/01\/SAM_6080-1068x712.jpg 1068w, https:\/\/terracallaeci.pt\/wp-content\/uploads\/2023\/01\/SAM_6080-1920x1280.jpg 1920w, https:\/\/terracallaeci.pt\/wp-content\/uploads\/2023\/01\/SAM_6080.jpg 2000w\" sizes=\"(max-width: 630px) 100vw, 630px\" alt=\"\">\r\n                            <\/a>\r\n                            <figcaption class = \"td-slide-caption td-gallery-slide-content\"><div class = \"td-gallery-slide-copywrite\">Detail of Casa dos Arcos in Bobadela.<\/div><\/figcaption>\r\n                        <\/figure>\r\n                    <\/div>\r\n                            <\/div>\r\n                        <\/div>\r\n\r\n                        <div class = \"td-doubleSlider-2\">\r\n                            <div class = \"td-slider\">\r\n                                \r\n                    <div class = \"td-button td-item1\">\r\n                        <div class = \"td-border\"><\/div>\r\n                    <\/div>\r\n                    <div class = \"td-button td-item2\">\r\n                        <div class = \"td-border\"><\/div>\r\n                    <\/div>\r\n                    <div class = \"td-button td-item3\">\r\n                        <div class = \"td-border\"><\/div>\r\n                    <\/div>\r\n                    <div class = \"td-button td-item4\">\r\n                        <div class = \"td-border\"><\/div>\r\n                    <\/div>\r\n                    <div class = \"td-button td-item5\">\r\n                        <div class = \"td-border\"><\/div>\r\n                    <\/div>\r\n                    <div class = \"td-button td-item6\">\r\n                        <div class = \"td-border\"><\/div>\r\n                    <\/div>\r\n                    <div class = \"td-button td-item7\">\r\n                        <div class = \"td-border\"><\/div>\r\n                    <\/div>\r\n                    <div class = \"td-button td-item8\">\r\n                        <div class = \"td-border\"><\/div>\r\n                    <\/div>\r\n                    <div class = \"td-button td-item9\">\r\n                        <div class = \"td-border\"><\/div>\r\n                    <\/div>\r\n                    <div class = \"td-button td-item10\">\r\n                        <div class = \"td-border\"><\/div>\r\n                    <\/div>\r\n                    <div class = \"td-button td-item11\">\r\n                        <div class = \"td-border\"><\/div>\r\n                    <\/div>\r\n                    <div class = \"td-button td-item12\">\r\n                        <div class = \"td-border\"><\/div>\r\n                    <\/div>\r\n                    <div class = \"td-button td-item13\">\r\n                        <div class = \"td-border\"><\/div>\r\n                    <\/div>\r\n                    <div class = \"td-button td-item14\">\r\n                        <div class = \"td-border\"><\/div>\r\n                    <\/div>\r\n                    <div class = \"td-button td-item15\">\r\n                        <div class = \"td-border\"><\/div>\r\n                    <\/div>\r\n                    <div class = \"td-button td-item16\">\r\n                        <div class = \"td-border\"><\/div>\r\n                    <\/div>\r\n                    <div class = \"td-button td-item17\">\r\n                        <div class = \"td-border\"><\/div>\r\n                    <\/div>\r\n                    <div class = \"td-button td-item18\">\r\n                        <div class = \"td-border\"><\/div>\r\n                    <\/div>\r\n                    <div class = \"td-button td-item19\">\r\n                        <div class = \"td-border\"><\/div>\r\n                    <\/div>\r\n                    <div class = \"td-button td-item20\">\r\n                        <div class = \"td-border\"><\/div>\r\n                    <\/div>\r\n                    <div class = \"td-button td-item21\">\r\n                        <div class = \"td-border\"><\/div>\r\n                    <\/div>\r\n                    <div class = \"td-button td-item22\">\r\n                        <div class = \"td-border\"><\/div>\r\n                    <\/div>\r\n                    <div class = \"td-button td-item23\">\r\n                        <div class = \"td-border\"><\/div>\r\n                    <\/div>\r\n                    <div class = \"td-button td-item24\">\r\n                        <div class = \"td-border\"><\/div>\r\n                    <\/div>\r\n                    <div class = \"td-button td-item25\">\r\n                        <div class = \"td-border\"><\/div>\r\n                    <\/div>\r\n                    <div class = \"td-button td-item26\">\r\n                        <div class = \"td-border\"><\/div>\r\n                    <\/div>\r\n                    <div class = \"td-button td-item27\">\r\n                        <div class = \"td-border\"><\/div>\r\n                    <\/div>\r\n                    <div class = \"td-button td-item28\">\r\n                        <div class = \"td-border\"><\/div>\r\n                    <\/div>\r\n                    <div class = \"td-button td-item29\">\r\n                        <div class = \"td-border\"><\/div>\r\n                    <\/div>\r\n                    <div class = \"td-button td-item30\">\r\n                        <div class = \"td-border\"><\/div>\r\n                    <\/div>\r\n                    <div class = \"td-button td-item31\">\r\n                        <div class = \"td-border\"><\/div>\r\n                    <\/div>\r\n                    <div class = \"td-button td-item32\">\r\n                        <div class = \"td-border\"><\/div>\r\n                    <\/div>\r\n                    <div class = \"td-button td-item33\">\r\n                        <div class = \"td-border\"><\/div>\r\n                    <\/div>\r\n                    <div class = \"td-button td-item34\">\r\n                        <div class = \"td-border\"><\/div>\r\n                    <\/div>\r\n                    <div class = \"td-button td-item35\">\r\n                        <div class = \"td-border\"><\/div>\r\n                    <\/div>\r\n                    <div class = \"td-button td-item36\">\r\n                        <div class = \"td-border\"><\/div>\r\n                    <\/div>\r\n                    <div class = \"td-button td-item37\">\r\n                        <div class = \"td-border\"><\/div>\r\n                    <\/div>\r\n                    <div class = \"td-button td-item38\">\r\n                        <div class = \"td-border\"><\/div>\r\n                    <\/div>\r\n                    <div class = \"td-button td-item39\">\r\n                        <div class = \"td-border\"><\/div>\r\n                    <\/div>\r\n                    <div class = \"td-button td-item40\">\r\n                        <div class = \"td-border\"><\/div>\r\n                    <\/div>\r\n                    <div class = \"td-button td-item41\">\r\n                        <div class = \"td-border\"><\/div>\r\n                    <\/div>\r\n                    <div class = \"td-button td-item42\">\r\n                        <div class = \"td-border\"><\/div>\r\n                    <\/div>\r\n                    <div class = \"td-button td-item43\">\r\n                        <div class = \"td-border\"><\/div>\r\n                    <\/div>\r\n                    <div class = \"td-button td-item44\">\r\n                        <div class = \"td-border\"><\/div>\r\n                    <\/div>\r\n                            <\/div>\r\n                        <\/div>\r\n\r\n                    <\/div>\r\n\r\n                <\/div>\r\n                \n\n\n<div style=\"height:20px\" aria-hidden=\"true\" class=\"wp-block-spacer\"><\/div>\n\n\n\n<p style=\"font-size:18px\">The <a href=\"https:\/\/terracallaeci.pt\/en\/2017\/02\/parque-arqueologico-do-vale-do-terva\/\" target=\"_blank\" rel=\"noreferrer noopener\">TVAP<\/a> is an archaeological park with a continuous geographic character, a joint project of the Municipality of Boticas and the University of Minho, which integrates a set of cultural and natural values, which are relevant and representative resources of the various landscapes that have been formed in the territory, incorporating visiting infrastructures, such as the Interpretation Centre, in Bobadela, interpreted circuits and platforms for observing heritage resources.<\/p>\n\n\n\n<p style=\"font-size:16px\"><em>Text updated on 28\/04\/2023<\/em>.<\/p>\n\n\n\n<div style=\"height:20px\" aria-hidden=\"true\" class=\"wp-block-spacer\"><\/div>\n\n\n<div id=\"altit-1752818263\"><div class=\"altit-adlabel\">PUB<\/div><div id=\"altit-1006004016\"><a href=\"https:\/\/terracallaeci.pt\/en\/corguinho\/\" target=\"_blank\" aria-label=\"CorguinhoII\"><img loading=\"lazy\" decoding=\"async\" src=\"https:\/\/terracallaeci.pt\/wp-content\/uploads\/2021\/08\/CorguinhoII.gif\" alt=\"\"  width=\"728\" height=\"130\"   \/><\/a><\/div><\/div>","protected":false},"excerpt":{"rendered":"<p>Parta \u00e0 aventura nesta visita virtual a alguns dos s\u00edtios arqueol\u00f3gicos e lugares mais bonitos do Parque Arqueol\u00f3gico do Vale do Terva (PAVT), no ano em que comemora dez anos, com cinquenta fotografias obtidas entre 2013 e 2023. COM CERCA DE 60 KM2&nbsp;E 47 S\u00cdTIOS ARQUEOL\u00d3GICOS IDENTIFICADOS, O PAVT&nbsp;JUSTIFICA POR SI, V\u00c1RIAS VISITAS A BOTICAS. [&hellip;]<\/p>\n","protected":false},"author":1,"featured_media":38259,"comment_status":"open","ping_status":"open","sticky":false,"template":"","format":"standard","meta":{"footnotes":""},"categories":[3,1],"tags":[7027,5096,3793],"class_list":{"0":"post-38245","1":"post","2":"type-post","3":"status-publish","4":"format-standard","5":"has-post-thumbnail","7":"category-divulgacao","8":"category-reportagem","9":"tag-barroso","10":"tag-boticas","11":"tag-pavt"},"_links":{"self":[{"href":"https:\/\/terracallaeci.pt\/en\/wp-json\/wp\/v2\/posts\/38245","targetHints":{"allow":["GET"]}}],"collection":[{"href":"https:\/\/terracallaeci.pt\/en\/wp-json\/wp\/v2\/posts"}],"about":[{"href":"https:\/\/terracallaeci.pt\/en\/wp-json\/wp\/v2\/types\/post"}],"author":[{"embeddable":true,"href":"https:\/\/terracallaeci.pt\/en\/wp-json\/wp\/v2\/users\/1"}],"replies":[{"embeddable":true,"href":"https:\/\/terracallaeci.pt\/en\/wp-json\/wp\/v2\/comments?post=38245"}],"version-history":[{"count":0,"href":"https:\/\/terracallaeci.pt\/en\/wp-json\/wp\/v2\/posts\/38245\/revisions"}],"wp:featuredmedia":[{"embeddable":true,"href":"https:\/\/terracallaeci.pt\/en\/wp-json\/wp\/v2\/media\/38259"}],"wp:attachment":[{"href":"https:\/\/terracallaeci.pt\/en\/wp-json\/wp\/v2\/media?parent=38245"}],"wp:term":[{"taxonomy":"category","embeddable":true,"href":"https:\/\/terracallaeci.pt\/en\/wp-json\/wp\/v2\/categories?post=38245"},{"taxonomy":"post_tag","embeddable":true,"href":"https:\/\/terracallaeci.pt\/en\/wp-json\/wp\/v2\/tags?post=38245"}],"curies":[{"name":"wp","href":"https:\/\/api.w.org\/{rel}","templated":true}]}}