{"id":36324,"date":"2022-01-19T14:37:16","date_gmt":"2022-01-19T14:37:16","guid":{"rendered":"https:\/\/visitboticas.pt\/?p=36324"},"modified":"2023-10-07T10:09:15","modified_gmt":"2023-10-07T09:09:15","slug":"rota-das-levadas-pr4-btc","status":"publish","type":"post","link":"https:\/\/terracallaeci.pt\/en\/2022\/01\/rota-das-levadas-pr4-btc\/","title":{"rendered":"Rota das Levadas &#8211; PR4 BTC"},"content":{"rendered":"\n<p style=\"font-size:18px\">A Rota das Levadas tem uma extens\u00e3o total de 13,3 km e \u00e9 circular, tendo o seu in\u00edcio e fim no Boticas Parque &#8211; Natureza e Biodiversidade. A Rota come\u00e7a por acompanhar a margem esquerda do rio Be\u00e7a e depois de o atravessar, acompanha a margem direita onde cruza terrenos cultivados na plan\u00edcie aluvial. Dirige-se \u00e0 aldeia de Carvalhelhos, conhecida pelas \u00e1guas minerais e termais provenientes da Serra do Barroso, pr\u00f3prias para eliminar elementos t\u00f3xicos e ben\u00e9ficas para a pele, aparelho digestivo, rins, alergias, reumatismo e hipertens\u00e3o. Depois de passar a fonte dos Amores, a Rota segue at\u00e9 ao Castro de Carvalhelhos, tamb\u00e9m conhecido por \u201cCastelo dos Mouros\u201d, classificado como Im\u00f3vel de Interesse P\u00fablico. Trata-se de um povoado fortificado em bom estado de conserva\u00e7\u00e3o que fora ocupado ao longo da Idade do Ferro, do Per\u00edodo Romano e da \u00c9poca Suevo-Visig\u00f3tica.<\/p>\n\n\n\n<figure class=\"wp-block-image size-full\"><img loading=\"lazy\" decoding=\"async\" width=\"2000\" height=\"1333\" src=\"https:\/\/terracallaeci.pt\/wp-content\/uploads\/2017\/02\/IMG_4221-1.jpg\" alt=\"\" class=\"wp-image-38827\" style=\"object-fit:cover\" srcset=\"https:\/\/terracallaeci.pt\/wp-content\/uploads\/2017\/02\/IMG_4221-1.jpg 2000w, https:\/\/terracallaeci.pt\/wp-content\/uploads\/2017\/02\/IMG_4221-1-300x200.jpg 300w, https:\/\/terracallaeci.pt\/wp-content\/uploads\/2017\/02\/IMG_4221-1-1024x682.jpg 1024w, https:\/\/terracallaeci.pt\/wp-content\/uploads\/2017\/02\/IMG_4221-1-768x512.jpg 768w, https:\/\/terracallaeci.pt\/wp-content\/uploads\/2017\/02\/IMG_4221-1-1536x1024.jpg 1536w, https:\/\/terracallaeci.pt\/wp-content\/uploads\/2017\/02\/IMG_4221-1-150x100.jpg 150w, https:\/\/terracallaeci.pt\/wp-content\/uploads\/2017\/02\/IMG_4221-1-696x464.jpg 696w, https:\/\/terracallaeci.pt\/wp-content\/uploads\/2017\/02\/IMG_4221-1-1068x712.jpg 1068w, https:\/\/terracallaeci.pt\/wp-content\/uploads\/2017\/02\/IMG_4221-1-1920x1280.jpg 1920w, https:\/\/terracallaeci.pt\/wp-content\/uploads\/2017\/02\/IMG_4221-1-630x420.jpg 630w\" sizes=\"auto, (max-width: 2000px) 100vw, 2000px\" \/><figcaption class=\"wp-element-caption\">Castro de Carvalhelhos. Foto TR\/TC<\/figcaption><\/figure>\n\n\n\n<p style=\"font-size:18px\">De seguida, a Rota passa junto \u00e0 Capela do Santu\u00e1rio do Senhor dos Milagres e retorna a acompanhar a margem direita do rio Be\u00e7a at\u00e9 chegar ao Boticas Parque &#8211; Natureza e Biodiversidade.<\/p>\n\n\n\n<div style=\"height:20px\" aria-hidden=\"true\" class=\"wp-block-spacer\"><\/div>\n\n\n<div class=\"wp-block-image\">\n<figure class=\"aligncenter size-full\"><img loading=\"lazy\" decoding=\"async\" width=\"1000\" height=\"1414\" src=\"https:\/\/terracallaeci.pt\/wp-content\/uploads\/2022\/01\/Levadas.jpg\" alt=\"\" class=\"wp-image-36325\" style=\"object-fit:cover\" srcset=\"https:\/\/terracallaeci.pt\/wp-content\/uploads\/2022\/01\/Levadas.jpg 1000w, https:\/\/terracallaeci.pt\/wp-content\/uploads\/2022\/01\/Levadas-212x300.jpg 212w, https:\/\/terracallaeci.pt\/wp-content\/uploads\/2022\/01\/Levadas-724x1024.jpg 724w, https:\/\/terracallaeci.pt\/wp-content\/uploads\/2022\/01\/Levadas-768x1086.jpg 768w, https:\/\/terracallaeci.pt\/wp-content\/uploads\/2022\/01\/Levadas-150x212.jpg 150w, https:\/\/terracallaeci.pt\/wp-content\/uploads\/2022\/01\/Levadas-300x424.jpg 300w, https:\/\/terracallaeci.pt\/wp-content\/uploads\/2022\/01\/Levadas-696x984.jpg 696w, https:\/\/terracallaeci.pt\/wp-content\/uploads\/2022\/01\/Levadas-297x420.jpg 297w\" sizes=\"auto, (max-width: 1000px) 100vw, 1000px\" \/><\/figure>\n<\/div>\n\n\n<div style=\"height:20px\" aria-hidden=\"true\" class=\"wp-block-spacer\"><\/div>\n\n\n\n<p style=\"font-size:18px\">Descarregue o folheto com informa\u00e7\u00e3o \u00fatil aqui.<\/p>\n\n\n<p>[wpdm_package id=&#8217;36328&#8242;]<\/p>\n\n\n\n<div style=\"height:20px\" aria-hidden=\"true\" class=\"wp-block-spacer\"><\/div>\n\n\n<div id=\"altit-1241801175\"><div class=\"altit-adlabel\">PUB<\/div><div id=\"altit-3875135562\"><a href=\"https:\/\/terracallaeci.pt\/corguinho\/\" target=\"_blank\" aria-label=\"CorguinhoII\"><img loading=\"lazy\" decoding=\"async\" src=\"https:\/\/terracallaeci.pt\/wp-content\/uploads\/2021\/08\/CorguinhoII.gif\" alt=\"\"  width=\"728\" height=\"130\"   \/><\/a><\/div><\/div>\n","protected":false},"excerpt":{"rendered":"<p>A Rota das Levadas tem uma extens\u00e3o total de 13,3 km e \u00e9 circular, tendo o seu in\u00edcio e fim no Boticas Parque &#8211; Natureza e Biodiversidade. A Rota come\u00e7a por acompanhar a margem esquerda do rio Be\u00e7a e depois de o atravessar, acompanha a margem direita onde cruza terrenos cultivados na plan\u00edcie aluvial. Dirige-se [&hellip;]<\/p>\n","protected":false},"author":6,"featured_media":24335,"comment_status":"closed","ping_status":"open","sticky":false,"template":"","format":"standard","meta":{"footnotes":""},"categories":[7607],"tags":[7027,5096,7608],"class_list":{"0":"post-36324","1":"post","2":"type-post","3":"status-publish","4":"format-standard","5":"has-post-thumbnail","7":"category-roteiros-cmb","8":"tag-barroso","9":"tag-boticas","10":"tag-roteiros-cmb"},"_links":{"self":[{"href":"https:\/\/terracallaeci.pt\/en\/wp-json\/wp\/v2\/posts\/36324","targetHints":{"allow":["GET"]}}],"collection":[{"href":"https:\/\/terracallaeci.pt\/en\/wp-json\/wp\/v2\/posts"}],"about":[{"href":"https:\/\/terracallaeci.pt\/en\/wp-json\/wp\/v2\/types\/post"}],"author":[{"embeddable":true,"href":"https:\/\/terracallaeci.pt\/en\/wp-json\/wp\/v2\/users\/6"}],"replies":[{"embeddable":true,"href":"https:\/\/terracallaeci.pt\/en\/wp-json\/wp\/v2\/comments?post=36324"}],"version-history":[{"count":0,"href":"https:\/\/terracallaeci.pt\/en\/wp-json\/wp\/v2\/posts\/36324\/revisions"}],"wp:featuredmedia":[{"embeddable":true,"href":"https:\/\/terracallaeci.pt\/en\/wp-json\/wp\/v2\/media\/24335"}],"wp:attachment":[{"href":"https:\/\/terracallaeci.pt\/en\/wp-json\/wp\/v2\/media?parent=36324"}],"wp:term":[{"taxonomy":"category","embeddable":true,"href":"https:\/\/terracallaeci.pt\/en\/wp-json\/wp\/v2\/categories?post=36324"},{"taxonomy":"post_tag","embeddable":true,"href":"https:\/\/terracallaeci.pt\/en\/wp-json\/wp\/v2\/tags?post=36324"}],"curies":[{"name":"wp","href":"https:\/\/api.w.org\/{rel}","templated":true}]}}