{"id":35829,"date":"2021-09-05T10:16:13","date_gmt":"2021-09-05T09:16:13","guid":{"rendered":"https:\/\/visitboticas.pt\/?p=35829"},"modified":"2025-05-30T14:32:20","modified_gmt":"2025-05-30T13:32:20","slug":"4-sitios-onde-ficar-em-boticas","status":"publish","type":"post","link":"https:\/\/terracallaeci.pt\/en\/2021\/09\/4-sitios-onde-ficar-em-boticas\/","title":{"rendered":"4 places to stay in Boticas"},"content":{"rendered":"<p style=\"font-size:18px\">With around 5,000 inhabitants spread over a geographical area three times the size of Lisbon, Boticas is the ideal municipality for a peaceful holiday in a unique rural environment, classified as a World Agricultural Heritage Site and still pure and far removed from the routine hustle and bustle of large urban centres.<\/p>\n\n\n\n<blockquote class=\"wp-block-quote is-layout-flow wp-block-quote-is-layout-flow\">\n<p>The 4 places to stay in Boticas are a TERRA CALLAECI selection.<\/p>\n<\/blockquote>\n\n\n\n<p style=\"font-size:18px\">From the most sophisticated to the most traditional, Boticas offers visitors a wide range of accommodation options. Terra Callaeci has selected the most popular types: Hotel; Rural Tourism; Nature Tourism and Local Accommodation. <\/p>\n\n\n\n<h2 class=\"wp-block-heading\">Hotel &#8211; Boticas Hotel Art &amp; Spa<\/h2>\n\n\n\n<figure class=\"wp-block-image size-large\"><img loading=\"lazy\" decoding=\"async\" width=\"1024\" height=\"683\" src=\"http:\/\/terracallaeci.pt\/wp-content\/uploads\/2017\/02\/Sofia_Amaral-304-1024x683.jpg\" alt=\"\" class=\"wp-image-39579\" srcset=\"https:\/\/terracallaeci.pt\/wp-content\/uploads\/2017\/02\/Sofia_Amaral-304-1024x683.jpg 1024w, https:\/\/terracallaeci.pt\/wp-content\/uploads\/2017\/02\/Sofia_Amaral-304-300x200.jpg 300w, https:\/\/terracallaeci.pt\/wp-content\/uploads\/2017\/02\/Sofia_Amaral-304-768x512.jpg 768w, https:\/\/terracallaeci.pt\/wp-content\/uploads\/2017\/02\/Sofia_Amaral-304-1536x1024.jpg 1536w, https:\/\/terracallaeci.pt\/wp-content\/uploads\/2017\/02\/Sofia_Amaral-304-18x12.jpg 18w, https:\/\/terracallaeci.pt\/wp-content\/uploads\/2017\/02\/Sofia_Amaral-304-150x100.jpg 150w, https:\/\/terracallaeci.pt\/wp-content\/uploads\/2017\/02\/Sofia_Amaral-304-696x464.jpg 696w, https:\/\/terracallaeci.pt\/wp-content\/uploads\/2017\/02\/Sofia_Amaral-304-1068x712.jpg 1068w, https:\/\/terracallaeci.pt\/wp-content\/uploads\/2017\/02\/Sofia_Amaral-304-1920x1280.jpg 1920w, https:\/\/terracallaeci.pt\/wp-content\/uploads\/2017\/02\/Sofia_Amaral-304-630x420.jpg 630w, https:\/\/terracallaeci.pt\/wp-content\/uploads\/2017\/02\/Sofia_Amaral-304.jpg 2048w\" sizes=\"auto, (max-width: 1024px) 100vw, 1024px\" \/><figcaption class=\"wp-element-caption\">Foto Sofia Amaral<\/figcaption><\/figure>\n\n\n\n<p style=\"font-size:18px\">The <a href=\"https:\/\/terracallaeci.pt\/en\/2017\/02\/boticas-hotel-aspa\/\" target=\"_blank\" rel=\"noreferrer noopener\">Boticas Hotel Art &amp; Spa<\/a> is a charming 4-star hotel dedicated to art and well-being, located next to the Nadir Afonso Arts Centre in Boticas. Surrounded by green areas, it offers an outdoor pool with panoramic views, along with complete spa and wellness facilities, including a heated indoor pool. All accommodation is air-conditioned and has a private bathroom, TV, minibar and free Wi-Fi.<\/p>\n\n\n\n<h2 class=\"wp-block-heading\">Rural Tourism \u2013 Casa Pastoria Mour\u00e3o<\/h2>\n\n\n\n<figure class=\"wp-block-image size-large\"><img loading=\"lazy\" decoding=\"async\" width=\"1024\" height=\"682\" src=\"https:\/\/terracallaeci.pt\/wp-content\/uploads\/2017\/03\/SAM_3396-1024x682.jpg\" alt=\"casa-pastoria-mourao\" class=\"wp-image-5615\" srcset=\"https:\/\/terracallaeci.pt\/wp-content\/uploads\/2017\/03\/SAM_3396-1024x682.jpg 1024w, https:\/\/terracallaeci.pt\/wp-content\/uploads\/2017\/03\/SAM_3396-300x200.jpg 300w, https:\/\/terracallaeci.pt\/wp-content\/uploads\/2017\/03\/SAM_3396-768x512.jpg 768w, https:\/\/terracallaeci.pt\/wp-content\/uploads\/2017\/03\/SAM_3396-1536x1024.jpg 1536w, https:\/\/terracallaeci.pt\/wp-content\/uploads\/2017\/03\/SAM_3396-150x100.jpg 150w, https:\/\/terracallaeci.pt\/wp-content\/uploads\/2017\/03\/SAM_3396-696x464.jpg 696w, https:\/\/terracallaeci.pt\/wp-content\/uploads\/2017\/03\/SAM_3396-1068x712.jpg 1068w, https:\/\/terracallaeci.pt\/wp-content\/uploads\/2017\/03\/SAM_3396-1920x1280.jpg 1920w, https:\/\/terracallaeci.pt\/wp-content\/uploads\/2017\/03\/SAM_3396-630x420.jpg 630w, https:\/\/terracallaeci.pt\/wp-content\/uploads\/2017\/03\/SAM_3396.jpg 2000w\" sizes=\"auto, (max-width: 1024px) 100vw, 1024px\" \/><figcaption class=\"wp-element-caption\">Photo TR\/TC<\/figcaption><\/figure>\n\n\n\n<p style=\"font-size:18px\" class=\"translation-block\">Built in 1903 by Camilo Pastoria Mour\u00e3o, the <em><a rel=\"noreferrer noopener\" href=\"https:\/\/terracallaeci.pt\/en\/2017\/03\/pastoria-mourao\/\" target=\"_blank\">casar\u00e3o<\/a><\/em> (manor house), as it is known in the village of Codessoso, was adapted for rural tourism in 2005 by the granddaughter and current owner, Maria de Lourdes Mour\u00e3o Lopes. It has available, on a bed and breakfast basis, three suites, three double rooms and a twin room, all with view to the garden and pool, or village, private bathroom, heating, television and telephone.<\/p>\n\n\n\n<h2 class=\"wp-block-heading\">Nature Tourism \u2013 Natur Houses<\/h2>\n\n\n\n<figure class=\"wp-block-image size-large\"><img loading=\"lazy\" decoding=\"async\" width=\"1024\" height=\"682\" src=\"https:\/\/terracallaeci.pt\/wp-content\/uploads\/2018\/02\/NATUR-HOUSES-9-1024x682.jpg\" alt=\"onde-ficar-natur-houses\" class=\"wp-image-19903\" srcset=\"https:\/\/terracallaeci.pt\/wp-content\/uploads\/2018\/02\/NATUR-HOUSES-9-1024x682.jpg 1024w, https:\/\/terracallaeci.pt\/wp-content\/uploads\/2018\/02\/NATUR-HOUSES-9-300x200.jpg 300w, https:\/\/terracallaeci.pt\/wp-content\/uploads\/2018\/02\/NATUR-HOUSES-9-768x512.jpg 768w, https:\/\/terracallaeci.pt\/wp-content\/uploads\/2018\/02\/NATUR-HOUSES-9-1536x1024.jpg 1536w, https:\/\/terracallaeci.pt\/wp-content\/uploads\/2018\/02\/NATUR-HOUSES-9-150x100.jpg 150w, https:\/\/terracallaeci.pt\/wp-content\/uploads\/2018\/02\/NATUR-HOUSES-9-696x464.jpg 696w, https:\/\/terracallaeci.pt\/wp-content\/uploads\/2018\/02\/NATUR-HOUSES-9-1068x712.jpg 1068w, https:\/\/terracallaeci.pt\/wp-content\/uploads\/2018\/02\/NATUR-HOUSES-9-1920x1280.jpg 1920w, https:\/\/terracallaeci.pt\/wp-content\/uploads\/2018\/02\/NATUR-HOUSES-9-630x420.jpg 630w, https:\/\/terracallaeci.pt\/wp-content\/uploads\/2018\/02\/NATUR-HOUSES-9.jpg 2000w\" sizes=\"auto, (max-width: 1024px) 100vw, 1024px\" \/><figcaption class=\"wp-element-caption\">Photo Foto V\u00eddeo Stop<\/figcaption><\/figure>\n\n\n\n<p style=\"font-size:18px\">Located in <a href=\"https:\/\/www.boticasparque.com\/\" target=\"_blank\" rel=\"noreferrer noopener\">Boticas Parque<\/a> in the heart of a unique forest environment, in the <a href=\"https:\/\/terracallaeci.pt\/en\/2018\/02\/onde-ficar-natur-houses\/\" target=\"_blank\" rel=\"noreferrer noopener\">Natur Houses<\/a> everything has been thought out so that your stay in communion with nature is as comfortable and peaceful as possible at the lowest environmental cost. The two duly equipped one-bedroom and two-bedroom accommodation units were built using non-polluting, recyclable materials and the LSF (light steel framing) system, which reduces energy consumption by around 70 per cent for both heating and cooling.<\/p>\n\n\n\n<h2 class=\"wp-block-heading\">Local Accommodation - Casa Sousa<\/h2>\n\n\n\n<figure class=\"wp-block-image size-large\"><img loading=\"lazy\" decoding=\"async\" width=\"1024\" height=\"683\" src=\"https:\/\/terracallaeci.pt\/wp-content\/uploads\/2021\/08\/DECK-1024x683.jpg\" alt=\"\" class=\"wp-image-35526\" srcset=\"https:\/\/terracallaeci.pt\/wp-content\/uploads\/2021\/08\/DECK-1024x683.jpg 1024w, https:\/\/terracallaeci.pt\/wp-content\/uploads\/2021\/08\/DECK-300x200.jpg 300w, https:\/\/terracallaeci.pt\/wp-content\/uploads\/2021\/08\/DECK-768x512.jpg 768w, https:\/\/terracallaeci.pt\/wp-content\/uploads\/2021\/08\/DECK-150x100.jpg 150w, https:\/\/terracallaeci.pt\/wp-content\/uploads\/2021\/08\/DECK-696x464.jpg 696w, https:\/\/terracallaeci.pt\/wp-content\/uploads\/2021\/08\/DECK-1068x712.jpg 1068w, https:\/\/terracallaeci.pt\/wp-content\/uploads\/2021\/08\/DECK-630x420.jpg 630w, https:\/\/terracallaeci.pt\/wp-content\/uploads\/2021\/08\/DECK.jpg 1458w\" sizes=\"auto, (max-width: 1024px) 100vw, 1024px\" \/><figcaption class=\"wp-element-caption\">Photo Casa Sousa<\/figcaption><\/figure>\n\n\n\n<p style=\"font-size:18px\" class=\"translation-block\">Located in the heart of Boticas village, <a rel=\"noreferrer noopener\" href=\"https:\/\/terracallaeci.pt\/en\/2021\/08\/casa-sousa-3rd-generation\/\" target=\"_blank\">Casa Sousa 3rd generation<\/a> has been in the same family for three generations. It was home and grocery store of grandmother Rosalina, business and mini-market of the father Armindo, and now, local accommodation managed by grandson and son Nuno. It has two fully equipped 1-bedroom duplex flats available, ideal for a peaceful getaway, but with the convenience of location, with all the points of interest just a few minutes' walk away.<\/p>\n\n\n\n<div style=\"height:20px\" aria-hidden=\"true\" class=\"wp-block-spacer\"><\/div>\n\n\n\n<p style=\"font-size:18px\" class=\"translation-block\">For more options consult the database \"Where to stay in Boticas\" <a href=\"https:\/\/terracallaeci.pt\/en\/onde-ficar-em-boticas\/\" target=\"_blank\" rel=\"noreferrer noopener\">here.<\/a><\/p>\n\n\n\n<div style=\"height:20px\" aria-hidden=\"true\" class=\"wp-block-spacer\"><\/div>\n\n\n<div id=\"altit-3114987020\"><div class=\"altit-adlabel\">PUB<\/div><div id=\"altit-3426302438\"><a href=\"https:\/\/terracallaeci.pt\/en\/corguinho\/\" target=\"_blank\" aria-label=\"CorguinhoII\"><img loading=\"lazy\" decoding=\"async\" src=\"https:\/\/terracallaeci.pt\/wp-content\/uploads\/2021\/08\/CorguinhoII.gif\" alt=\"\"  width=\"728\" height=\"130\"   \/><\/a><\/div><\/div>","protected":false},"excerpt":{"rendered":"<p>Com cerca de 5 mil habitantes distribu\u00eddos por uma \u00e1rea geogr\u00e1fica tr\u00eas vezes a cidade de Lisboa, Boticas \u00e9 o concelho ideal para umas f\u00e9rias tranquilas, no seio de um ambiente rural \u00fanico, classificado como Patrim\u00f3nio Agr\u00edcola Mundial e que permanece ainda puro e alheio \u00e0 confus\u00e3o rotineira dos grandes centros urbanos. Os 4 s\u00edtios [&hellip;]<\/p>\n","protected":false},"author":1,"featured_media":36356,"comment_status":"closed","ping_status":"open","sticky":false,"template":"","format":"standard","meta":{"footnotes":""},"categories":[7742,3,3684],"tags":[7027,5096,5095,7591,7576,7252],"class_list":{"0":"post-35829","1":"post","2":"type-post","3":"status-publish","4":"format-standard","5":"has-post-thumbnail","7":"category-artigos","8":"category-divulgacao","9":"category-sugestoes-de-leitura","10":"tag-barroso","11":"tag-boticas","12":"tag-boticas-hotel","13":"tag-casa-pastoria-mourao","14":"tag-casa-sousa","15":"tag-natur-houses"},"_links":{"self":[{"href":"https:\/\/terracallaeci.pt\/en\/wp-json\/wp\/v2\/posts\/35829","targetHints":{"allow":["GET"]}}],"collection":[{"href":"https:\/\/terracallaeci.pt\/en\/wp-json\/wp\/v2\/posts"}],"about":[{"href":"https:\/\/terracallaeci.pt\/en\/wp-json\/wp\/v2\/types\/post"}],"author":[{"embeddable":true,"href":"https:\/\/terracallaeci.pt\/en\/wp-json\/wp\/v2\/users\/1"}],"replies":[{"embeddable":true,"href":"https:\/\/terracallaeci.pt\/en\/wp-json\/wp\/v2\/comments?post=35829"}],"version-history":[{"count":0,"href":"https:\/\/terracallaeci.pt\/en\/wp-json\/wp\/v2\/posts\/35829\/revisions"}],"wp:featuredmedia":[{"embeddable":true,"href":"https:\/\/terracallaeci.pt\/en\/wp-json\/wp\/v2\/media\/36356"}],"wp:attachment":[{"href":"https:\/\/terracallaeci.pt\/en\/wp-json\/wp\/v2\/media?parent=35829"}],"wp:term":[{"taxonomy":"category","embeddable":true,"href":"https:\/\/terracallaeci.pt\/en\/wp-json\/wp\/v2\/categories?post=35829"},{"taxonomy":"post_tag","embeddable":true,"href":"https:\/\/terracallaeci.pt\/en\/wp-json\/wp\/v2\/tags?post=35829"}],"curies":[{"name":"wp","href":"https:\/\/api.w.org\/{rel}","templated":true}]}}