{"id":35512,"date":"2021-08-25T15:50:44","date_gmt":"2021-08-25T14:50:44","guid":{"rendered":"https:\/\/visitboticas.pt\/?p=35512"},"modified":"2026-03-02T10:12:23","modified_gmt":"2026-03-02T10:12:23","slug":"casa-sousa-alojamento","status":"publish","type":"post","link":"https:\/\/terracallaeci.pt\/en\/2021\/08\/casa-sousa-alojamento\/","title":{"rendered":"Casa Sousa Alojamento"},"content":{"rendered":"<div class=\"wp-block-group is-nowrap is-layout-flex wp-container-core-group-is-layout-ad2f72ca wp-block-group-is-layout-flex\">\n<figure class=\"wp-block-image size-large\"><img loading=\"lazy\" decoding=\"async\" width=\"768\" height=\"1024\" src=\"https:\/\/terracallaeci.pt\/wp-content\/uploads\/2024\/05\/IMG_1627-768x1024.jpg\" alt=\"\" class=\"wp-image-39804\" srcset=\"https:\/\/terracallaeci.pt\/wp-content\/uploads\/2024\/05\/IMG_1627-768x1024.jpg 768w, https:\/\/terracallaeci.pt\/wp-content\/uploads\/2024\/05\/IMG_1627-225x300.jpg 225w, https:\/\/terracallaeci.pt\/wp-content\/uploads\/2024\/05\/IMG_1627-9x12.jpg 9w, https:\/\/terracallaeci.pt\/wp-content\/uploads\/2024\/05\/IMG_1627-150x200.jpg 150w, https:\/\/terracallaeci.pt\/wp-content\/uploads\/2024\/05\/IMG_1627-300x400.jpg 300w, https:\/\/terracallaeci.pt\/wp-content\/uploads\/2024\/05\/IMG_1627-696x928.jpg 696w, https:\/\/terracallaeci.pt\/wp-content\/uploads\/2024\/05\/IMG_1627-1068x1424.jpg 1068w, https:\/\/terracallaeci.pt\/wp-content\/uploads\/2024\/05\/IMG_1627-315x420.jpg 315w, https:\/\/terracallaeci.pt\/wp-content\/uploads\/2024\/05\/IMG_1627.jpg 1125w\" sizes=\"auto, (max-width: 768px) 100vw, 768px\" \/><figcaption class=\"wp-element-caption\">Photo Casa Sousa<\/figcaption><\/figure>\n\n\n\n<p><\/p>\n<\/div>\n\n\n\n<p style=\"font-size:18px\"><br>Located in the heart of the town of Boticas, Casa Sousa  has been in the same family for three generations. It was home and grocery store of grandmother Rosalina, business and mini-market of the father Armindo, and now, local accommodation managed by grandson and son Nuno.<\/p>\n\n\n\n<blockquote class=\"wp-block-quote is-layout-flow wp-block-quote-is-layout-flow\">\n<p>A place to stay in the Barroso World Agricultural Heritage Site.<\/p>\n<\/blockquote>\n\n\n\n<figure class=\"wp-block-image size-large is-resized\"><img loading=\"lazy\" decoding=\"async\" width=\"768\" height=\"1024\" src=\"https:\/\/terracallaeci.pt\/wp-content\/uploads\/2024\/05\/IMG_1640-768x1024.jpg\" alt=\"\" class=\"wp-image-39803\" style=\"width:1068px;height:auto\" srcset=\"https:\/\/terracallaeci.pt\/wp-content\/uploads\/2024\/05\/IMG_1640-768x1024.jpg 768w, https:\/\/terracallaeci.pt\/wp-content\/uploads\/2024\/05\/IMG_1640-225x300.jpg 225w, https:\/\/terracallaeci.pt\/wp-content\/uploads\/2024\/05\/IMG_1640-1152x1536.jpg 1152w, https:\/\/terracallaeci.pt\/wp-content\/uploads\/2024\/05\/IMG_1640-9x12.jpg 9w, https:\/\/terracallaeci.pt\/wp-content\/uploads\/2024\/05\/IMG_1640-150x200.jpg 150w, https:\/\/terracallaeci.pt\/wp-content\/uploads\/2024\/05\/IMG_1640-300x400.jpg 300w, https:\/\/terracallaeci.pt\/wp-content\/uploads\/2024\/05\/IMG_1640-696x928.jpg 696w, https:\/\/terracallaeci.pt\/wp-content\/uploads\/2024\/05\/IMG_1640-1068x1424.jpg 1068w, https:\/\/terracallaeci.pt\/wp-content\/uploads\/2024\/05\/IMG_1640-315x420.jpg 315w, https:\/\/terracallaeci.pt\/wp-content\/uploads\/2024\/05\/IMG_1640.jpg 1500w\" sizes=\"auto, (max-width: 768px) 100vw, 768px\" \/><figcaption class=\"wp-element-caption\">Photo Casa Sousa<\/figcaption><\/figure>\n\n\n\n<p style=\"font-size:18px\">It has at your disposal two T1 duplex apartaments recently refurbished and fully equipped, ideal for a quiet getaway, but with the convenience of the location, with all the points of interest just a few minutes away on foot.<\/p>\n\n\n\n<p style=\"font-size:18px\">Conhe\u00e7a o Apartamento 1 <a href=\"https:\/\/www.instagram.com\/p\/CvhN9W4N-v_\/\" target=\"_blank\" rel=\"noreferrer noopener\">here.<\/a><br>Conhe\u00e7a o Apartamento 2 <a href=\"https:\/\/www.instagram.com\/p\/CvWuULptOfH\/\" target=\"_blank\" rel=\"noreferrer noopener\">here.<\/a><\/p>\n\n\n\n<p style=\"font-size:18px\">Rua 5 de Outubro, 28<br>5460-304 Boticas<\/p>\n\n\n\n<p style=\"font-size:18px\">Tlm: (+351) 964 396 782<br>Email: <a href=\"mailto:infocasasousa@gmail.com\" target=\"_blank\" rel=\"noreferrer noopener\">infocasasousa@gmail.com<\/a><br><a href=\"https:\/\/www.facebook.com\/alojamentocasasousa\/\" target=\"_blank\" rel=\"noreferrer noopener\">Facebook<\/a><br><a href=\"https:\/\/www.instagram.com\/alojamento_casasousa\/\" target=\"_blank\" rel=\"noreferrer noopener\">Instagram<\/a><\/p>\n\n\n\n<p><\/p>\n\n\n\n<iframe src=\"https:\/\/www.google.com\/maps\/embed?pb=!1m17!1m11!1m3!1d899.738980234585!2d-7.667532208823881!3d41.68775989110939!2m2!1f0!2f0!3m2!1i1024!2i768!4f13.1!3m3!1m2!1s0xd3ad79e0ee0c3a9%3A0xda19b5bd0672203d!2sCasa%20Sousa%203rd%20generation!5e1!3m2!1spt-PT!2spt!4v1715248071908!5m2!1spt-PT!2spt\" width=\"800\" height=\"400\" style=\"border:0;\" allowfullscreen=\"\" loading=\"lazy\" referrerpolicy=\"no-referrer-when-downgrade\"><\/iframe>\n\n\n\n<div style=\"height:20px\" aria-hidden=\"true\" class=\"wp-block-spacer\"><\/div>\n\n\n\n<div style=\"height:20px\" aria-hidden=\"true\" class=\"wp-block-spacer\"><\/div>\n\n\n\n<div id=\"altit-1082866678\"><div class=\"altit-adlabel\">PUB<\/div><div id=\"altit-1062482201\"><a href=\"https:\/\/terracallaeci.pt\/en\/corguinho\/\" target=\"_blank\" aria-label=\"CorguinhoII\"><img loading=\"lazy\" decoding=\"async\" src=\"https:\/\/terracallaeci.pt\/wp-content\/uploads\/2021\/08\/CorguinhoII.gif\" alt=\"\"  width=\"728\" height=\"130\"   \/><\/a><\/div><\/div>","protected":false},"excerpt":{"rendered":"<p>Localizada no cora\u00e7\u00e3o da vila de Boticas, a Casa Sousa est\u00e1 na mesma fam\u00edlia h\u00e1 tr\u00eas gera\u00e7\u00f5es. Foi lar e mercearia da av\u00f3 Rosalina, neg\u00f3cio e minimercado do pai Armindo, e agora, alojamento local gerido pelo neto e filho Nuno. Um alojamento no barroso patrim\u00f3nio agr\u00edcola mundial. Tem \u00e0 disposi\u00e7\u00e3o dois apartamentos T1 duplex recentemente [&hellip;]<\/p>\n","protected":false},"author":6,"featured_media":35526,"comment_status":"open","ping_status":"open","sticky":false,"template":"","format":"standard","meta":{"footnotes":""},"categories":[5191],"tags":[7577,5096],"class_list":{"0":"post-35512","1":"post","2":"type-post","3":"status-publish","4":"format-standard","5":"has-post-thumbnail","7":"category-onde-ficar-em-boticas","8":"tag-alojamento-local","9":"tag-boticas"},"_links":{"self":[{"href":"https:\/\/terracallaeci.pt\/en\/wp-json\/wp\/v2\/posts\/35512","targetHints":{"allow":["GET"]}}],"collection":[{"href":"https:\/\/terracallaeci.pt\/en\/wp-json\/wp\/v2\/posts"}],"about":[{"href":"https:\/\/terracallaeci.pt\/en\/wp-json\/wp\/v2\/types\/post"}],"author":[{"embeddable":true,"href":"https:\/\/terracallaeci.pt\/en\/wp-json\/wp\/v2\/users\/6"}],"replies":[{"embeddable":true,"href":"https:\/\/terracallaeci.pt\/en\/wp-json\/wp\/v2\/comments?post=35512"}],"version-history":[{"count":0,"href":"https:\/\/terracallaeci.pt\/en\/wp-json\/wp\/v2\/posts\/35512\/revisions"}],"wp:featuredmedia":[{"embeddable":true,"href":"https:\/\/terracallaeci.pt\/en\/wp-json\/wp\/v2\/media\/35526"}],"wp:attachment":[{"href":"https:\/\/terracallaeci.pt\/en\/wp-json\/wp\/v2\/media?parent=35512"}],"wp:term":[{"taxonomy":"category","embeddable":true,"href":"https:\/\/terracallaeci.pt\/en\/wp-json\/wp\/v2\/categories?post=35512"},{"taxonomy":"post_tag","embeddable":true,"href":"https:\/\/terracallaeci.pt\/en\/wp-json\/wp\/v2\/tags?post=35512"}],"curies":[{"name":"wp","href":"https:\/\/api.w.org\/{rel}","templated":true}]}}