{"id":34152,"date":"2020-10-25T11:15:59","date_gmt":"2020-10-25T11:15:59","guid":{"rendered":"https:\/\/visitboticas.pt\/?p=34152"},"modified":"2025-03-17T09:15:19","modified_gmt":"2025-03-17T09:15:19","slug":"5-museus-gratuitos-em-boticas-que-deve-visitar","status":"publish","type":"post","link":"https:\/\/terracallaeci.pt\/en\/2020\/10\/5-museus-gratuitos-em-boticas-que-deve-visitar\/","title":{"rendered":"5 free museums in Boticas that you must visit"},"content":{"rendered":"<p style=\"font-size:18px\">Modern and contemporary art, archaeology, biology and ethnography are some of the areas available in the municipality's different cultural facilities, all with free entry. Get to know the most popular ones here.<\/p>\n\n\n\n<blockquote class=\"wp-block-quote is-layout-flow wp-block-quote-is-layout-flow\">\n<p>In Boticas all cultural facilities have free admission.<\/p>\n<\/blockquote>\n\n\n\n<h2 class=\"wp-block-heading\" id=\"h-centro-de-artes-nadir-afonso\">Nadir Afonso Arts Centre<\/h2>\n\n\n\n<figure class=\"wp-block-image size-large is-resized\"><img decoding=\"async\" src=\"https:\/\/terracallaeci.pt\/wp-content\/uploads\/2017\/02\/157-1068x712.jpg\" alt=\"\" style=\"width:1068px\"\/><figcaption class=\"wp-element-caption\">Nadir Afonso Arts Centre. Photo Fernando Guerra\/Funda\u00e7\u00e3o Nadir Afonso<\/figcaption><\/figure>\n\n\n\n<p style=\"font-size:18px\" class=\"translation-block\"><span style=\"font-size: 14pt\">Opened in 2013, the <a href=\"https:\/\/terracallaeci.pt\/en\/2017\/02\/centro-de-artes-nadir-afonso\/\" target=\"_self\">Nadir Afonso Arts Centre<\/a> is the result of a partnership between the Municipality of Boticas and the Nadir Afonso Foundation.<\/span><\/p>\n\n\n\n<p style=\"font-size:18px\"><span style=\"font-size: 14pt\">The partnership between the two entities allows the people of Boticas, in particular, and all visitors to Boticas, to enjoy part of the collection of the painter's family and part of the Foundation's collection free of charge.<\/p>\n\n\n\n<h2 class=\"wp-block-heading\" id=\"h-centro-europeu-de-documenta-o-e-interpreta-o-da-escultura-castreja\">European Documentation and Interpretation Centre for Iron Age Sculpture (CEDIEC)<\/h2>\n\n\n\n<figure class=\"wp-block-image size-full is-resized\"><img loading=\"lazy\" decoding=\"async\" width=\"2000\" height=\"1333\" src=\"https:\/\/terracallaeci.pt\/wp-content\/uploads\/2017\/02\/SAM_3401-1.jpg\" alt=\"\" class=\"wp-image-39955\" style=\"width:1068px\" srcset=\"https:\/\/terracallaeci.pt\/wp-content\/uploads\/2017\/02\/SAM_3401-1.jpg 2000w, https:\/\/terracallaeci.pt\/wp-content\/uploads\/2017\/02\/SAM_3401-1-300x200.jpg 300w, https:\/\/terracallaeci.pt\/wp-content\/uploads\/2017\/02\/SAM_3401-1-1024x682.jpg 1024w, https:\/\/terracallaeci.pt\/wp-content\/uploads\/2017\/02\/SAM_3401-1-768x512.jpg 768w, https:\/\/terracallaeci.pt\/wp-content\/uploads\/2017\/02\/SAM_3401-1-1536x1024.jpg 1536w, https:\/\/terracallaeci.pt\/wp-content\/uploads\/2017\/02\/SAM_3401-1-18x12.jpg 18w, https:\/\/terracallaeci.pt\/wp-content\/uploads\/2017\/02\/SAM_3401-1-630x420.jpg 630w, https:\/\/terracallaeci.pt\/wp-content\/uploads\/2017\/02\/SAM_3401-1-150x100.jpg 150w, https:\/\/terracallaeci.pt\/wp-content\/uploads\/2017\/02\/SAM_3401-1-696x464.jpg 696w, https:\/\/terracallaeci.pt\/wp-content\/uploads\/2017\/02\/SAM_3401-1-1068x712.jpg 1068w, https:\/\/terracallaeci.pt\/wp-content\/uploads\/2017\/02\/SAM_3401-1-1920x1280.jpg 1920w\" sizes=\"auto, (max-width: 2000px) 100vw, 2000px\" \/><figcaption class=\"wp-element-caption\">Replicas of statues of Castro warriors. Photo TR\/TC<\/figcaption><\/figure>\n\n\n\n<p style=\"font-size:18px\">The <a href=\"https:\/\/terracallaeci.pt\/en\/2017\/02\/cediec\/\">Centre<\/a> (CEDIEC) aims to promote archaeological excavations and investigations at selected sites, with special emphasis on the Castro do Outeiro Lesenho hillfort, and other similar sites which, when networked, may shed light on the essential parameters of the cultural development of the indigenous communities of the western Iberian Peninsula.&nbsp;<\/p>\n\n\n\n<div style=\"height:20px\" aria-hidden=\"true\" class=\"wp-block-spacer\"><\/div>\n\n\n<div id=\"altit-3500881666\"><div class=\"altit-adlabel\">PUB<\/div><div id=\"altit-2316459934\"><a href=\"https:\/\/terracallaeci.pt\/en\/corguinho\/\" target=\"_blank\" aria-label=\"CorguinhoII\"><img loading=\"lazy\" decoding=\"async\" src=\"https:\/\/terracallaeci.pt\/wp-content\/uploads\/2021\/08\/CorguinhoII.gif\" alt=\"\"  width=\"728\" height=\"130\"   \/><\/a><\/div><\/div>\n\n\n\n<div style=\"height:20px\" aria-hidden=\"true\" class=\"wp-block-spacer\"><\/div>\n\n\n\n<h2 class=\"wp-block-heading\" id=\"h-museu-rural-de-boticas\">Boticas Rural Museum<\/h2>\n\n\n\n<figure class=\"wp-block-image size-large is-resized\"><img decoding=\"async\" src=\"https:\/\/terracallaeci.pt\/wp-content\/uploads\/2019\/06\/rural5.jpg\" alt=\"\" style=\"width:1068px\"\/><figcaption class=\"wp-element-caption\">Rural Museum of Boticas. Photo TR\/TC<\/figcaption><\/figure>\n\n\n\n<p style=\"font-size:18px\">Next to CEDIEC, the <a href=\"https:\/\/terracallaeci.pt\/en\/2017\/02\/museu-rural-de-boticas\/\">Boticas Rural Museum<\/a>, is one of the constituent poles of the Ecomuseu de Barroso project, made up of various poles scattered around the municipalities of Boticas and Montalegre.<\/p>\n\n\n\n<p style=\"font-size:18px\">It aims to provide an insight into the unique identity of each place, and the various ways in which the inhabitants of Barroso have interacted with their territorial and cultural environment.<\/p>\n\n\n\n<h2 class=\"wp-block-heading\" id=\"h-casa-museu-quinta-do-cruzeiro\">Quinta do Cruzeiro House Museum<\/h2>\n\n\n\n<figure class=\"wp-block-image size-large is-resized\"><img decoding=\"async\" src=\"https:\/\/terracallaeci.pt\/wp-content\/uploads\/2019\/06\/20181013_141951.jpg\" alt=\"\" style=\"width:1068px\"\/><figcaption class=\"wp-element-caption\">Quinta do Cruzeiro. Photo TR\/TC<\/figcaption><\/figure>\n\n\n\n<p style=\"font-size:18px\">The house of the <a href=\"https:\/\/terracallaeci.pt\/en\/2017\/02\/quinta-do-cruzeiro\/\">Quinta do Cruzeiro<\/a>, was once part of a larger agrarian structure, composed of <em>casais<\/em> (dispersed parcels), which served to support the owners and servants. Today, only the land adjacent to the house remains from this agrarian structure.<\/p>\n\n\n\n<p style=\"font-size:18px\">By touring the different spaces you can get to know some aspects of the social life of the house and work on the farm and village of Covas do Barroso.<\/p>\n\n\n\n<h2 class=\"wp-block-heading\" id=\"h-centro-de-interpreta-o-do-parque-arqueol-gico-do-vale-do-terva\">Terva Valley Archaeological Park Interpretation Centre<\/h2>\n\n\n\n<figure class=\"wp-block-image size-large is-resized\"><img decoding=\"async\" src=\"https:\/\/terracallaeci.pt\/wp-content\/uploads\/2017\/02\/SAM_1926-1920x1280.jpg\" alt=\"\" style=\"width:1068px\"\/><figcaption class=\"wp-element-caption\">CIPAVT. Photo TR\/TC<\/figcaption><\/figure>\n\n\n\n<p style=\"font-size:18px\">The <a href=\"https:\/\/terracallaeci.pt\/en\/2017\/02\/parque-arqueologico-do-vale-do-terva\/\">TVAP<\/a> is an archaeological park with a continuous geographic character, which integrates a set of cultural and natural values, which constitute relevant and representative resources of the various landscapes that have been formed in the territory, incorporating visitation infrastructures, such as the Interpretation Centre, in Bobadela, interpreted circuits and platforms for observing heritage resources.<\/p>\n\n\n\n<p style=\"font-size:18px\">The Interpretation Centre (TVAPIC), located in the village of Bobadela, is the entrance to the TVAP - the exhibition contents are a bridge to the enjoyment of the landscape and heritage <em>in loco<\/em>, proposed through visitation routes. <\/p>\n\n\n\n<div style=\"height:20px\" aria-hidden=\"true\" class=\"wp-block-spacer\"><\/div>\n\n\n\n<div id=\"altit-934200130\"><div class=\"altit-adlabel\">PUB<\/div><div id=\"altit-3008389533\"><a href=\"https:\/\/terracallaeci.pt\/en\/corguinho\/\" target=\"_blank\" aria-label=\"CorguinhoII\"><img loading=\"lazy\" decoding=\"async\" src=\"https:\/\/terracallaeci.pt\/wp-content\/uploads\/2021\/08\/CorguinhoII.gif\" alt=\"\"  width=\"728\" height=\"130\"   \/><\/a><\/div><\/div>","protected":false},"excerpt":{"rendered":"<p>Arte moderna e contempor\u00e2nea, arqueologia, biologia e etnografia, s\u00e3o algumas das \u00e1reas dispon\u00edveis nos diferentes equipamentos culturais do concelho, todos com entrada gratuita. Conhe\u00e7a aqui os mais populares. Em Boticas todos os equipamentos culturais t\u00eam entrada gratuita. Centro de Artes Nadir Afonso Inaugurado em 2013, o Centro de Artes Nadir Afonso, \u00e9 o resultado de [&hellip;]<\/p>\n","protected":false},"author":1,"featured_media":34158,"comment_status":"closed","ping_status":"open","sticky":false,"template":"","format":"standard","meta":{"footnotes":""},"categories":[7742,3,3684],"tags":[7540,7538,3835,7539,3793],"class_list":{"0":"post-34152","1":"post","2":"type-post","3":"status-publish","4":"format-standard","5":"has-post-thumbnail","7":"category-artigos","8":"category-divulgacao","9":"category-sugestoes-de-leitura","10":"tag-casa-museu-quinta-do-cruzeiro","11":"tag-cediec","12":"tag-centro-de-artes-nadir-afonso","13":"tag-museu-rural-de-boticas","14":"tag-pavt"},"_links":{"self":[{"href":"https:\/\/terracallaeci.pt\/en\/wp-json\/wp\/v2\/posts\/34152","targetHints":{"allow":["GET"]}}],"collection":[{"href":"https:\/\/terracallaeci.pt\/en\/wp-json\/wp\/v2\/posts"}],"about":[{"href":"https:\/\/terracallaeci.pt\/en\/wp-json\/wp\/v2\/types\/post"}],"author":[{"embeddable":true,"href":"https:\/\/terracallaeci.pt\/en\/wp-json\/wp\/v2\/users\/1"}],"replies":[{"embeddable":true,"href":"https:\/\/terracallaeci.pt\/en\/wp-json\/wp\/v2\/comments?post=34152"}],"version-history":[{"count":0,"href":"https:\/\/terracallaeci.pt\/en\/wp-json\/wp\/v2\/posts\/34152\/revisions"}],"wp:featuredmedia":[{"embeddable":true,"href":"https:\/\/terracallaeci.pt\/en\/wp-json\/wp\/v2\/media\/34158"}],"wp:attachment":[{"href":"https:\/\/terracallaeci.pt\/en\/wp-json\/wp\/v2\/media?parent=34152"}],"wp:term":[{"taxonomy":"category","embeddable":true,"href":"https:\/\/terracallaeci.pt\/en\/wp-json\/wp\/v2\/categories?post=34152"},{"taxonomy":"post_tag","embeddable":true,"href":"https:\/\/terracallaeci.pt\/en\/wp-json\/wp\/v2\/tags?post=34152"}],"curies":[{"name":"wp","href":"https:\/\/api.w.org\/{rel}","templated":true}]}}