{"id":34077,"date":"2020-10-23T10:31:20","date_gmt":"2020-10-23T09:31:20","guid":{"rendered":"https:\/\/visitboticas.pt\/?p=34077"},"modified":"2025-07-12T15:33:48","modified_gmt":"2025-07-12T14:33:48","slug":"10-sitios-que-nao-pode-deixar-de-visitar-em-boticas","status":"publish","type":"post","link":"https:\/\/terracallaeci.pt\/en\/2020\/10\/10-sitios-que-nao-pode-deixar-de-visitar-em-boticas\/","title":{"rendered":"10 places you can't miss in Boticas"},"content":{"rendered":"<p style=\"font-size:18px\">Whether you go for quiet visits or follow more challenging routes, Boticas offers all kinds of experiences in the midst of a unique rural environment, which still remains pure and detached from the routine hustle and bustle of large urban centres.<\/p>\n\n\n\n<blockquote class=\"wp-block-quote is-layout-flow wp-block-quote-is-layout-flow\">\n<p>The 10 places you can't miss are a selection of Terra Callaeci.<\/p>\n<\/blockquote>\n\n\n\n<h2 class=\"wp-block-heading\" id=\"h-boticas-parque\">Boticas Parque<\/h2>\n\n\n<div class=\"wp-block-image wp-image-11566 size-full\">\n<figure class=\"aligncenter\"><img loading=\"lazy\" decoding=\"async\" width=\"2000\" height=\"1333\" src=\"http:\/\/terracallaeci.pt\/wp-content\/uploads\/2017\/06\/SAM_7022-1.jpg\" alt=\"\" class=\"wp-image-26654\" srcset=\"https:\/\/terracallaeci.pt\/wp-content\/uploads\/2017\/06\/SAM_7022-1.jpg 2000w, https:\/\/terracallaeci.pt\/wp-content\/uploads\/2017\/06\/SAM_7022-1-300x200.jpg 300w, https:\/\/terracallaeci.pt\/wp-content\/uploads\/2017\/06\/SAM_7022-1-1024x682.jpg 1024w, https:\/\/terracallaeci.pt\/wp-content\/uploads\/2017\/06\/SAM_7022-1-768x512.jpg 768w, https:\/\/terracallaeci.pt\/wp-content\/uploads\/2017\/06\/SAM_7022-1-1536x1024.jpg 1536w, https:\/\/terracallaeci.pt\/wp-content\/uploads\/2017\/06\/SAM_7022-1-150x100.jpg 150w, https:\/\/terracallaeci.pt\/wp-content\/uploads\/2017\/06\/SAM_7022-1-696x464.jpg 696w, https:\/\/terracallaeci.pt\/wp-content\/uploads\/2017\/06\/SAM_7022-1-1068x712.jpg 1068w, https:\/\/terracallaeci.pt\/wp-content\/uploads\/2017\/06\/SAM_7022-1-1920x1280.jpg 1920w, https:\/\/terracallaeci.pt\/wp-content\/uploads\/2017\/06\/SAM_7022-1-630x420.jpg 630w\" sizes=\"auto, (max-width: 2000px) 100vw, 2000px\" \/><figcaption class=\"wp-element-caption\">Boticas Parque. Photo TR\/TC<\/figcaption><\/figure>\n<\/div>\n\n\n<p style=\"font-size:18px\">Boticas Parque is one of the most visited places in the municipality and ideal for family programmes. It combines biodiversity and nature with knowledge and leisure, presenting itself as an important centre for promoting the conservation and preservation of the environment, in close coordination with the community. Learn more <a href=\"https:\/\/terracallaeci.pt\/en\/2017\/02\/boticas-parque\/\" target=\"_blank\" rel=\"noreferrer noopener\">here.<\/a><\/p>\n\n\n\n<h2 class=\"wp-block-heading\" id=\"h-casa-museu-quinta-do-cruzeiro\">Quinta do Cruzeiro House Museum<\/h2>\n\n\n\n<figure class=\"wp-block-image size-full is-resized\"><img loading=\"lazy\" decoding=\"async\" width=\"2000\" height=\"1333\" src=\"https:\/\/terracallaeci.pt\/wp-content\/uploads\/2017\/02\/SAM_2955_.jpg\" alt=\"\" class=\"wp-image-3064\" style=\"width:696px\" srcset=\"https:\/\/terracallaeci.pt\/wp-content\/uploads\/2017\/02\/SAM_2955_.jpg 2000w, https:\/\/terracallaeci.pt\/wp-content\/uploads\/2017\/02\/SAM_2955_-300x200.jpg 300w, https:\/\/terracallaeci.pt\/wp-content\/uploads\/2017\/02\/SAM_2955_-1024x682.jpg 1024w, https:\/\/terracallaeci.pt\/wp-content\/uploads\/2017\/02\/SAM_2955_-768x512.jpg 768w, https:\/\/terracallaeci.pt\/wp-content\/uploads\/2017\/02\/SAM_2955_-1536x1024.jpg 1536w, https:\/\/terracallaeci.pt\/wp-content\/uploads\/2017\/02\/SAM_2955_-150x100.jpg 150w, https:\/\/terracallaeci.pt\/wp-content\/uploads\/2017\/02\/SAM_2955_-696x464.jpg 696w, https:\/\/terracallaeci.pt\/wp-content\/uploads\/2017\/02\/SAM_2955_-1068x712.jpg 1068w, https:\/\/terracallaeci.pt\/wp-content\/uploads\/2017\/02\/SAM_2955_-1920x1280.jpg 1920w, https:\/\/terracallaeci.pt\/wp-content\/uploads\/2017\/02\/SAM_2955_-630x420.jpg 630w\" sizes=\"auto, (max-width: 2000px) 100vw, 2000px\" \/><figcaption class=\"wp-element-caption\">Quinta do Cruzeiro. Photo TR\/TC<\/figcaption><\/figure>\n\n\n\n<p style=\"font-size:18px\">The Quinta do Cruzeiro house, also known as Casa dos Silvas, was once part of a larger agrarian unit made up of several scattered couples who provided for the owners and their servants. As you explore the different spaces, you can discover various aspects of social life in the house, as well as the agricultural activities carried out on the estate and in the village of Covas do Barroso. Learn more <a href=\"https:\/\/terracallaeci.pt\/en\/2017\/02\/quinta-do-cruzeiro\/\" target=\"_blank\" rel=\"noreferrer noopener\">here.<\/a><\/p>\n\n\n\n<h2 class=\"wp-block-heading\" id=\"h-castro-de-carvalhelhos\">Fonte dos Amores<\/h2>\n\n\n\n<figure class=\"wp-block-image size-full\"><img loading=\"lazy\" decoding=\"async\" width=\"2000\" height=\"1333\" src=\"http:\/\/terracallaeci.pt\/wp-content\/uploads\/2020\/10\/Fonte-dos-Amores-2025_copy_copy1_Screenshot1-3.jpg\" alt=\"\" class=\"wp-image-42050\" srcset=\"https:\/\/terracallaeci.pt\/wp-content\/uploads\/2020\/10\/Fonte-dos-Amores-2025_copy_copy1_Screenshot1-3.jpg 2000w, https:\/\/terracallaeci.pt\/wp-content\/uploads\/2020\/10\/Fonte-dos-Amores-2025_copy_copy1_Screenshot1-3-300x200.jpg 300w, https:\/\/terracallaeci.pt\/wp-content\/uploads\/2020\/10\/Fonte-dos-Amores-2025_copy_copy1_Screenshot1-3-1024x682.jpg 1024w, https:\/\/terracallaeci.pt\/wp-content\/uploads\/2020\/10\/Fonte-dos-Amores-2025_copy_copy1_Screenshot1-3-768x512.jpg 768w, https:\/\/terracallaeci.pt\/wp-content\/uploads\/2020\/10\/Fonte-dos-Amores-2025_copy_copy1_Screenshot1-3-1536x1024.jpg 1536w, https:\/\/terracallaeci.pt\/wp-content\/uploads\/2020\/10\/Fonte-dos-Amores-2025_copy_copy1_Screenshot1-3-18x12.jpg 18w, https:\/\/terracallaeci.pt\/wp-content\/uploads\/2020\/10\/Fonte-dos-Amores-2025_copy_copy1_Screenshot1-3-630x420.jpg 630w, https:\/\/terracallaeci.pt\/wp-content\/uploads\/2020\/10\/Fonte-dos-Amores-2025_copy_copy1_Screenshot1-3-150x100.jpg 150w, https:\/\/terracallaeci.pt\/wp-content\/uploads\/2020\/10\/Fonte-dos-Amores-2025_copy_copy1_Screenshot1-3-696x464.jpg 696w, https:\/\/terracallaeci.pt\/wp-content\/uploads\/2020\/10\/Fonte-dos-Amores-2025_copy_copy1_Screenshot1-3-1068x712.jpg 1068w, https:\/\/terracallaeci.pt\/wp-content\/uploads\/2020\/10\/Fonte-dos-Amores-2025_copy_copy1_Screenshot1-3-1920x1280.jpg 1920w\" sizes=\"auto, (max-width: 2000px) 100vw, 2000px\" \/><figcaption class=\"wp-element-caption\">Fonte dos Amores. Photo TR\/TC<\/figcaption><\/figure>\n\n\n\n<p style=\"font-size:18px\">Located between Caldas Santas springs and the hillfort of Carvalhelhos, Fonte dos Amores is a hidden treasure that deserves to be discovered. Surrounded by lush nature and lulled by the relaxing sound of water, it offers the ideal setting for those seeking tranquillity, beauty and moments of contemplation. Learn more <a href=\"https:\/\/terracallaeci.pt\/en\/2025\/03\/fonte-dos-amores-de-carvalhelhos\/\" target=\"_blank\" rel=\"noreferrer noopener\">here.<\/a><\/p>\n\n\n\n<div style=\"height:20px\" aria-hidden=\"true\" class=\"wp-block-spacer\"><\/div>\n\n\n<div id=\"altit-3873582907\"><div class=\"altit-adlabel\">PUB<\/div><div id=\"altit-657670842\"><a href=\"https:\/\/terracallaeci.pt\/en\/corguinho\/\" target=\"_blank\" aria-label=\"CorguinhoII\"><img loading=\"lazy\" decoding=\"async\" src=\"https:\/\/terracallaeci.pt\/wp-content\/uploads\/2021\/08\/CorguinhoII.gif\" alt=\"\"  width=\"728\" height=\"130\"   \/><\/a><\/div><\/div>\n\n\n\n<div style=\"height:20px\" aria-hidden=\"true\" class=\"wp-block-spacer\"><\/div>\n\n\n\n<h2 class=\"wp-block-heading\" id=\"h-capela-de-santa-marta-de-coimbr\">Chapel of Santa Marta de Coimbr\u00f3<\/h2>\n\n\n\n<figure class=\"wp-block-image size-large is-resized\"><img decoding=\"async\" src=\"https:\/\/terracallaeci.pt\/wp-content\/uploads\/2020\/10\/IMG_0712-santa_marta.jpg\" alt=\"\" style=\"width:1068px\"\/><figcaption class=\"wp-element-caption\">Chapel of Santa Marta. Photo TR\/TC<\/figcaption><\/figure>\n\n\n\n<p style=\"font-size:18px\">The Chapel of Santa Marta is a testimony to the harmonious relationship between man and nature in the Barroso region. It is here that believers come to ask for abundant harvests and protection for their animals, just as in ancient times. Learn more <a href=\"https:\/\/terracallaeci.pt\/en\/2020\/10\/capela-de-santa-marta-de-coimbro\/\" target=\"_blank\" rel=\"noreferrer noopener\">here.<\/a><\/p>\n\n\n\n<h2 class=\"wp-block-heading\" id=\"h-castro-do-outeiro-lesenho\">Hillfort of Outeiro Lesenho<\/h2>\n\n\n\n<figure class=\"wp-block-image size-large is-resized\"><img decoding=\"async\" src=\"https:\/\/terracallaeci.pt\/wp-content\/uploads\/2019\/06\/lesenho.jpg\" alt=\"\" style=\"width:1068px\"\/><figcaption class=\"wp-element-caption\">Hillfort of Outeiro Lesenho. Photo TR\/TC<\/figcaption><\/figure>\n\n\n\n<p style=\"font-size:18px\">The Hillfort of Outeiro Lesenho  is one of the best-known Iron Age fortified settlements in the north-west of the Iberian Peninsula, not only because of its size and monumentality, but above all because it is associated with the largest group of statues of Galician-Roman warriors. Learn more <a href=\"https:\/\/terracallaeci.pt\/en\/2017\/02\/outeiro-lesenho\/\" target=\"_blank\" rel=\"noreferrer noopener\">here.<\/a><\/p>\n\n\n\n<h2 class=\"wp-block-heading\" id=\"h-centro-de-artes-nadir-afonso\">Nadir Afonso Arts Centre<\/h2>\n\n\n<div class=\"wp-block-image wp-image-2084 size-full\">\n<figure class=\"aligncenter\"><img loading=\"lazy\" decoding=\"async\" width=\"2000\" height=\"1333\" src=\"https:\/\/terracallaeci.pt\/wp-content\/uploads\/2017\/02\/157.jpg\" alt=\"\" class=\"wp-image-2084\" srcset=\"https:\/\/terracallaeci.pt\/wp-content\/uploads\/2017\/02\/157.jpg 2000w, https:\/\/terracallaeci.pt\/wp-content\/uploads\/2017\/02\/157-300x200.jpg 300w, https:\/\/terracallaeci.pt\/wp-content\/uploads\/2017\/02\/157-1024x682.jpg 1024w, https:\/\/terracallaeci.pt\/wp-content\/uploads\/2017\/02\/157-768x512.jpg 768w, https:\/\/terracallaeci.pt\/wp-content\/uploads\/2017\/02\/157-1536x1024.jpg 1536w, https:\/\/terracallaeci.pt\/wp-content\/uploads\/2017\/02\/157-150x100.jpg 150w, https:\/\/terracallaeci.pt\/wp-content\/uploads\/2017\/02\/157-696x464.jpg 696w, https:\/\/terracallaeci.pt\/wp-content\/uploads\/2017\/02\/157-1068x712.jpg 1068w, https:\/\/terracallaeci.pt\/wp-content\/uploads\/2017\/02\/157-1920x1280.jpg 1920w, https:\/\/terracallaeci.pt\/wp-content\/uploads\/2017\/02\/157-630x420.jpg 630w\" sizes=\"auto, (max-width: 2000px) 100vw, 2000px\" \/><figcaption class=\"wp-element-caption\">Nadir Afonso Arts Centre. Photo Fernando Guerra\/Funda\u00e7\u00e3o Nadir Afonso<\/figcaption><\/figure>\n<\/div>\n\n\n<p style=\"font-size:18px\">Opened in 2013, the Nadir Afonso Arts Centre is the result of a partnership between Boticas Town Council and the Nadir Afonso Foundation. The partnership between the two organisations allows Boticas residents in particular, and all visitors to Boticas, to enjoy part of the painter's family collection, and part of the Foundation's collection, free of charge. Learn more <a href=\"https:\/\/terracallaeci.pt\/en\/2017\/02\/centro-de-artes-nadir-afonso\/\" target=\"_blank\" rel=\"noreferrer noopener\">here.<\/a><\/p>\n\n\n\n<div style=\"height:20px\" aria-hidden=\"true\" class=\"wp-block-spacer\"><\/div>\n\n\n<div id=\"altit-38922705\"><div class=\"altit-adlabel\">PUB<\/div><div id=\"altit-3115630498\"><a href=\"https:\/\/terracallaeci.pt\/en\/corguinho\/\" target=\"_blank\" aria-label=\"CorguinhoII\"><img loading=\"lazy\" decoding=\"async\" src=\"https:\/\/terracallaeci.pt\/wp-content\/uploads\/2021\/08\/CorguinhoII.gif\" alt=\"\"  width=\"728\" height=\"130\"   \/><\/a><\/div><\/div>\n\n\n\n<div style=\"height:20px\" aria-hidden=\"true\" class=\"wp-block-spacer\"><\/div>\n\n\n\n<h2 class=\"wp-block-heading\" id=\"h-igreja-de-santa-maria-de-covas-do-barroso\">Church of Santa Maria de Covas do Barroso<\/h2>\n\n\n<div class=\"wp-block-image wp-image-3030 size-full\">\n<figure class=\"aligncenter\"><img loading=\"lazy\" decoding=\"async\" width=\"2000\" height=\"1333\" src=\"https:\/\/terracallaeci.pt\/wp-content\/uploads\/2017\/02\/SAM_2912.jpg\" alt=\"\" class=\"wp-image-39790\" srcset=\"https:\/\/terracallaeci.pt\/wp-content\/uploads\/2017\/02\/SAM_2912.jpg 2000w, https:\/\/terracallaeci.pt\/wp-content\/uploads\/2017\/02\/SAM_2912-300x200.jpg 300w, https:\/\/terracallaeci.pt\/wp-content\/uploads\/2017\/02\/SAM_2912-1024x682.jpg 1024w, https:\/\/terracallaeci.pt\/wp-content\/uploads\/2017\/02\/SAM_2912-768x512.jpg 768w, https:\/\/terracallaeci.pt\/wp-content\/uploads\/2017\/02\/SAM_2912-1536x1024.jpg 1536w, https:\/\/terracallaeci.pt\/wp-content\/uploads\/2017\/02\/SAM_2912-18x12.jpg 18w, https:\/\/terracallaeci.pt\/wp-content\/uploads\/2017\/02\/SAM_2912-150x100.jpg 150w, https:\/\/terracallaeci.pt\/wp-content\/uploads\/2017\/02\/SAM_2912-696x464.jpg 696w, https:\/\/terracallaeci.pt\/wp-content\/uploads\/2017\/02\/SAM_2912-1068x712.jpg 1068w, https:\/\/terracallaeci.pt\/wp-content\/uploads\/2017\/02\/SAM_2912-1920x1280.jpg 1920w, https:\/\/terracallaeci.pt\/wp-content\/uploads\/2017\/02\/SAM_2912-630x420.jpg 630w\" sizes=\"auto, (max-width: 2000px) 100vw, 2000px\" \/><figcaption class=\"wp-element-caption\">High altar of the church of Santa Maria de Covas. Photo TR\/TC<\/figcaption><\/figure>\n<\/div>\n\n\n<p style=\"font-size:18px\">The Church of Santa Maria de Covas is the most notable example of Romanesque-Gothic religious architecture in the Barroso region, dating back to the 14th century. With an austere exterior, with powerful granite faces that frame a beautifully decorated crevice at the head, the church of Santa Maria de Covas houses a stunning decoration of mural paintings and the tomb with a recumbent statue of Afonso Anes de Barroso, dating from 1459. Learn more <a href=\"https:\/\/terracallaeci.pt\/en\/2017\/02\/igreja-covas\/\" target=\"_blank\" rel=\"noreferrer noopener\">here.<\/a><\/p>\n\n\n\n<h2 class=\"wp-block-heading\" id=\"h-parque-arqueol-gico-do-vale-do-terva\">Terva Valley Archaeological Park<\/h2>\n\n\n<div class=\"wp-block-image wp-image-5537 size-full\">\n<figure class=\"aligncenter\"><img loading=\"lazy\" decoding=\"async\" width=\"2000\" height=\"1333\" src=\"https:\/\/terracallaeci.pt\/wp-content\/uploads\/2019\/11\/Souto-Escuro-2.jpg\" alt=\"\" class=\"wp-image-28109\" srcset=\"https:\/\/terracallaeci.pt\/wp-content\/uploads\/2019\/11\/Souto-Escuro-2.jpg 2000w, https:\/\/terracallaeci.pt\/wp-content\/uploads\/2019\/11\/Souto-Escuro-2-300x200.jpg 300w, https:\/\/terracallaeci.pt\/wp-content\/uploads\/2019\/11\/Souto-Escuro-2-1024x682.jpg 1024w, https:\/\/terracallaeci.pt\/wp-content\/uploads\/2019\/11\/Souto-Escuro-2-768x512.jpg 768w, https:\/\/terracallaeci.pt\/wp-content\/uploads\/2019\/11\/Souto-Escuro-2-1536x1024.jpg 1536w, https:\/\/terracallaeci.pt\/wp-content\/uploads\/2019\/11\/Souto-Escuro-2-150x100.jpg 150w, https:\/\/terracallaeci.pt\/wp-content\/uploads\/2019\/11\/Souto-Escuro-2-696x464.jpg 696w, https:\/\/terracallaeci.pt\/wp-content\/uploads\/2019\/11\/Souto-Escuro-2-1068x712.jpg 1068w, https:\/\/terracallaeci.pt\/wp-content\/uploads\/2019\/11\/Souto-Escuro-2-1920x1280.jpg 1920w, https:\/\/terracallaeci.pt\/wp-content\/uploads\/2019\/11\/Souto-Escuro-2-630x420.jpg 630w\" sizes=\"auto, (max-width: 2000px) 100vw, 2000px\" \/><figcaption class=\"wp-element-caption\">Ancient Rock Carvings of Souto Escuro 1. Photo TR\/TC<\/figcaption><\/figure>\n<\/div>\n\n\n<p style=\"font-size:18px\">With about 60 km<sup>2<\/sup> e 47 s\u00edtios arqueol\u00f3gicos identificados, o PAVT justifica por si, v\u00e1rias visitas a Boticas. Se n\u00e3o tiver tempo para mais, deixamos-lhe duas sugest\u00f5es. As <a href=\"https:\/\/terracallaeci.pt\/en\/2017\/02\/gravuras-rupestres-do-souto-escuro\/\" target=\"_blank\" rel=\"noreferrer noopener\">Ancient Rock Carvings of Souto Escuro<\/a>, which impress with their monumental scale and artistry, and the <a href=\"https:\/\/terracallaeci.pt\/en\/2020\/09\/minas-do-limarinho\/\" target=\"_blank\" rel=\"noreferrer noopener\">Mines of Limarinho<\/a>where the cuts and lagoon, resulting from Roman mining, constitute the most remarkable landscape expression of ancient mining in the Terva Valley. <\/p>\n\n\n\n<figure class=\"wp-block-image size-full is-resized\"><img loading=\"lazy\" decoding=\"async\" width=\"2000\" height=\"1333\" src=\"https:\/\/terracallaeci.pt\/wp-content\/uploads\/2023\/01\/SAM_8311.jpg\" alt=\"\" class=\"wp-image-38557\" style=\"width:1068px\" srcset=\"https:\/\/terracallaeci.pt\/wp-content\/uploads\/2023\/01\/SAM_8311.jpg 2000w, https:\/\/terracallaeci.pt\/wp-content\/uploads\/2023\/01\/SAM_8311-300x200.jpg 300w, https:\/\/terracallaeci.pt\/wp-content\/uploads\/2023\/01\/SAM_8311-1024x682.jpg 1024w, https:\/\/terracallaeci.pt\/wp-content\/uploads\/2023\/01\/SAM_8311-768x512.jpg 768w, https:\/\/terracallaeci.pt\/wp-content\/uploads\/2023\/01\/SAM_8311-1536x1024.jpg 1536w, https:\/\/terracallaeci.pt\/wp-content\/uploads\/2023\/01\/SAM_8311-150x100.jpg 150w, https:\/\/terracallaeci.pt\/wp-content\/uploads\/2023\/01\/SAM_8311-696x464.jpg 696w, https:\/\/terracallaeci.pt\/wp-content\/uploads\/2023\/01\/SAM_8311-1068x712.jpg 1068w, https:\/\/terracallaeci.pt\/wp-content\/uploads\/2023\/01\/SAM_8311-1920x1280.jpg 1920w, https:\/\/terracallaeci.pt\/wp-content\/uploads\/2023\/01\/SAM_8311-630x420.jpg 630w\" sizes=\"auto, (max-width: 2000px) 100vw, 2000px\" \/><figcaption class=\"wp-element-caption\">Mines and lagoon of Limarinho. Photo TR\/TC<\/figcaption><\/figure>\n\n\n\n<p style=\"font-size:18px\">The Interpretation Centre, located in the village of Bobadela, is the entrance to the TVAP - the exhibition contents are a bridge to the enjoyment of the landscape and heritage<em> in loco<\/em>, proposed through visitation routes. Learn more <a href=\"https:\/\/terracallaeci.pt\/en\/2017\/02\/parque-arqueologico-do-vale-do-terva\/\" target=\"_blank\" rel=\"noreferrer noopener\">here.<\/a><\/p>\n\n\n\n<h2 class=\"wp-block-heading\" id=\"h-teto-do-mundo\">Teto do Mundo (Roof of the World)<\/h2>\n\n\n\n<figure class=\"wp-block-image size-large is-resized\"><img decoding=\"async\" src=\"https:\/\/terracallaeci.pt\/wp-content\/uploads\/2020\/10\/IMG_0419.jpg\" alt=\"\" style=\"width:1068px\"\/><figcaption class=\"wp-element-caption\">Teto do Mundo Observatory. Photo TR\/TC<\/figcaption><\/figure>\n\n\n\n<p style=\"font-size:18px\">The Teto do Mundo viewpoint is located at the top of the C\u00f4to dos Corvos hillfort, overlooking the left bank of the Rabag\u00e3o river. From here you can enjoy breathtaking views, from the Larouco and Ger\u00eas mountains to the north and north-west, to the Cabreira and Mar\u00e3o mountains to the south. Learn more <a href=\"https:\/\/terracallaeci.pt\/en\/2020\/10\/teto-do-mundo\/\" target=\"_blank\" rel=\"noreferrer noopener\">here.<\/a><\/p>\n\n\n\n<p style=\"font-size:18px\">The viewpoint is part of the The GIAHS Observatory Network - Globally Important Agricultural Heritage Systems, implemented in the Barroso region in the municipalities of Boticas and Montalegre. <\/p>\n\n\n\n<p class=\"has-text-color\" style=\"color:#aaaaaa;font-size:14px\">Fontes: Boticas Parque \/ Casa Museu Quinta do Cruzeiro \/ UAUM 2016,<em> Boticas o Esp\u00edrito dos Lugares, <\/em>Boticas; UAUM 2014,<em> Rotas do PAVT, <\/em>CMB, Boticas.<\/p>\n\n\n\n<div style=\"height:20px\" aria-hidden=\"true\" class=\"wp-block-spacer\"><\/div>\n\n\n<div id=\"altit-401034429\"><div class=\"altit-adlabel\">PUB<\/div><div id=\"altit-3797449559\"><a href=\"https:\/\/terracallaeci.pt\/en\/corguinho\/\" target=\"_blank\" aria-label=\"CorguinhoII\"><img loading=\"lazy\" decoding=\"async\" src=\"https:\/\/terracallaeci.pt\/wp-content\/uploads\/2021\/08\/CorguinhoII.gif\" alt=\"\"  width=\"728\" height=\"130\"   \/><\/a><\/div><\/div>","protected":false},"excerpt":{"rendered":"<p>Fazendo visitas tranquilas ou seguindo percursos mais desafiantes, Boticas possibilita todas as experi\u00eancias, no seio de um ambiente rural \u00fanico, que ainda permanece puro e alheio \u00e0 confus\u00e3o rotineira dos grandes centros urbanos. Os 10 s\u00edtios que n\u00e3o pode deixar de visitar s\u00e3o uma sele\u00e7\u00e3o terra callaeci. Boticas Parque O Boticas Parque \u00e9 um dos [&hellip;]<\/p>\n","protected":false},"author":1,"featured_media":39452,"comment_status":"closed","ping_status":"open","sticky":false,"template":"","format":"standard","meta":{"footnotes":""},"categories":[7742,3,4,2,3684],"tags":[3833,5951,3835,7533,3834,3793],"class_list":{"0":"post-34077","1":"post","2":"type-post","3":"status-publish","4":"format-standard","5":"has-post-thumbnail","7":"category-artigos","8":"category-divulgacao","9":"category-nature","10":"category-patrimonio","11":"category-sugestoes-de-leitura","12":"tag-boticas-parque","13":"tag-carvalhelhos","14":"tag-centro-de-artes-nadir-afonso","15":"tag-coimbro","16":"tag-covas-do-barroso","17":"tag-pavt"},"_links":{"self":[{"href":"https:\/\/terracallaeci.pt\/en\/wp-json\/wp\/v2\/posts\/34077","targetHints":{"allow":["GET"]}}],"collection":[{"href":"https:\/\/terracallaeci.pt\/en\/wp-json\/wp\/v2\/posts"}],"about":[{"href":"https:\/\/terracallaeci.pt\/en\/wp-json\/wp\/v2\/types\/post"}],"author":[{"embeddable":true,"href":"https:\/\/terracallaeci.pt\/en\/wp-json\/wp\/v2\/users\/1"}],"replies":[{"embeddable":true,"href":"https:\/\/terracallaeci.pt\/en\/wp-json\/wp\/v2\/comments?post=34077"}],"version-history":[{"count":0,"href":"https:\/\/terracallaeci.pt\/en\/wp-json\/wp\/v2\/posts\/34077\/revisions"}],"wp:featuredmedia":[{"embeddable":true,"href":"https:\/\/terracallaeci.pt\/en\/wp-json\/wp\/v2\/media\/39452"}],"wp:attachment":[{"href":"https:\/\/terracallaeci.pt\/en\/wp-json\/wp\/v2\/media?parent=34077"}],"wp:term":[{"taxonomy":"category","embeddable":true,"href":"https:\/\/terracallaeci.pt\/en\/wp-json\/wp\/v2\/categories?post=34077"},{"taxonomy":"post_tag","embeddable":true,"href":"https:\/\/terracallaeci.pt\/en\/wp-json\/wp\/v2\/tags?post=34077"}],"curies":[{"name":"wp","href":"https:\/\/api.w.org\/{rel}","templated":true}]}}