{"id":33862,"date":"2020-10-10T10:04:32","date_gmt":"2020-10-10T09:04:32","guid":{"rendered":"https:\/\/visitboticas.pt\/?p=33862"},"modified":"2024-05-19T09:19:11","modified_gmt":"2024-05-19T08:19:11","slug":"olhar-do-guerreiro","status":"publish","type":"post","link":"https:\/\/terracallaeci.pt\/en\/2020\/10\/olhar-do-guerreiro\/","title":{"rendered":"Olhar do Guerreiro (The Warrior's View)"},"content":{"rendered":"<p style=\"font-size:18px\">In Alto do Castro, there is a visual dominance of the entire agricultural valley of Covas do Barroso. The parish, the fourth largest in the municipality, occupying a total area of 29.6 km<sup>2<\/sup>, is composed of Covas do Barroso, the seat of the parish, Romainho and Muro. The three villages are located in the valley, protected to the north by the Serra da Sombra and south by the Serra do Pinheiro. <\/p>\n\n\n\r\n                <style type=\"text\/css\">\r\n                    \r\n                    #tdi_1  .td-doubleSlider-2 .td-item1 {\r\n                        background: url(https:\/\/terracallaeci.pt\/wp-content\/uploads\/2020\/10\/IMG_0486-80x60.jpg) 0 0 no-repeat;\r\n                    }\r\n                    #tdi_1  .td-doubleSlider-2 .td-item2 {\r\n                        background: url(https:\/\/terracallaeci.pt\/wp-content\/uploads\/2020\/10\/IMG_0489-80x60.jpg) 0 0 no-repeat;\r\n                    }\r\n                    #tdi_1  .td-doubleSlider-2 .td-item3 {\r\n                        background: url(https:\/\/terracallaeci.pt\/wp-content\/uploads\/2020\/10\/IMG_0497-80x60.jpg) 0 0 no-repeat;\r\n                    }\r\n                    #tdi_1  .td-doubleSlider-2 .td-item4 {\r\n                        background: url(https:\/\/terracallaeci.pt\/wp-content\/uploads\/2020\/10\/IMG_0507-80x60.jpg) 0 0 no-repeat;\r\n                    }\r\n                <\/style>\r\n\r\n                <div id=\"tdi_1\" class=\"td-gallery td-slide-on-2-columns\">\r\n                    <div class=\"post_td_gallery\">\r\n                        <div class=\"td-gallery-slide-top\">\r\n                           <div class=\"td-gallery-title\">Photos TR\/TC<\/div>\r\n\r\n                            <div class=\"td-gallery-controls-wrapper\">\r\n                                <div class=\"td-gallery-slide-count\"><span class=\"td-gallery-slide-item-focus\">1<\/span> de 4<\/div>\r\n                                <div class=\"td-gallery-slide-prev-next-but\">\r\n                                    <i class = \"td-icon-left doubleSliderPrevButton\"><\/i>\r\n                                    <i class = \"td-icon-right doubleSliderNextButton\"><\/i>\r\n                                <\/div>\r\n                            <\/div>\r\n                        <\/div>\r\n\r\n                        <div class = \"td-doubleSlider-1\">\r\n                            <div class = \"td-slider\">\r\n                                \r\n                    <div class = \"td-slide-item td-item1\">\r\n                        <figure class=\"td-slide-galery-figure td-slide-popup-gallery\">\r\n                            <a class=\"slide-gallery-image-link\" href=\"https:\/\/terracallaeci.pt\/wp-content\/uploads\/2020\/10\/IMG_0486.jpg\" title=\"IMG_0486\"  data-caption=\"Vale de Covas do Barroso.\"  data-description=\"\">\r\n                                <img decoding=\"async\" src=\"https:\/\/terracallaeci.pt\/wp-content\/uploads\/2020\/10\/IMG_0486-630x420.jpg\" srcset=\"https:\/\/terracallaeci.pt\/wp-content\/uploads\/2020\/10\/IMG_0486-630x420.jpg 630w, https:\/\/terracallaeci.pt\/wp-content\/uploads\/2020\/10\/IMG_0486-300x200.jpg 300w, https:\/\/terracallaeci.pt\/wp-content\/uploads\/2020\/10\/IMG_0486-1024x682.jpg 1024w, https:\/\/terracallaeci.pt\/wp-content\/uploads\/2020\/10\/IMG_0486-768x512.jpg 768w, https:\/\/terracallaeci.pt\/wp-content\/uploads\/2020\/10\/IMG_0486-1536x1024.jpg 1536w, https:\/\/terracallaeci.pt\/wp-content\/uploads\/2020\/10\/IMG_0486-150x100.jpg 150w, https:\/\/terracallaeci.pt\/wp-content\/uploads\/2020\/10\/IMG_0486-696x464.jpg 696w, https:\/\/terracallaeci.pt\/wp-content\/uploads\/2020\/10\/IMG_0486-1068x712.jpg 1068w, https:\/\/terracallaeci.pt\/wp-content\/uploads\/2020\/10\/IMG_0486-1920x1280.jpg 1920w, https:\/\/terracallaeci.pt\/wp-content\/uploads\/2020\/10\/IMG_0486.jpg 2000w\" sizes=\"(max-width: 630px) 100vw, 630px\" alt=\"\">\r\n                            <\/a>\r\n                            <figcaption class = \"td-slide-caption td-gallery-slide-content\"><div class = \"td-gallery-slide-copywrite\">Covas do Barroso valley.<\/div><\/figcaption>\r\n                        <\/figure>\r\n                    <\/div>\r\n                    <div class = \"td-slide-item td-item2\">\r\n                        <figure class=\"td-slide-galery-figure td-slide-popup-gallery\">\r\n                            <a class=\"slide-gallery-image-link\" href=\"https:\/\/terracallaeci.pt\/wp-content\/uploads\/2020\/10\/IMG_0489.jpg\" title=\"IMG_0489\"  data-caption=\"Aldeia de Covas do Barroso. Foto TR\/TC\"  data-description=\"\">\r\n                                <img decoding=\"async\" src=\"https:\/\/terracallaeci.pt\/wp-content\/uploads\/2020\/10\/IMG_0489-630x420.jpg\" srcset=\"https:\/\/terracallaeci.pt\/wp-content\/uploads\/2020\/10\/IMG_0489-630x420.jpg 630w, https:\/\/terracallaeci.pt\/wp-content\/uploads\/2020\/10\/IMG_0489-300x200.jpg 300w, https:\/\/terracallaeci.pt\/wp-content\/uploads\/2020\/10\/IMG_0489-1024x682.jpg 1024w, https:\/\/terracallaeci.pt\/wp-content\/uploads\/2020\/10\/IMG_0489-768x512.jpg 768w, https:\/\/terracallaeci.pt\/wp-content\/uploads\/2020\/10\/IMG_0489-1536x1024.jpg 1536w, https:\/\/terracallaeci.pt\/wp-content\/uploads\/2020\/10\/IMG_0489-150x100.jpg 150w, https:\/\/terracallaeci.pt\/wp-content\/uploads\/2020\/10\/IMG_0489-696x464.jpg 696w, https:\/\/terracallaeci.pt\/wp-content\/uploads\/2020\/10\/IMG_0489-1068x712.jpg 1068w, https:\/\/terracallaeci.pt\/wp-content\/uploads\/2020\/10\/IMG_0489-1920x1280.jpg 1920w, https:\/\/terracallaeci.pt\/wp-content\/uploads\/2020\/10\/IMG_0489.jpg 2000w\" sizes=\"(max-width: 630px) 100vw, 630px\" alt=\"\">\r\n                            <\/a>\r\n                            <figcaption class = \"td-slide-caption td-gallery-slide-content\"><div class = \"td-gallery-slide-copywrite\">Village of Covas do Barroso. Photo TR\/TC<\/div><\/figcaption>\r\n                        <\/figure>\r\n                    <\/div>\r\n                    <div class = \"td-slide-item td-item3\">\r\n                        <figure class=\"td-slide-galery-figure td-slide-popup-gallery\">\r\n                            <a class=\"slide-gallery-image-link\" href=\"https:\/\/terracallaeci.pt\/wp-content\/uploads\/2020\/10\/IMG_0497.jpg\" title=\"IMG_0497\"  data-caption=\"Aldeia de Covas do Barroso.\"  data-description=\"\">\r\n                                <img decoding=\"async\" src=\"https:\/\/terracallaeci.pt\/wp-content\/uploads\/2020\/10\/IMG_0497-630x420.jpg\" srcset=\"https:\/\/terracallaeci.pt\/wp-content\/uploads\/2020\/10\/IMG_0497-630x420.jpg 630w, https:\/\/terracallaeci.pt\/wp-content\/uploads\/2020\/10\/IMG_0497-300x200.jpg 300w, https:\/\/terracallaeci.pt\/wp-content\/uploads\/2020\/10\/IMG_0497-1024x682.jpg 1024w, https:\/\/terracallaeci.pt\/wp-content\/uploads\/2020\/10\/IMG_0497-768x512.jpg 768w, https:\/\/terracallaeci.pt\/wp-content\/uploads\/2020\/10\/IMG_0497-1536x1024.jpg 1536w, https:\/\/terracallaeci.pt\/wp-content\/uploads\/2020\/10\/IMG_0497-150x100.jpg 150w, https:\/\/terracallaeci.pt\/wp-content\/uploads\/2020\/10\/IMG_0497-696x464.jpg 696w, https:\/\/terracallaeci.pt\/wp-content\/uploads\/2020\/10\/IMG_0497-1068x712.jpg 1068w, https:\/\/terracallaeci.pt\/wp-content\/uploads\/2020\/10\/IMG_0497-1920x1280.jpg 1920w, https:\/\/terracallaeci.pt\/wp-content\/uploads\/2020\/10\/IMG_0497.jpg 2000w\" sizes=\"(max-width: 630px) 100vw, 630px\" alt=\"\">\r\n                            <\/a>\r\n                            <figcaption class = \"td-slide-caption td-gallery-slide-content\"><div class = \"td-gallery-slide-copywrite\">Village of Covas do Barroso.<\/div><\/figcaption>\r\n                        <\/figure>\r\n                    <\/div>\r\n                    <div class = \"td-slide-item td-item4\">\r\n                        <figure class=\"td-slide-galery-figure td-slide-popup-gallery\">\r\n                            <a class=\"slide-gallery-image-link\" href=\"https:\/\/terracallaeci.pt\/wp-content\/uploads\/2020\/10\/IMG_0507.jpg\" title=\"IMG_0507\"  data-caption=\"Observat\u00f3rio no Alto do Castro.\"  data-description=\"\">\r\n                                <img decoding=\"async\" src=\"https:\/\/terracallaeci.pt\/wp-content\/uploads\/2020\/10\/IMG_0507-630x420.jpg\" srcset=\"https:\/\/terracallaeci.pt\/wp-content\/uploads\/2020\/10\/IMG_0507-630x420.jpg 630w, https:\/\/terracallaeci.pt\/wp-content\/uploads\/2020\/10\/IMG_0507-300x200.jpg 300w, https:\/\/terracallaeci.pt\/wp-content\/uploads\/2020\/10\/IMG_0507-1024x682.jpg 1024w, https:\/\/terracallaeci.pt\/wp-content\/uploads\/2020\/10\/IMG_0507-768x512.jpg 768w, https:\/\/terracallaeci.pt\/wp-content\/uploads\/2020\/10\/IMG_0507-1536x1024.jpg 1536w, https:\/\/terracallaeci.pt\/wp-content\/uploads\/2020\/10\/IMG_0507-150x100.jpg 150w, https:\/\/terracallaeci.pt\/wp-content\/uploads\/2020\/10\/IMG_0507-696x464.jpg 696w, https:\/\/terracallaeci.pt\/wp-content\/uploads\/2020\/10\/IMG_0507-1068x712.jpg 1068w, https:\/\/terracallaeci.pt\/wp-content\/uploads\/2020\/10\/IMG_0507-1920x1280.jpg 1920w, https:\/\/terracallaeci.pt\/wp-content\/uploads\/2020\/10\/IMG_0507.jpg 2000w\" sizes=\"(max-width: 630px) 100vw, 630px\" alt=\"\">\r\n                            <\/a>\r\n                            <figcaption class = \"td-slide-caption td-gallery-slide-content\"><div class = \"td-gallery-slide-copywrite\">Observatory in Alto do Castro.<\/div><\/figcaption>\r\n                        <\/figure>\r\n                    <\/div>\r\n                            <\/div>\r\n                        <\/div>\r\n\r\n                        <div class = \"td-doubleSlider-2\">\r\n                            <div class = \"td-slider\">\r\n                                \r\n                    <div class = \"td-button td-item1\">\r\n                        <div class = \"td-border\"><\/div>\r\n                    <\/div>\r\n                    <div class = \"td-button td-item2\">\r\n                        <div class = \"td-border\"><\/div>\r\n                    <\/div>\r\n                    <div class = \"td-button td-item3\">\r\n                        <div class = \"td-border\"><\/div>\r\n                    <\/div>\r\n                    <div class = \"td-button td-item4\">\r\n                        <div class = \"td-border\"><\/div>\r\n                    <\/div>\r\n                            <\/div>\r\n                        <\/div>\r\n\r\n                    <\/div>\r\n\r\n                <\/div>\r\n                \n\n\n<p style=\"font-size:18px\">Its geographical location, surrounded by mountains, is the reason for its name, as it looks like a \"pit\" from a distance.<\/p>\n\n\n\n<p style=\"font-size:18px\">In Alto do Castro, there is a group of rocks where the remains of a castle have been found.<\/p>\n\n\n\n<blockquote class=\"wp-block-quote is-layout-flow wp-block-quote-is-layout-flow\">\n<p>The viewpoint is part of the GIAHS Observatory Network.<\/p>\n<\/blockquote>\n\n\n\n<p style=\"font-size:18px\">The Olhar do Guerreiro viewpoint is part of the The GIAHS Observatory Network - Globally Important Agricultural Heritage Systems, implemented in the Barroso region in the municipalities of Boticas and Montalegre.<\/p>\n\n\n\n<p style=\"font-size:26px\">Location<\/p>\n\n\n\n<p style=\"font-size:18px\">Alto do Castro is located in the municipality of Boticas, 16.8 km (25 minutes by car) from the county seat via the R311 (towards Salto) and M519 (towards Aldeia de Campos). When you reach the signposted dirt road, leave the car where it is convenient and walk the remaining 500 meters.<\/p>\n\n\n\n<p style=\"font-size:18px\">GPS coordinates: 41.637861, -7.779077<\/p>\n\n\n\n<p style=\"font-size:18px\">Open<a href=\"https:\/\/www.google.com\/maps\/place\/41%C2%B038'16.3%22N+7%C2%B046'44.7%22W\/@41.6379167,-7.7813276,17z\/data=!4m14!1m7!3m6!1s0x0:0x0!2zNDHCsDM4JzE2LjUiTiA3wrA0Nic0NC45Ilc!3b1!8m2!3d41.6379167!4d-7.7791389!3m5!1s0xd3b2ab60d4d259f:0xf67669e744b1038c!7e2!8m2!3d41.6378614!4d-7.7790767\"> Google Maps<\/a><\/p>\n\n\n<div id=\"altit-3280000893\"><div class=\"altit-adlabel\">PUB<\/div><div id=\"altit-1256985779\"><a href=\"https:\/\/terracallaeci.pt\/en\/corguinho\/\" target=\"_blank\" aria-label=\"CorguinhoII\"><img loading=\"lazy\" decoding=\"async\" src=\"https:\/\/terracallaeci.pt\/wp-content\/uploads\/2021\/08\/CorguinhoII.gif\" alt=\"\"  width=\"728\" height=\"130\"   \/><\/a><\/div><\/div>\n\n\n\n<p><\/p>","protected":false},"excerpt":{"rendered":"<p>No Alto do Castro, h\u00e1 um dom\u00ednio visual de todo o vale agr\u00edcola de Covas do Barroso. A freguesia, a quarta maior do concelho, ocupando uma \u00e1rea total de 29,6 km2, \u00e9 constitu\u00edda por Covas do Barroso, sede da freguesia, Romainho e Muro. As tr\u00eas aldeias localizam-se no vale, protegidas a Norte pela Serra da [&hellip;]<\/p>\n","protected":false},"author":6,"featured_media":33865,"comment_status":"open","ping_status":"open","sticky":false,"template":"","format":"standard","meta":{"footnotes":""},"categories":[7527],"tags":[7027,5096,7530],"class_list":{"0":"post-33862","1":"post","2":"type-post","3":"status-publish","4":"format-standard","5":"has-post-thumbnail","7":"category-miradouros-barroso-patrimonio-agricola-mundial","8":"tag-barroso","9":"tag-boticas","10":"tag-rede-sipam"},"_links":{"self":[{"href":"https:\/\/terracallaeci.pt\/en\/wp-json\/wp\/v2\/posts\/33862","targetHints":{"allow":["GET"]}}],"collection":[{"href":"https:\/\/terracallaeci.pt\/en\/wp-json\/wp\/v2\/posts"}],"about":[{"href":"https:\/\/terracallaeci.pt\/en\/wp-json\/wp\/v2\/types\/post"}],"author":[{"embeddable":true,"href":"https:\/\/terracallaeci.pt\/en\/wp-json\/wp\/v2\/users\/6"}],"replies":[{"embeddable":true,"href":"https:\/\/terracallaeci.pt\/en\/wp-json\/wp\/v2\/comments?post=33862"}],"version-history":[{"count":0,"href":"https:\/\/terracallaeci.pt\/en\/wp-json\/wp\/v2\/posts\/33862\/revisions"}],"wp:featuredmedia":[{"embeddable":true,"href":"https:\/\/terracallaeci.pt\/en\/wp-json\/wp\/v2\/media\/33865"}],"wp:attachment":[{"href":"https:\/\/terracallaeci.pt\/en\/wp-json\/wp\/v2\/media?parent=33862"}],"wp:term":[{"taxonomy":"category","embeddable":true,"href":"https:\/\/terracallaeci.pt\/en\/wp-json\/wp\/v2\/categories?post=33862"},{"taxonomy":"post_tag","embeddable":true,"href":"https:\/\/terracallaeci.pt\/en\/wp-json\/wp\/v2\/tags?post=33862"}],"curies":[{"name":"wp","href":"https:\/\/api.w.org\/{rel}","templated":true}]}}