{"id":33823,"date":"2020-10-09T10:08:29","date_gmt":"2020-10-09T09:08:29","guid":{"rendered":"https:\/\/visitboticas.pt\/?p=33823"},"modified":"2025-12-07T10:46:43","modified_gmt":"2025-12-07T10:46:43","slug":"capela-de-santa-marta-de-coimbro","status":"publish","type":"post","link":"https:\/\/terracallaeci.pt\/en\/2020\/10\/capela-de-santa-marta-de-coimbro\/","title":{"rendered":"Chapel of Santa Marta de Coimbr\u00f3"},"content":{"rendered":"<p style=\"font-size:18px\">Nobody knows for sure the origin of this small granite temple dedicated to Santa Marta, set in the middle of cultivated fields. Some researchers believe that it is the remains of an ancient settlement that moved to the present-day village of Coimbr\u00f3.<\/p>\n\n\n\n<blockquote class=\"wp-block-quote is-layout-flow wp-block-quote-is-layout-flow\">\n<p>a testimony to the harmonious relationship between man and nature.<\/p>\n<\/blockquote>\n\n\n\r\n                <style type=\"text\/css\">\r\n                    \r\n                    #tdi_1  .td-doubleSlider-2 .td-item1 {\r\n                        background: url(https:\/\/terracallaeci.pt\/wp-content\/uploads\/2020\/10\/IMG_0712-santa_marta-80x60.jpg) 0 0 no-repeat;\r\n                    }\r\n                    #tdi_1  .td-doubleSlider-2 .td-item2 {\r\n                        background: url(https:\/\/terracallaeci.pt\/wp-content\/uploads\/2020\/10\/SantaMarta-80x60.jpg) 0 0 no-repeat;\r\n                    }\r\n                    #tdi_1  .td-doubleSlider-2 .td-item3 {\r\n                        background: url(https:\/\/terracallaeci.pt\/wp-content\/uploads\/2020\/10\/IMG_0707-80x60.jpg) 0 0 no-repeat;\r\n                    }\r\n                <\/style>\r\n\r\n                <div id=\"tdi_1\" class=\"td-gallery td-slide-on-2-columns\">\r\n                    <div class=\"post_td_gallery\">\r\n                        <div class=\"td-gallery-slide-top\">\r\n                           <div class=\"td-gallery-title\">Photos TR\/TC<\/div>\r\n\r\n                            <div class=\"td-gallery-controls-wrapper\">\r\n                                <div class=\"td-gallery-slide-count\"><span class=\"td-gallery-slide-item-focus\">1<\/span> de 3<\/div>\r\n                                <div class=\"td-gallery-slide-prev-next-but\">\r\n                                    <i class = \"td-icon-left doubleSliderPrevButton\"><\/i>\r\n                                    <i class = \"td-icon-right doubleSliderNextButton\"><\/i>\r\n                                <\/div>\r\n                            <\/div>\r\n                        <\/div>\r\n\r\n                        <div class = \"td-doubleSlider-1\">\r\n                            <div class = \"td-slider\">\r\n                                \r\n                    <div class = \"td-slide-item td-item1\">\r\n                        <figure class=\"td-slide-galery-figure td-slide-popup-gallery\">\r\n                            <a class=\"slide-gallery-image-link\" href=\"https:\/\/terracallaeci.pt\/wp-content\/uploads\/2020\/10\/IMG_0712-santa_marta.jpg\" title=\"IMG_0712-santa_marta\"  data-caption=\"\"  data-description=\"\">\r\n                                <img decoding=\"async\" src=\"https:\/\/terracallaeci.pt\/wp-content\/uploads\/2020\/10\/IMG_0712-santa_marta-630x420.jpg\" srcset=\"https:\/\/terracallaeci.pt\/wp-content\/uploads\/2020\/10\/IMG_0712-santa_marta-630x420.jpg 630w, https:\/\/terracallaeci.pt\/wp-content\/uploads\/2020\/10\/IMG_0712-santa_marta-300x200.jpg 300w, https:\/\/terracallaeci.pt\/wp-content\/uploads\/2020\/10\/IMG_0712-santa_marta-1024x682.jpg 1024w, https:\/\/terracallaeci.pt\/wp-content\/uploads\/2020\/10\/IMG_0712-santa_marta-768x512.jpg 768w, https:\/\/terracallaeci.pt\/wp-content\/uploads\/2020\/10\/IMG_0712-santa_marta-1536x1024.jpg 1536w, https:\/\/terracallaeci.pt\/wp-content\/uploads\/2020\/10\/IMG_0712-santa_marta-150x100.jpg 150w, https:\/\/terracallaeci.pt\/wp-content\/uploads\/2020\/10\/IMG_0712-santa_marta-696x464.jpg 696w, https:\/\/terracallaeci.pt\/wp-content\/uploads\/2020\/10\/IMG_0712-santa_marta-1068x712.jpg 1068w, https:\/\/terracallaeci.pt\/wp-content\/uploads\/2020\/10\/IMG_0712-santa_marta-1920x1280.jpg 1920w, https:\/\/terracallaeci.pt\/wp-content\/uploads\/2020\/10\/IMG_0712-santa_marta.jpg 2000w\" sizes=\"(max-width: 630px) 100vw, 630px\" alt=\"\">\r\n                            <\/a>\r\n                            \r\n                        <\/figure>\r\n                    <\/div>\r\n                    <div class = \"td-slide-item td-item2\">\r\n                        <figure class=\"td-slide-galery-figure td-slide-popup-gallery\">\r\n                            <a class=\"slide-gallery-image-link\" href=\"https:\/\/terracallaeci.pt\/wp-content\/uploads\/2020\/10\/SantaMarta.jpg\" title=\"SantaMarta\"  data-caption=\"\"  data-description=\"\">\r\n                                <img decoding=\"async\" src=\"https:\/\/terracallaeci.pt\/wp-content\/uploads\/2020\/10\/SantaMarta-630x420.jpg\" srcset=\"https:\/\/terracallaeci.pt\/wp-content\/uploads\/2020\/10\/SantaMarta-630x420.jpg 630w, https:\/\/terracallaeci.pt\/wp-content\/uploads\/2020\/10\/SantaMarta-300x200.jpg 300w, https:\/\/terracallaeci.pt\/wp-content\/uploads\/2020\/10\/SantaMarta-1024x682.jpg 1024w, https:\/\/terracallaeci.pt\/wp-content\/uploads\/2020\/10\/SantaMarta-768x512.jpg 768w, https:\/\/terracallaeci.pt\/wp-content\/uploads\/2020\/10\/SantaMarta-1536x1024.jpg 1536w, https:\/\/terracallaeci.pt\/wp-content\/uploads\/2020\/10\/SantaMarta-150x100.jpg 150w, https:\/\/terracallaeci.pt\/wp-content\/uploads\/2020\/10\/SantaMarta-696x464.jpg 696w, https:\/\/terracallaeci.pt\/wp-content\/uploads\/2020\/10\/SantaMarta-1068x712.jpg 1068w, https:\/\/terracallaeci.pt\/wp-content\/uploads\/2020\/10\/SantaMarta-1920x1280.jpg 1920w, https:\/\/terracallaeci.pt\/wp-content\/uploads\/2020\/10\/SantaMarta.jpg 2000w\" sizes=\"(max-width: 630px) 100vw, 630px\" alt=\"\">\r\n                            <\/a>\r\n                            \r\n                        <\/figure>\r\n                    <\/div>\r\n                    <div class = \"td-slide-item td-item3\">\r\n                        <figure class=\"td-slide-galery-figure td-slide-popup-gallery\">\r\n                            <a class=\"slide-gallery-image-link\" href=\"https:\/\/terracallaeci.pt\/wp-content\/uploads\/2020\/10\/IMG_0707.jpg\" title=\"IMG_0707\"  data-caption=\"Coimbr\u00f3.\"  data-description=\"\">\r\n                                <img decoding=\"async\" src=\"https:\/\/terracallaeci.pt\/wp-content\/uploads\/2020\/10\/IMG_0707-630x420.jpg\" srcset=\"https:\/\/terracallaeci.pt\/wp-content\/uploads\/2020\/10\/IMG_0707-630x420.jpg 630w, https:\/\/terracallaeci.pt\/wp-content\/uploads\/2020\/10\/IMG_0707-300x200.jpg 300w, https:\/\/terracallaeci.pt\/wp-content\/uploads\/2020\/10\/IMG_0707-1024x682.jpg 1024w, https:\/\/terracallaeci.pt\/wp-content\/uploads\/2020\/10\/IMG_0707-768x512.jpg 768w, https:\/\/terracallaeci.pt\/wp-content\/uploads\/2020\/10\/IMG_0707-1536x1024.jpg 1536w, https:\/\/terracallaeci.pt\/wp-content\/uploads\/2020\/10\/IMG_0707-150x100.jpg 150w, https:\/\/terracallaeci.pt\/wp-content\/uploads\/2020\/10\/IMG_0707-696x464.jpg 696w, https:\/\/terracallaeci.pt\/wp-content\/uploads\/2020\/10\/IMG_0707-1068x712.jpg 1068w, https:\/\/terracallaeci.pt\/wp-content\/uploads\/2020\/10\/IMG_0707-1920x1280.jpg 1920w, https:\/\/terracallaeci.pt\/wp-content\/uploads\/2020\/10\/IMG_0707.jpg 2000w\" sizes=\"(max-width: 630px) 100vw, 630px\" alt=\"\">\r\n                            <\/a>\r\n                            <figcaption class = \"td-slide-caption td-gallery-slide-content\"><div class = \"td-gallery-slide-copywrite\">Coimbr\u00f3.<\/div><\/figcaption>\r\n                        <\/figure>\r\n                    <\/div>\r\n                            <\/div>\r\n                        <\/div>\r\n\r\n                        <div class = \"td-doubleSlider-2\">\r\n                            <div class = \"td-slider\">\r\n                                \r\n                    <div class = \"td-button td-item1\">\r\n                        <div class = \"td-border\"><\/div>\r\n                    <\/div>\r\n                    <div class = \"td-button td-item2\">\r\n                        <div class = \"td-border\"><\/div>\r\n                    <\/div>\r\n                    <div class = \"td-button td-item3\">\r\n                        <div class = \"td-border\"><\/div>\r\n                    <\/div>\r\n                            <\/div>\r\n                        <\/div>\r\n\r\n                    <\/div>\r\n\r\n                <\/div>\r\n                \n\n\n<p style=\"font-size:18px\">It is here that believers come to ask for abundant harvests and protection for their animals, just as in ancient times.<\/p>\n\n\n\n<p style=\"font-size:18px\">The chapel of Santa Marta is a testimony to the harmonious relationship between man and nature in the Barroso region.<\/p>\n\n\n\n<p style=\"font-size:26px\">Location<\/p>\n\n\n\n<iframe src=\"https:\/\/www.google.com\/maps\/embed?pb=!1m18!1m12!1m3!1d652.5197160953445!2d-7.866029232395311!3d41.70437686333124!2m3!1f0!2f0!3f0!3m2!1i1024!2i768!4f13.1!3m3!1m2!1s0xd252b9d05aea0b3%3A0x12d7d56b8ffbdbeb!2sCapela%20de%20Santa%20Marta!5e1!3m2!1spt-PT!2spt!4v1644665287757!5m2!1spt-PT!2spt\" width=\"800\" height=\"400\" style=\"border:0;\" allowfullscreen=\"\" loading=\"lazy\"><\/iframe>\n\n\n\n<div style=\"height:20px\" aria-hidden=\"true\" class=\"wp-block-spacer\"><\/div>\n\n\n<div id=\"altit-1539311903\"><div class=\"altit-adlabel\">PUB<\/div><div id=\"altit-1922284399\"><a href=\"https:\/\/terracallaeci.pt\/en\/corguinho\/\" target=\"_blank\" aria-label=\"CorguinhoII\"><img loading=\"lazy\" decoding=\"async\" src=\"https:\/\/terracallaeci.pt\/wp-content\/uploads\/2021\/08\/CorguinhoII.gif\" alt=\"\"  width=\"728\" height=\"130\"   \/><\/a><\/div><\/div>","protected":false},"excerpt":{"rendered":"<p>Ningu\u00e9m sabe ao certo a origem deste pequeno templo de granito dedicado a Santa Marta, implantado no meio de campos de cultivo. Alguns investigadores acreditam tratar-se do que resta de um antigo povoado, que se deslocou para a atual aldeia de Coimbr\u00f3. um testemunho da rela\u00e7\u00e3o harmoniosa entre o homem e a natureza. \u00c9 aqui [&hellip;]<\/p>\n","protected":false},"author":6,"featured_media":33825,"comment_status":"open","ping_status":"open","sticky":false,"template":"","format":"video","meta":{"footnotes":""},"categories":[7740,2],"tags":[4149,7027,5096,7533],"class_list":{"0":"post-33823","1":"post","2":"type-post","3":"status-publish","4":"format-video","5":"has-post-thumbnail","7":"category-destaques","8":"category-patrimonio","9":"tag-aldeias","10":"tag-barroso","11":"tag-boticas","12":"tag-coimbro","13":"post_format-post-format-video"},"_links":{"self":[{"href":"https:\/\/terracallaeci.pt\/en\/wp-json\/wp\/v2\/posts\/33823","targetHints":{"allow":["GET"]}}],"collection":[{"href":"https:\/\/terracallaeci.pt\/en\/wp-json\/wp\/v2\/posts"}],"about":[{"href":"https:\/\/terracallaeci.pt\/en\/wp-json\/wp\/v2\/types\/post"}],"author":[{"embeddable":true,"href":"https:\/\/terracallaeci.pt\/en\/wp-json\/wp\/v2\/users\/6"}],"replies":[{"embeddable":true,"href":"https:\/\/terracallaeci.pt\/en\/wp-json\/wp\/v2\/comments?post=33823"}],"version-history":[{"count":0,"href":"https:\/\/terracallaeci.pt\/en\/wp-json\/wp\/v2\/posts\/33823\/revisions"}],"wp:featuredmedia":[{"embeddable":true,"href":"https:\/\/terracallaeci.pt\/en\/wp-json\/wp\/v2\/media\/33825"}],"wp:attachment":[{"href":"https:\/\/terracallaeci.pt\/en\/wp-json\/wp\/v2\/media?parent=33823"}],"wp:term":[{"taxonomy":"category","embeddable":true,"href":"https:\/\/terracallaeci.pt\/en\/wp-json\/wp\/v2\/categories?post=33823"},{"taxonomy":"post_tag","embeddable":true,"href":"https:\/\/terracallaeci.pt\/en\/wp-json\/wp\/v2\/tags?post=33823"}],"curies":[{"name":"wp","href":"https:\/\/api.w.org\/{rel}","templated":true}]}}