{"id":33625,"date":"2020-09-23T16:08:23","date_gmt":"2020-09-23T15:08:23","guid":{"rendered":"https:\/\/visitboticas.pt\/?p=33625"},"modified":"2025-01-25T12:28:13","modified_gmt":"2025-01-25T12:28:13","slug":"castro-de-nogueira","status":"publish","type":"post","link":"https:\/\/terracallaeci.pt\/en\/2020\/09\/castro-de-nogueira\/","title":{"rendered":"Hillfort of Nogueira"},"content":{"rendered":"<p style=\"font-size:18px\">The Hillfort of Nogueira, located on a spur of the southeastern slope of the Serra do Leiranco, is one of the most significant fortified settlements in the Terva Valley, occupying an area of approximately 6 hectares. Situated at an altitude of over 900 metres, its location provides good natural conditions of protection, visually controlling the entire initial basin of the Terva Valley.<\/p>\n\n\n\n<figure class=\"wp-block-image size-full is-resized\"><img loading=\"lazy\" decoding=\"async\" width=\"1200\" height=\"1500\" src=\"http:\/\/terracallaeci.pt\/wp-content\/uploads\/2020\/09\/SAM_3904.jpg\" alt=\"\" class=\"wp-image-40068\" style=\"width:1065px\" srcset=\"https:\/\/terracallaeci.pt\/wp-content\/uploads\/2020\/09\/SAM_3904.jpg 1200w, https:\/\/terracallaeci.pt\/wp-content\/uploads\/2020\/09\/SAM_3904-240x300.jpg 240w, https:\/\/terracallaeci.pt\/wp-content\/uploads\/2020\/09\/SAM_3904-819x1024.jpg 819w, https:\/\/terracallaeci.pt\/wp-content\/uploads\/2020\/09\/SAM_3904-768x960.jpg 768w, https:\/\/terracallaeci.pt\/wp-content\/uploads\/2020\/09\/SAM_3904-10x12.jpg 10w, https:\/\/terracallaeci.pt\/wp-content\/uploads\/2020\/09\/SAM_3904-336x420.jpg 336w, https:\/\/terracallaeci.pt\/wp-content\/uploads\/2020\/09\/SAM_3904-150x188.jpg 150w, https:\/\/terracallaeci.pt\/wp-content\/uploads\/2020\/09\/SAM_3904-300x375.jpg 300w, https:\/\/terracallaeci.pt\/wp-content\/uploads\/2020\/09\/SAM_3904-696x870.jpg 696w, https:\/\/terracallaeci.pt\/wp-content\/uploads\/2020\/09\/SAM_3904-1068x1335.jpg 1068w\" sizes=\"auto, (max-width: 1200px) 100vw, 1200px\" \/><figcaption class=\"wp-element-caption\">The Hillfort of Nogueira with the village of Ard\u00e3os in the background. Photo TR\/TC<\/figcaption><\/figure>\n\n\n\n<blockquote class=\"wp-block-quote is-layout-flow wp-block-quote-is-layout-flow\">\n<p>The defence system is made up of three lines of wall.<\/p>\n<\/blockquote>\n\n\n\n<p style=\"font-size:18px\">The defence system is made up of three lines of wall: the first line of wall delimits the acropolis area; the second, the most obvious due to the large overthrow associated with it, structures the middle platform of the settlement; the third line forms the lowest platform of the settlement, continuing down to the small promontory that abruptly breaks the slope to the southeast. To the north-west, in the area where it is most vulnerable, the settlement is protected by a field of cut stones, most of which have fallen.<\/p>\n\n\n\n<figure class=\"wp-block-image size-full is-resized\"><img loading=\"lazy\" decoding=\"async\" width=\"1200\" height=\"1500\" src=\"http:\/\/terracallaeci.pt\/wp-content\/uploads\/2020\/09\/SAM_6875-3.jpg\" alt=\"\" class=\"wp-image-40072\" style=\"width:1063px\" srcset=\"https:\/\/terracallaeci.pt\/wp-content\/uploads\/2020\/09\/SAM_6875-3.jpg 1200w, https:\/\/terracallaeci.pt\/wp-content\/uploads\/2020\/09\/SAM_6875-3-240x300.jpg 240w, https:\/\/terracallaeci.pt\/wp-content\/uploads\/2020\/09\/SAM_6875-3-819x1024.jpg 819w, https:\/\/terracallaeci.pt\/wp-content\/uploads\/2020\/09\/SAM_6875-3-768x960.jpg 768w, https:\/\/terracallaeci.pt\/wp-content\/uploads\/2020\/09\/SAM_6875-3-10x12.jpg 10w, https:\/\/terracallaeci.pt\/wp-content\/uploads\/2020\/09\/SAM_6875-3-336x420.jpg 336w, https:\/\/terracallaeci.pt\/wp-content\/uploads\/2020\/09\/SAM_6875-3-150x188.jpg 150w, https:\/\/terracallaeci.pt\/wp-content\/uploads\/2020\/09\/SAM_6875-3-300x375.jpg 300w, https:\/\/terracallaeci.pt\/wp-content\/uploads\/2020\/09\/SAM_6875-3-696x870.jpg 696w, https:\/\/terracallaeci.pt\/wp-content\/uploads\/2020\/09\/SAM_6875-3-1068x1335.jpg 1068w\" sizes=\"auto, (max-width: 1200px) 100vw, 1200px\" \/><figcaption class=\"wp-element-caption\">Collapsed wall line. Photo TR\/TC<\/figcaption><\/figure>\n\n\n\n<p style=\"font-size:18px\">On the platforms defined by the walls we can see the existence of buildings and on the surface there are abundant fragments of ceramics from different productions, bearing witness to an occupation that may date back to the 4th-3rd centuries BC.<\/p>\n\n\n\n<h2 class=\"wp-block-heading\" id=\"localizacao\">Location<\/h2>\n\n\n\n<iframe src=\"https:\/\/www.google.com\/maps\/embed?pb=!1m18!1m12!1m3!1d1688.2831826219658!2d-7.633681857004616!3d41.74467099451648!2m3!1f0!2f0!3f0!3m2!1i1024!2i768!4f13.1!3m3!1m2!1s0xd3ad73559bd4159%3A0x1a51ad8ca3fbd8a4!2sCastro%20da%20Nogueira!5e1!3m2!1spt-PT!2spt!4v1644503972222!5m2!1spt-PT!2spt\" width=\"800\" height=\"400\" style=\"border:0;\" allowfullscreen=\"\" loading=\"lazy\"><\/iframe>\n\n\n\n<p class=\"has-black-color has-text-color has-regular-font-size\">The dirt roads are not suitable for light vehicles.<\/p>\n\n\n\n<div style=\"height:20px\" aria-hidden=\"true\" class=\"wp-block-spacer\"><\/div>\n\n\n\n<p style=\"font-size:18px\">More about the Terva Valley Archaeological Park (TVAP)&nbsp;<a href=\"https:\/\/terracallaeci.pt\/en\/2017\/02\/parque-arqueologico-do-vale-do-terva\/\">here.<\/a><\/p>\n\n\n\n<p style=\"font-size:18px\">More about the TVAP Hillforts Route&nbsp;<a href=\"https:\/\/terracallaeci.pt\/en\/2017\/02\/rota-dos-castros-do-pavt\/\">here.<\/a><\/p>\n\n\n\n<div style=\"height:20px\" aria-hidden=\"true\" class=\"wp-block-spacer\"><\/div>\n\n\n\n<p class=\"has-text-color\" style=\"color:#aaaaaa;font-size:14px\"><\/p>\n\n\n<div id=\"altit-3443828158\"><div class=\"altit-adlabel\">PUB<\/div><div id=\"altit-735075778\"><a href=\"https:\/\/terracallaeci.pt\/en\/corguinho\/\" target=\"_blank\" aria-label=\"CorguinhoII\"><img loading=\"lazy\" decoding=\"async\" src=\"https:\/\/terracallaeci.pt\/wp-content\/uploads\/2021\/08\/CorguinhoII.gif\" alt=\"\"  width=\"728\" height=\"130\"   \/><\/a><\/div><\/div>","protected":false},"excerpt":{"rendered":"<p>O Castro de Nogueira, localizado num espor\u00e3o da vertente sudeste da Serra do Leiranco \u00e9 um dos mais expressivos povoados castrejos do Vale do Terva, ocupando uma \u00e1rea de aproximadamente 6 hectares. Situado a mais de 900 metros de altitude, a sua implanta\u00e7\u00e3o proporciona boas condi\u00e7\u00f5es naturais de prote\u00e7\u00e3o, controlando visualmente toda a bacia inicial [&hellip;]<\/p>\n","protected":false},"author":6,"featured_media":40074,"comment_status":"closed","ping_status":"open","sticky":false,"template":"","format":"standard","meta":{"footnotes":""},"categories":[79],"tags":[5096,3795,7514],"class_list":{"0":"post-33625","1":"post","2":"type-post","3":"status-publish","4":"format-standard","5":"has-post-thumbnail","7":"category-pavt","8":"tag-boticas","9":"tag-castros","10":"tag-rota-dos-castros-do-pavt"},"_links":{"self":[{"href":"https:\/\/terracallaeci.pt\/en\/wp-json\/wp\/v2\/posts\/33625","targetHints":{"allow":["GET"]}}],"collection":[{"href":"https:\/\/terracallaeci.pt\/en\/wp-json\/wp\/v2\/posts"}],"about":[{"href":"https:\/\/terracallaeci.pt\/en\/wp-json\/wp\/v2\/types\/post"}],"author":[{"embeddable":true,"href":"https:\/\/terracallaeci.pt\/en\/wp-json\/wp\/v2\/users\/6"}],"replies":[{"embeddable":true,"href":"https:\/\/terracallaeci.pt\/en\/wp-json\/wp\/v2\/comments?post=33625"}],"version-history":[{"count":0,"href":"https:\/\/terracallaeci.pt\/en\/wp-json\/wp\/v2\/posts\/33625\/revisions"}],"wp:featuredmedia":[{"embeddable":true,"href":"https:\/\/terracallaeci.pt\/en\/wp-json\/wp\/v2\/media\/40074"}],"wp:attachment":[{"href":"https:\/\/terracallaeci.pt\/en\/wp-json\/wp\/v2\/media?parent=33625"}],"wp:term":[{"taxonomy":"category","embeddable":true,"href":"https:\/\/terracallaeci.pt\/en\/wp-json\/wp\/v2\/categories?post=33625"},{"taxonomy":"post_tag","embeddable":true,"href":"https:\/\/terracallaeci.pt\/en\/wp-json\/wp\/v2\/tags?post=33625"}],"curies":[{"name":"wp","href":"https:\/\/api.w.org\/{rel}","templated":true}]}}