{"id":33588,"date":"2020-09-23T12:51:15","date_gmt":"2020-09-23T11:51:15","guid":{"rendered":"https:\/\/visitboticas.pt\/?p=33588"},"modified":"2025-01-25T12:32:26","modified_gmt":"2025-01-25T12:32:26","slug":"castro-do-muro-de-cunhas","status":"publish","type":"post","link":"https:\/\/terracallaeci.pt\/en\/2020\/09\/castro-do-muro-de-cunhas\/","title":{"rendered":"Hillfort of Muro de Cunhas"},"content":{"rendered":"<p style=\"font-size:18px\">Located on a promontory of conical morphology, at the limit of the municipalities of Boticas and Chaves, the settlement, from the Iron Age, is delimited by two lines of surrounding walls, which present a marked overthrow.<\/p>\n\n\n\n<p style=\"font-size:18px\">The defence system is complemented by a field of hollowed-out stones, located in the northern part of the settlement. Traces of dwellings can be identified on the upper platform.<\/p>\n\n\n\n<figure class=\"wp-block-image size-full is-resized\"><img loading=\"lazy\" decoding=\"async\" width=\"1200\" height=\"1500\" src=\"http:\/\/terracallaeci.pt\/wp-content\/uploads\/2017\/02\/DJI_0202-2.jpg\" alt=\"\" class=\"wp-image-40055\" style=\"width:1068px\" srcset=\"https:\/\/terracallaeci.pt\/wp-content\/uploads\/2017\/02\/DJI_0202-2.jpg 1200w, https:\/\/terracallaeci.pt\/wp-content\/uploads\/2017\/02\/DJI_0202-2-240x300.jpg 240w, https:\/\/terracallaeci.pt\/wp-content\/uploads\/2017\/02\/DJI_0202-2-819x1024.jpg 819w, https:\/\/terracallaeci.pt\/wp-content\/uploads\/2017\/02\/DJI_0202-2-768x960.jpg 768w, https:\/\/terracallaeci.pt\/wp-content\/uploads\/2017\/02\/DJI_0202-2-10x12.jpg 10w, https:\/\/terracallaeci.pt\/wp-content\/uploads\/2017\/02\/DJI_0202-2-336x420.jpg 336w, https:\/\/terracallaeci.pt\/wp-content\/uploads\/2017\/02\/DJI_0202-2-150x188.jpg 150w, https:\/\/terracallaeci.pt\/wp-content\/uploads\/2017\/02\/DJI_0202-2-300x375.jpg 300w, https:\/\/terracallaeci.pt\/wp-content\/uploads\/2017\/02\/DJI_0202-2-696x870.jpg 696w, https:\/\/terracallaeci.pt\/wp-content\/uploads\/2017\/02\/DJI_0202-2-1068x1335.jpg 1068w\" sizes=\"auto, (max-width: 1200px) 100vw, 1200px\" \/><figcaption class=\"wp-element-caption\">Aerial view of the Hillfort and Hermitage of Muro de Cunhas. Photo TR\/TC<\/figcaption><\/figure>\n\n\n\n<blockquote class=\"wp-block-quote is-layout-flow wp-block-quote-is-layout-flow\">\n<p>A small hermitage is preserved partially overlapping one of the wall lines.<\/p>\n<\/blockquote>\n\n\n\n<p style=\"font-size:18px\">On the western slope, partially overlapping one of the wall lines, a small hermitage is preserved, partially embedded in the rocky outcrop. Inside there are some impressive inscriptions and symbols engraved in bas-relief, which reveal an evident religious syncretism of Christian tradition.<\/p>\n\n\n\n<figure class=\"wp-block-image size-large is-resized\"><img decoding=\"async\" src=\"https:\/\/terracallaeci.pt\/wp-content\/uploads\/2019\/06\/SAM_9094-1920x1280.jpg\" alt=\"\" style=\"width:1068px\"\/><figcaption class=\"wp-element-caption translation-block\">Hermitage of the Hillfort of Muro de Cunhas. Photo TR\/TC<\/figcaption><\/figure>\n\n\n\n<p style=\"font-size:18px\">The hermit Jos\u00e9, who built, decorated and occupied the <a href=\"https:\/\/terracallaeci.pt\/en\/2018\/06\/eremiterio-do-castro-do-muro-de-cunhas\/\">hermitage<\/a> at the end of the 20th century, abandoned the site at the beginning of the 21st century, having resettled in the sanctuary of Nossa Senhora das Neves.<\/p>\n\n\n\n<h2 class=\"wp-block-heading\" id=\"localizacao\">Location<\/h2>\n\n\n\n<iframe src=\"https:\/\/www.google.com\/maps\/embed?pb=!1m18!1m12!1m3!1d2278.6510581628227!2d-7.58136872128039!3d41.76677689873619!2m3!1f0!2f0!3f0!3m2!1i1024!2i768!4f13.1!3m3!1m2!1s0xd3ada384a3bb023%3A0x6da1a7502e1f6680!2sCastro%20do%20Muro%20de%20Cunhas!5e1!3m2!1spt-PT!2spt!4v1644502938325!5m2!1spt-PT!2spt\" width=\"800\" height=\"400\" style=\"border:0;\" allowfullscreen=\"\" loading=\"lazy\"><\/iframe>\n\n\n\n<p class=\"has-black-color has-text-color has-regular-font-size\">The dirt roads are not suitable for light vehicles.<\/p>\n\n\n\n<div style=\"height:20px\" aria-hidden=\"true\" class=\"wp-block-spacer\"><\/div>\n\n\n\n<p style=\"font-size:18px\">More about the Terva Valley Archaeological Park (TVAP) <a href=\"https:\/\/terracallaeci.pt\/en\/2017\/02\/parque-arqueologico-do-vale-do-terva\/\">here.<\/a><\/p>\n\n\n\n<p style=\"font-size:18px\">More about the TVAP Hillforts Route\u00a0<a href=\"https:\/\/terracallaeci.pt\/en\/2017\/02\/rota-dos-castros-do-pavt\/\">here.<\/a><\/p>\n\n\n\n<div style=\"height:20px\" aria-hidden=\"true\" class=\"wp-block-spacer\"><\/div>\n\n\n\n<p class=\"has-text-color\" style=\"color:#aaaaaa;font-size:14px\"><\/p>\n\n\n<div id=\"altit-4250303764\"><div class=\"altit-adlabel\">PUB<\/div><div id=\"altit-2580333988\"><a href=\"https:\/\/terracallaeci.pt\/en\/corguinho\/\" target=\"_blank\" aria-label=\"CorguinhoII\"><img loading=\"lazy\" decoding=\"async\" src=\"https:\/\/terracallaeci.pt\/wp-content\/uploads\/2021\/08\/CorguinhoII.gif\" alt=\"\"  width=\"728\" height=\"130\"   \/><\/a><\/div><\/div>","protected":false},"excerpt":{"rendered":"<p>Situado num promont\u00f3rio de morfologia c\u00f3nica, no limite dos concelhos de Boticas e Chaves, o povoado, da Idade do Ferro, \u00e9 delimitado por duas linhas de muralhas circundantes, que apresentam um acentuado derrube. O sistema de defesa \u00e9 complementado por um campo de pedras fincadas, localizado na zona norte do povoado. Na plataforma superior identificam-se [&hellip;]<\/p>\n","protected":false},"author":6,"featured_media":39502,"comment_status":"closed","ping_status":"open","sticky":false,"template":"","format":"video","meta":{"footnotes":""},"categories":[79],"tags":[5096,3795,7514],"class_list":{"0":"post-33588","1":"post","2":"type-post","3":"status-publish","4":"format-video","5":"has-post-thumbnail","7":"category-pavt","8":"tag-boticas","9":"tag-castros","10":"tag-rota-dos-castros-do-pavt","11":"post_format-post-format-video"},"_links":{"self":[{"href":"https:\/\/terracallaeci.pt\/en\/wp-json\/wp\/v2\/posts\/33588","targetHints":{"allow":["GET"]}}],"collection":[{"href":"https:\/\/terracallaeci.pt\/en\/wp-json\/wp\/v2\/posts"}],"about":[{"href":"https:\/\/terracallaeci.pt\/en\/wp-json\/wp\/v2\/types\/post"}],"author":[{"embeddable":true,"href":"https:\/\/terracallaeci.pt\/en\/wp-json\/wp\/v2\/users\/6"}],"replies":[{"embeddable":true,"href":"https:\/\/terracallaeci.pt\/en\/wp-json\/wp\/v2\/comments?post=33588"}],"version-history":[{"count":0,"href":"https:\/\/terracallaeci.pt\/en\/wp-json\/wp\/v2\/posts\/33588\/revisions"}],"wp:featuredmedia":[{"embeddable":true,"href":"https:\/\/terracallaeci.pt\/en\/wp-json\/wp\/v2\/media\/39502"}],"wp:attachment":[{"href":"https:\/\/terracallaeci.pt\/en\/wp-json\/wp\/v2\/media?parent=33588"}],"wp:term":[{"taxonomy":"category","embeddable":true,"href":"https:\/\/terracallaeci.pt\/en\/wp-json\/wp\/v2\/categories?post=33588"},{"taxonomy":"post_tag","embeddable":true,"href":"https:\/\/terracallaeci.pt\/en\/wp-json\/wp\/v2\/tags?post=33588"}],"curies":[{"name":"wp","href":"https:\/\/api.w.org\/{rel}","templated":true}]}}