{"id":33575,"date":"2020-09-23T10:04:36","date_gmt":"2020-09-23T09:04:36","guid":{"rendered":"https:\/\/visitboticas.pt\/?p=33575"},"modified":"2025-01-25T12:33:20","modified_gmt":"2025-01-25T12:33:20","slug":"castro-de-sapelos","status":"publish","type":"post","link":"https:\/\/terracallaeci.pt\/en\/2020\/09\/castro-de-sapelos\/","title":{"rendered":"Hillfort of Sapelos"},"content":{"rendered":"<p style=\"font-size:18px\">The Hillfort of Sapelos is located on a promontory on an elongated spur on the left bank of the River Terva.<\/p>\n\n\n\n<figure class=\"wp-block-image size-full\"><img loading=\"lazy\" decoding=\"async\" width=\"1200\" height=\"1500\" src=\"https:\/\/terracallaeci.pt\/wp-content\/uploads\/2020\/09\/SAM_7443.jpg\" alt=\"\" class=\"wp-image-40078\" srcset=\"https:\/\/terracallaeci.pt\/wp-content\/uploads\/2020\/09\/SAM_7443.jpg 1200w, https:\/\/terracallaeci.pt\/wp-content\/uploads\/2020\/09\/SAM_7443-240x300.jpg 240w, https:\/\/terracallaeci.pt\/wp-content\/uploads\/2020\/09\/SAM_7443-819x1024.jpg 819w, https:\/\/terracallaeci.pt\/wp-content\/uploads\/2020\/09\/SAM_7443-768x960.jpg 768w, https:\/\/terracallaeci.pt\/wp-content\/uploads\/2020\/09\/SAM_7443-10x12.jpg 10w, https:\/\/terracallaeci.pt\/wp-content\/uploads\/2020\/09\/SAM_7443-336x420.jpg 336w, https:\/\/terracallaeci.pt\/wp-content\/uploads\/2020\/09\/SAM_7443-150x188.jpg 150w, https:\/\/terracallaeci.pt\/wp-content\/uploads\/2020\/09\/SAM_7443-300x375.jpg 300w, https:\/\/terracallaeci.pt\/wp-content\/uploads\/2020\/09\/SAM_7443-696x870.jpg 696w, https:\/\/terracallaeci.pt\/wp-content\/uploads\/2020\/09\/SAM_7443-1068x1335.jpg 1068w\" sizes=\"auto, (max-width: 1200px) 100vw, 1200px\" \/><figcaption class=\"wp-element-caption\">\u2018Monumental entrance\u2019 at Hillfort of Sapelos. Photo TR\/TC<\/figcaption><\/figure>\n\n\n\n<blockquote class=\"wp-block-quote is-layout-flow wp-block-quote-is-layout-flow\">\n<p>Traces of circular-plan dwellings can be seen on the upper platform.<\/p>\n<\/blockquote>\n\n\n\n<figure class=\"wp-block-image size-full\"><img loading=\"lazy\" decoding=\"async\" width=\"1200\" height=\"1500\" src=\"https:\/\/terracallaeci.pt\/wp-content\/uploads\/2020\/09\/SAM_6089.jpg\" alt=\"\" class=\"wp-image-40079\" srcset=\"https:\/\/terracallaeci.pt\/wp-content\/uploads\/2020\/09\/SAM_6089.jpg 1200w, https:\/\/terracallaeci.pt\/wp-content\/uploads\/2020\/09\/SAM_6089-240x300.jpg 240w, https:\/\/terracallaeci.pt\/wp-content\/uploads\/2020\/09\/SAM_6089-819x1024.jpg 819w, https:\/\/terracallaeci.pt\/wp-content\/uploads\/2020\/09\/SAM_6089-768x960.jpg 768w, https:\/\/terracallaeci.pt\/wp-content\/uploads\/2020\/09\/SAM_6089-10x12.jpg 10w, https:\/\/terracallaeci.pt\/wp-content\/uploads\/2020\/09\/SAM_6089-336x420.jpg 336w, https:\/\/terracallaeci.pt\/wp-content\/uploads\/2020\/09\/SAM_6089-150x188.jpg 150w, https:\/\/terracallaeci.pt\/wp-content\/uploads\/2020\/09\/SAM_6089-300x375.jpg 300w, https:\/\/terracallaeci.pt\/wp-content\/uploads\/2020\/09\/SAM_6089-696x870.jpg 696w, https:\/\/terracallaeci.pt\/wp-content\/uploads\/2020\/09\/SAM_6089-1068x1335.jpg 1068w\" sizes=\"auto, (max-width: 1200px) 100vw, 1200px\" \/><figcaption class=\"wp-element-caption\">Circular-plan dwelling at Hillfort of Sapelos. Photo TR\/TC<\/figcaption><\/figure>\n\n\n\n<p style=\"font-size:18px\">With two lines of wall, made up of granite and quartzite elements, the settlement has a defence reinforced by two large surrounding moats, which are crossed by long ditches of probable mining extraction, forming a complex system of moats and ditches of equally complex interpretation.<\/p>\n\n\n\n<p style=\"font-size:18px\">Traces of circular-plan dwellings can be seen on the upper platform.<\/p>\n\n\n\n<h2 class=\"wp-block-heading\" id=\"localizacao\">Location<\/h2>\n\n\n\n<iframe src=\"https:\/\/www.google.com\/maps\/embed?pb=!1m18!1m12!1m3!1d1130.9094390592024!2d-7.604314141565008!3d41.71372505391434!2m3!1f0!2f0!3f0!3m2!1i1024!2i768!4f13.1!3m3!1m2!1s0xd3ad9d1404b3dc1%3A0x48f71a2718841f2d!2sCastro%20de%20Sapelos!5e1!3m2!1spt-PT!2spt!4v1644505054254!5m2!1spt-PT!2spt\" width=\"800\" height=\"400\" style=\"border:0;\" allowfullscreen=\"\" loading=\"lazy\"><\/iframe>\n\n\n\n<p class=\"has-black-color has-text-color has-regular-font-size\">The dirt roads are not suitable for light vehicles.<\/p>\n\n\n\n<div style=\"height:20px\" aria-hidden=\"true\" class=\"wp-block-spacer\"><\/div>\n\n\n\n<p style=\"font-size:18px\">More about the Terva Valley Archaeological Park (TVAP) <a href=\"https:\/\/terracallaeci.pt\/en\/2017\/02\/parque-arqueologico-do-vale-do-terva\/\">here.<\/a><\/p>\n\n\n\n<p style=\"font-size:18px\">More about the TVAP Hillforts Route&nbsp;<a href=\"https:\/\/terracallaeci.pt\/en\/2017\/02\/rota-dos-castros-do-pavt\/\">here.<\/a><\/p>\n\n\n\n<div style=\"height:20px\" aria-hidden=\"true\" class=\"wp-block-spacer\"><\/div>\n\n\n<div id=\"altit-3619702381\"><div class=\"altit-adlabel\">PUB<\/div><div id=\"altit-1384482757\"><a href=\"https:\/\/terracallaeci.pt\/en\/corguinho\/\" target=\"_blank\" aria-label=\"CorguinhoII\"><img loading=\"lazy\" decoding=\"async\" src=\"https:\/\/terracallaeci.pt\/wp-content\/uploads\/2021\/08\/CorguinhoII.gif\" alt=\"\"  width=\"728\" height=\"130\"   \/><\/a><\/div><\/div>","protected":false},"excerpt":{"rendered":"<p>O Castro de Sapelos localiza-se num promont\u00f3rio em espor\u00e3o alongado, sobre a margem esquerda do rio Terva. Na plataforma superior percebem-se vest\u00edgios de habita\u00e7\u00f5es de planta circular. Com duas linhas de muralha, constitu\u00eddas por elementos de granito e quartzito, o povoado apresenta uma defesa refor\u00e7ada por dois grandes fossos circundantes, que s\u00e3o cruzados por longas [&hellip;]<\/p>\n","protected":false},"author":6,"featured_media":31187,"comment_status":"closed","ping_status":"open","sticky":false,"template":"","format":"video","meta":{"footnotes":""},"categories":[79],"tags":[5096,3795,7514],"class_list":{"0":"post-33575","1":"post","2":"type-post","3":"status-publish","4":"format-video","5":"has-post-thumbnail","7":"category-pavt","8":"tag-boticas","9":"tag-castros","10":"tag-rota-dos-castros-do-pavt","11":"post_format-post-format-video"},"_links":{"self":[{"href":"https:\/\/terracallaeci.pt\/en\/wp-json\/wp\/v2\/posts\/33575","targetHints":{"allow":["GET"]}}],"collection":[{"href":"https:\/\/terracallaeci.pt\/en\/wp-json\/wp\/v2\/posts"}],"about":[{"href":"https:\/\/terracallaeci.pt\/en\/wp-json\/wp\/v2\/types\/post"}],"author":[{"embeddable":true,"href":"https:\/\/terracallaeci.pt\/en\/wp-json\/wp\/v2\/users\/6"}],"replies":[{"embeddable":true,"href":"https:\/\/terracallaeci.pt\/en\/wp-json\/wp\/v2\/comments?post=33575"}],"version-history":[{"count":0,"href":"https:\/\/terracallaeci.pt\/en\/wp-json\/wp\/v2\/posts\/33575\/revisions"}],"wp:featuredmedia":[{"embeddable":true,"href":"https:\/\/terracallaeci.pt\/en\/wp-json\/wp\/v2\/media\/31187"}],"wp:attachment":[{"href":"https:\/\/terracallaeci.pt\/en\/wp-json\/wp\/v2\/media?parent=33575"}],"wp:term":[{"taxonomy":"category","embeddable":true,"href":"https:\/\/terracallaeci.pt\/en\/wp-json\/wp\/v2\/categories?post=33575"},{"taxonomy":"post_tag","embeddable":true,"href":"https:\/\/terracallaeci.pt\/en\/wp-json\/wp\/v2\/tags?post=33575"}],"curies":[{"name":"wp","href":"https:\/\/api.w.org\/{rel}","templated":true}]}}