{"id":28620,"date":"2019-12-31T13:49:59","date_gmt":"2019-12-31T13:49:59","guid":{"rendered":"https:\/\/visitboticas.pt\/?p=28620"},"modified":"2025-09-05T12:54:39","modified_gmt":"2025-09-05T11:54:39","slug":"castelo-de-montalegre","status":"publish","type":"post","link":"https:\/\/terracallaeci.pt\/en\/2019\/12\/castelo-de-montalegre\/","title":{"rendered":"Castle of Montalegre"},"content":{"rendered":"<p style=\"font-size:18px\">Its construction was commissioned during the reign of King Afonso III, and went through the reigns of King Dinis and King Afonso IV, being completed in 1331, according to an epigraphic inscription at the base of the South Tower. It is made up of four imposing towers with a square base (the highest of which is 27 metres high), interconnected by walls which surround the square of arms, where the medieval cistern is also located.<\/p>\n\n\n\n<figure class=\"wp-block-image size-full\"><img loading=\"lazy\" decoding=\"async\" width=\"2000\" height=\"1333\" src=\"http:\/\/terracallaeci.pt\/wp-content\/uploads\/2019\/12\/IMG_7585.jpg\" alt=\"\" class=\"wp-image-28661\" srcset=\"https:\/\/terracallaeci.pt\/wp-content\/uploads\/2019\/12\/IMG_7585.jpg 2000w, https:\/\/terracallaeci.pt\/wp-content\/uploads\/2019\/12\/IMG_7585-300x200.jpg 300w, https:\/\/terracallaeci.pt\/wp-content\/uploads\/2019\/12\/IMG_7585-1024x682.jpg 1024w, https:\/\/terracallaeci.pt\/wp-content\/uploads\/2019\/12\/IMG_7585-768x512.jpg 768w, https:\/\/terracallaeci.pt\/wp-content\/uploads\/2019\/12\/IMG_7585-1536x1024.jpg 1536w, https:\/\/terracallaeci.pt\/wp-content\/uploads\/2019\/12\/IMG_7585-150x100.jpg 150w, https:\/\/terracallaeci.pt\/wp-content\/uploads\/2019\/12\/IMG_7585-696x464.jpg 696w, https:\/\/terracallaeci.pt\/wp-content\/uploads\/2019\/12\/IMG_7585-1068x712.jpg 1068w, https:\/\/terracallaeci.pt\/wp-content\/uploads\/2019\/12\/IMG_7585-1920x1280.jpg 1920w, https:\/\/terracallaeci.pt\/wp-content\/uploads\/2019\/12\/IMG_7585-630x420.jpg 630w\" sizes=\"auto, (max-width: 2000px) 100vw, 2000px\" \/><figcaption class=\"wp-element-caption\">Castle of Montalegre. Photo TR\/TC<\/figcaption><\/figure>\n\n\n\n<blockquote class=\"wp-block-quote is-layout-flow wp-block-quote-is-layout-flow\">\n<p>The castle is Montalegre's major postcard and a must visit in the region.<\/p>\n<\/blockquote>\n\n\n\n<figure class=\"wp-block-image size-full\"><img loading=\"lazy\" decoding=\"async\" width=\"2000\" height=\"1333\" src=\"http:\/\/terracallaeci.pt\/wp-content\/uploads\/2019\/12\/IMG_7637.jpg\" alt=\"\" class=\"wp-image-28640\" srcset=\"https:\/\/terracallaeci.pt\/wp-content\/uploads\/2019\/12\/IMG_7637.jpg 2000w, https:\/\/terracallaeci.pt\/wp-content\/uploads\/2019\/12\/IMG_7637-300x200.jpg 300w, https:\/\/terracallaeci.pt\/wp-content\/uploads\/2019\/12\/IMG_7637-1024x682.jpg 1024w, https:\/\/terracallaeci.pt\/wp-content\/uploads\/2019\/12\/IMG_7637-768x512.jpg 768w, https:\/\/terracallaeci.pt\/wp-content\/uploads\/2019\/12\/IMG_7637-1536x1024.jpg 1536w, https:\/\/terracallaeci.pt\/wp-content\/uploads\/2019\/12\/IMG_7637-150x100.jpg 150w, https:\/\/terracallaeci.pt\/wp-content\/uploads\/2019\/12\/IMG_7637-696x464.jpg 696w, https:\/\/terracallaeci.pt\/wp-content\/uploads\/2019\/12\/IMG_7637-1068x712.jpg 1068w, https:\/\/terracallaeci.pt\/wp-content\/uploads\/2019\/12\/IMG_7637-1920x1280.jpg 1920w, https:\/\/terracallaeci.pt\/wp-content\/uploads\/2019\/12\/IMG_7637-630x420.jpg 630w\" sizes=\"auto, (max-width: 2000px) 100vw, 2000px\" \/><figcaption class=\"wp-element-caption\">Castle of Montalegre. Photo TR\/TC<\/figcaption><\/figure>\n\n\n\n<p><span style=\"font-size: 14pt; font-family: Verdana, BlinkMacSystemFont, -apple-system, 'Segoe UI', Roboto, Oxygen, Ubuntu, Cantarell, 'Open Sans', 'Helvetica Neue', sans-serif; color: initial;\">During the Wars of Restoration, a surrounding wall with moat was built, which has since been partly absorbed by the urban fabric of the town.<\/span><\/p>\n\n\n\n<div style=\"height:15px\" aria-hidden=\"true\" class=\"wp-block-spacer\"><\/div>\n\n\n\n<p class=\"has-text-align-center\" style=\"margin-bottom:-1px\">PUB<\/p>\n\n\n\n<figure class=\"wp-block-image size-full is-resized\"><img loading=\"lazy\" decoding=\"async\" width=\"1496\" height=\"1500\" src=\"https:\/\/terracallaeci.pt\/wp-content\/uploads\/2019\/12\/Castelo.jpg\" alt=\"\" class=\"wp-image-39967\" style=\"aspect-ratio:1;object-fit:cover\" srcset=\"https:\/\/terracallaeci.pt\/wp-content\/uploads\/2019\/12\/Castelo.jpg 1496w, https:\/\/terracallaeci.pt\/wp-content\/uploads\/2019\/12\/Castelo-300x301.jpg 300w, https:\/\/terracallaeci.pt\/wp-content\/uploads\/2019\/12\/Castelo-1021x1024.jpg 1021w, https:\/\/terracallaeci.pt\/wp-content\/uploads\/2019\/12\/Castelo-150x150.jpg 150w, https:\/\/terracallaeci.pt\/wp-content\/uploads\/2019\/12\/Castelo-768x770.jpg 768w, https:\/\/terracallaeci.pt\/wp-content\/uploads\/2019\/12\/Castelo-12x12.jpg 12w, https:\/\/terracallaeci.pt\/wp-content\/uploads\/2019\/12\/Castelo-419x420.jpg 419w, https:\/\/terracallaeci.pt\/wp-content\/uploads\/2019\/12\/Castelo-696x698.jpg 696w, https:\/\/terracallaeci.pt\/wp-content\/uploads\/2019\/12\/Castelo-1068x1071.jpg 1068w, https:\/\/terracallaeci.pt\/wp-content\/uploads\/2019\/12\/Castelo-70x70.jpg 70w, https:\/\/terracallaeci.pt\/wp-content\/uploads\/2019\/12\/Castelo-140x140.jpg 140w\" sizes=\"auto, (max-width: 1496px) 100vw, 1496px\" \/><figcaption class=\"wp-element-caption\"><em>Corguinho \"Castle of Montalegre\"  wooden magnet. Find out where to buy\u00a0<\/em><a href=\"https:\/\/terracallaeci.pt\/en\/corguinho\/\">here.<\/a><\/figcaption><\/figure>\n\n\n\n<div style=\"height:15px\" aria-hidden=\"true\" class=\"wp-block-spacer\"><\/div>\n\n\n\n<p><span style=\"font-size: 14pt;\">Free entry. Check the opening hours of the museological centre inside the castle <a href=\"https:\/\/www.cm-montalegre.pt\/pages\/825?poi_id=118\" target=\"_blank\" rel=\"noopener\">here.<\/a><\/span><\/p>\n\n\n\n<h2 class=\"wp-block-heading\">Contact<\/h2>\n\n\n\n<p><span style=\"font-size: 14pt;\">Tel.: (+351) 276 510 200<\/span><\/p>\n\n\n\n<h2 class=\"wp-block-heading\">Location<\/h2>\n\n\n\n<iframe src=\"https:\/\/www.google.com\/maps\/embed?pb=!1m18!1m12!1m3!1d1336.1329270213942!2d-7.791247916605497!3d41.825944558577575!2m3!1f0!2f0!3f0!3m2!1i1024!2i768!4f13.1!3m3!1m2!1s0xd2532b1851ada5d%3A0x9b3dc8203009f27a!2sCastelo%20de%20Montalegre!5e1!3m2!1spt-PT!2spt!4v1644678479505!5m2!1spt-PT!2spt\" width=\"800\" height=\"400\" style=\"border:0;\" allowfullscreen=\"\" loading=\"lazy\"><\/iframe>\n\n\n\n<div style=\"height:20px\" aria-hidden=\"true\" class=\"wp-block-spacer\"><\/div>\n\n\n<div id=\"altit-1513912980\"><div class=\"altit-adlabel\">PUB<\/div><div id=\"altit-1926512245\"><a href=\"https:\/\/terracallaeci.pt\/en\/corguinho\/\" target=\"_blank\" aria-label=\"CorguinhoII\"><img loading=\"lazy\" decoding=\"async\" src=\"https:\/\/terracallaeci.pt\/wp-content\/uploads\/2021\/08\/CorguinhoII.gif\" alt=\"\"  width=\"728\" height=\"130\"   \/><\/a><\/div><\/div>","protected":false},"excerpt":{"rendered":"<p>Mandado edificar no reinado de D. Afonso III, a sua constru\u00e7\u00e3o atravessou tamb\u00e9m os reinados de D. Dinis e de D. Afonso IV, sendo conclu\u00edda em 1331, de acordo com inscri\u00e7\u00e3o epigr\u00e1fica na base da Torre Sul. \u00c9 constitu\u00eddo por quatro imponentes torres de base quadrangular (a mais alta com 27 metros), interligadas por muralhas [&hellip;]<\/p>\n","protected":false},"author":6,"featured_media":39461,"comment_status":"closed","ping_status":"open","sticky":false,"template":"","format":"video","meta":{"footnotes":""},"categories":[7740,2],"tags":[7027,5837,5836],"class_list":{"0":"post-28620","1":"post","2":"type-post","3":"status-publish","4":"format-video","5":"has-post-thumbnail","7":"category-destaques","8":"category-patrimonio","9":"tag-barroso","10":"tag-castelo","11":"tag-montalegre","12":"post_format-post-format-video"},"_links":{"self":[{"href":"https:\/\/terracallaeci.pt\/en\/wp-json\/wp\/v2\/posts\/28620","targetHints":{"allow":["GET"]}}],"collection":[{"href":"https:\/\/terracallaeci.pt\/en\/wp-json\/wp\/v2\/posts"}],"about":[{"href":"https:\/\/terracallaeci.pt\/en\/wp-json\/wp\/v2\/types\/post"}],"author":[{"embeddable":true,"href":"https:\/\/terracallaeci.pt\/en\/wp-json\/wp\/v2\/users\/6"}],"replies":[{"embeddable":true,"href":"https:\/\/terracallaeci.pt\/en\/wp-json\/wp\/v2\/comments?post=28620"}],"version-history":[{"count":0,"href":"https:\/\/terracallaeci.pt\/en\/wp-json\/wp\/v2\/posts\/28620\/revisions"}],"wp:featuredmedia":[{"embeddable":true,"href":"https:\/\/terracallaeci.pt\/en\/wp-json\/wp\/v2\/media\/39461"}],"wp:attachment":[{"href":"https:\/\/terracallaeci.pt\/en\/wp-json\/wp\/v2\/media?parent=28620"}],"wp:term":[{"taxonomy":"category","embeddable":true,"href":"https:\/\/terracallaeci.pt\/en\/wp-json\/wp\/v2\/categories?post=28620"},{"taxonomy":"post_tag","embeddable":true,"href":"https:\/\/terracallaeci.pt\/en\/wp-json\/wp\/v2\/tags?post=28620"}],"curies":[{"name":"wp","href":"https:\/\/api.w.org\/{rel}","templated":true}]}}