{"id":2603,"date":"2017-02-18T21:38:31","date_gmt":"2017-02-18T21:38:31","guid":{"rendered":"https:\/\/altitudeboticas.pt\/?p=2603"},"modified":"2025-05-26T15:18:33","modified_gmt":"2025-05-26T14:18:33","slug":"boticas-parque","status":"publish","type":"post","link":"https:\/\/terracallaeci.pt\/en\/2017\/02\/boticas-parque\/","title":{"rendered":"Boticas Parque"},"content":{"rendered":"<p><span style=\"font-size: 14pt;\">Covering some 60 hectares, Boticas Parque - Nature and Biodiversity associates biodiversity and nature with knowledge and innovation, presenting itself as an important active nucleus in the promotion of environmental preservation, in close articulation with visitors.\u00a0<\/span><\/p>\n<blockquote>\n<p>BOTICAS PARQUE IS THE MOST VISITED PLACE IN THE MUNICIPALITY OF BOTICAS.<\/p>\n<\/blockquote>\n<p><span style=\"font-size: 14pt;\">The park area is preserved, ensuring its natural and landscape value, with special care taken to protect habitats of conservation importance.<\/span><\/p>\n\r\n                <style type=\"text\/css\">\r\n                    \r\n                    #tdi_1  .td-doubleSlider-2 .td-item1 {\r\n                        background: url(https:\/\/terracallaeci.pt\/wp-content\/uploads\/2017\/02\/DJI_0605-80x60.jpg) 0 0 no-repeat;\r\n                    }\r\n                    #tdi_1  .td-doubleSlider-2 .td-item2 {\r\n                        background: url(https:\/\/terracallaeci.pt\/wp-content\/uploads\/2017\/02\/IMG_1301-80x60.jpg) 0 0 no-repeat;\r\n                    }\r\n                    #tdi_1  .td-doubleSlider-2 .td-item3 {\r\n                        background: url(https:\/\/terracallaeci.pt\/wp-content\/uploads\/2017\/02\/IMG_1293-80x60.jpg) 0 0 no-repeat;\r\n                    }\r\n                    #tdi_1  .td-doubleSlider-2 .td-item4 {\r\n                        background: url(https:\/\/terracallaeci.pt\/wp-content\/uploads\/2017\/02\/DJI_0611-80x60.jpg) 0 0 no-repeat;\r\n                    }\r\n                    #tdi_1  .td-doubleSlider-2 .td-item5 {\r\n                        background: url(https:\/\/terracallaeci.pt\/wp-content\/uploads\/2017\/02\/DJI_0575-80x60.jpg) 0 0 no-repeat;\r\n                    }\r\n                <\/style>\r\n\r\n                <div id=\"tdi_1\" class=\"td-gallery td-slide-on-2-columns\">\r\n                    <div class=\"post_td_gallery\">\r\n                        <div class=\"td-gallery-slide-top\">\r\n                           <div class=\"td-gallery-title\">Photos TR\/TC<\/div>\r\n\r\n                            <div class=\"td-gallery-controls-wrapper\">\r\n                                <div class=\"td-gallery-slide-count\"><span class=\"td-gallery-slide-item-focus\">1<\/span> de 5<\/div>\r\n                                <div class=\"td-gallery-slide-prev-next-but\">\r\n                                    <i class = \"td-icon-left doubleSliderPrevButton\"><\/i>\r\n                                    <i class = \"td-icon-right doubleSliderNextButton\"><\/i>\r\n                                <\/div>\r\n                            <\/div>\r\n                        <\/div>\r\n\r\n                        <div class = \"td-doubleSlider-1\">\r\n                            <div class = \"td-slider\">\r\n                                \r\n                    <div class = \"td-slide-item td-item1\">\r\n                        <figure class=\"td-slide-galery-figure td-slide-popup-gallery\">\r\n                            <a class=\"slide-gallery-image-link\" href=\"https:\/\/terracallaeci.pt\/wp-content\/uploads\/2017\/02\/DJI_0605.jpg\" title=\"DJI_0605\"  data-caption=\"\"  data-description=\"\">\r\n                                <img decoding=\"async\" src=\"https:\/\/terracallaeci.pt\/wp-content\/uploads\/2017\/02\/DJI_0605-560x420.jpg\" srcset=\"https:\/\/terracallaeci.pt\/wp-content\/uploads\/2017\/02\/DJI_0605-560x420.jpg 560w, https:\/\/terracallaeci.pt\/wp-content\/uploads\/2017\/02\/DJI_0605-300x225.jpg 300w, https:\/\/terracallaeci.pt\/wp-content\/uploads\/2017\/02\/DJI_0605-1024x768.jpg 1024w, https:\/\/terracallaeci.pt\/wp-content\/uploads\/2017\/02\/DJI_0605-768x576.jpg 768w, https:\/\/terracallaeci.pt\/wp-content\/uploads\/2017\/02\/DJI_0605-1536x1152.jpg 1536w, https:\/\/terracallaeci.pt\/wp-content\/uploads\/2017\/02\/DJI_0605-16x12.jpg 16w, https:\/\/terracallaeci.pt\/wp-content\/uploads\/2017\/02\/DJI_0605-150x113.jpg 150w, https:\/\/terracallaeci.pt\/wp-content\/uploads\/2017\/02\/DJI_0605-696x522.jpg 696w, https:\/\/terracallaeci.pt\/wp-content\/uploads\/2017\/02\/DJI_0605-1068x801.jpg 1068w, https:\/\/terracallaeci.pt\/wp-content\/uploads\/2017\/02\/DJI_0605-1920x1440.jpg 1920w, https:\/\/terracallaeci.pt\/wp-content\/uploads\/2017\/02\/DJI_0605-80x60.jpg 80w, https:\/\/terracallaeci.pt\/wp-content\/uploads\/2017\/02\/DJI_0605-265x198.jpg 265w, https:\/\/terracallaeci.pt\/wp-content\/uploads\/2017\/02\/DJI_0605.jpg 2000w\" sizes=\"(max-width: 560px) 100vw, 560px\" alt=\"\">\r\n                            <\/a>\r\n                            \r\n                        <\/figure>\r\n                    <\/div>\r\n                    <div class = \"td-slide-item td-item2\">\r\n                        <figure class=\"td-slide-galery-figure td-slide-popup-gallery\">\r\n                            <a class=\"slide-gallery-image-link\" href=\"https:\/\/terracallaeci.pt\/wp-content\/uploads\/2017\/02\/IMG_1301.jpg\" title=\"IMG_1301\"  data-caption=\"\"  data-description=\"\">\r\n                                <img decoding=\"async\" src=\"https:\/\/terracallaeci.pt\/wp-content\/uploads\/2017\/02\/IMG_1301-560x420.jpg\" srcset=\"https:\/\/terracallaeci.pt\/wp-content\/uploads\/2017\/02\/IMG_1301-560x420.jpg 560w, https:\/\/terracallaeci.pt\/wp-content\/uploads\/2017\/02\/IMG_1301-300x225.jpg 300w, https:\/\/terracallaeci.pt\/wp-content\/uploads\/2017\/02\/IMG_1301-1024x768.jpg 1024w, https:\/\/terracallaeci.pt\/wp-content\/uploads\/2017\/02\/IMG_1301-768x576.jpg 768w, https:\/\/terracallaeci.pt\/wp-content\/uploads\/2017\/02\/IMG_1301-1536x1152.jpg 1536w, https:\/\/terracallaeci.pt\/wp-content\/uploads\/2017\/02\/IMG_1301-16x12.jpg 16w, https:\/\/terracallaeci.pt\/wp-content\/uploads\/2017\/02\/IMG_1301-150x113.jpg 150w, https:\/\/terracallaeci.pt\/wp-content\/uploads\/2017\/02\/IMG_1301-696x522.jpg 696w, https:\/\/terracallaeci.pt\/wp-content\/uploads\/2017\/02\/IMG_1301-1068x801.jpg 1068w, https:\/\/terracallaeci.pt\/wp-content\/uploads\/2017\/02\/IMG_1301-1920x1440.jpg 1920w, https:\/\/terracallaeci.pt\/wp-content\/uploads\/2017\/02\/IMG_1301-80x60.jpg 80w, https:\/\/terracallaeci.pt\/wp-content\/uploads\/2017\/02\/IMG_1301-265x198.jpg 265w, https:\/\/terracallaeci.pt\/wp-content\/uploads\/2017\/02\/IMG_1301.jpg 2000w\" sizes=\"(max-width: 560px) 100vw, 560px\" alt=\"\">\r\n                            <\/a>\r\n                            \r\n                        <\/figure>\r\n                    <\/div>\r\n                    <div class = \"td-slide-item td-item3\">\r\n                        <figure class=\"td-slide-galery-figure td-slide-popup-gallery\">\r\n                            <a class=\"slide-gallery-image-link\" href=\"https:\/\/terracallaeci.pt\/wp-content\/uploads\/2017\/02\/IMG_1293.jpg\" title=\"IMG_1293\"  data-caption=\"\"  data-description=\"\">\r\n                                <img decoding=\"async\" src=\"https:\/\/terracallaeci.pt\/wp-content\/uploads\/2017\/02\/IMG_1293-560x420.jpg\" srcset=\"https:\/\/terracallaeci.pt\/wp-content\/uploads\/2017\/02\/IMG_1293-560x420.jpg 560w, https:\/\/terracallaeci.pt\/wp-content\/uploads\/2017\/02\/IMG_1293-300x225.jpg 300w, https:\/\/terracallaeci.pt\/wp-content\/uploads\/2017\/02\/IMG_1293-1024x768.jpg 1024w, https:\/\/terracallaeci.pt\/wp-content\/uploads\/2017\/02\/IMG_1293-768x576.jpg 768w, https:\/\/terracallaeci.pt\/wp-content\/uploads\/2017\/02\/IMG_1293-1536x1152.jpg 1536w, https:\/\/terracallaeci.pt\/wp-content\/uploads\/2017\/02\/IMG_1293-16x12.jpg 16w, https:\/\/terracallaeci.pt\/wp-content\/uploads\/2017\/02\/IMG_1293-150x113.jpg 150w, https:\/\/terracallaeci.pt\/wp-content\/uploads\/2017\/02\/IMG_1293-696x522.jpg 696w, https:\/\/terracallaeci.pt\/wp-content\/uploads\/2017\/02\/IMG_1293-1068x801.jpg 1068w, https:\/\/terracallaeci.pt\/wp-content\/uploads\/2017\/02\/IMG_1293-1920x1440.jpg 1920w, https:\/\/terracallaeci.pt\/wp-content\/uploads\/2017\/02\/IMG_1293-80x60.jpg 80w, https:\/\/terracallaeci.pt\/wp-content\/uploads\/2017\/02\/IMG_1293-265x198.jpg 265w, https:\/\/terracallaeci.pt\/wp-content\/uploads\/2017\/02\/IMG_1293.jpg 2000w\" sizes=\"(max-width: 560px) 100vw, 560px\" alt=\"\">\r\n                            <\/a>\r\n                            \r\n                        <\/figure>\r\n                    <\/div>\r\n                    <div class = \"td-slide-item td-item4\">\r\n                        <figure class=\"td-slide-galery-figure td-slide-popup-gallery\">\r\n                            <a class=\"slide-gallery-image-link\" href=\"https:\/\/terracallaeci.pt\/wp-content\/uploads\/2017\/02\/DJI_0611.jpg\" title=\"DJI_0611\"  data-caption=\"Ponte Pedrinha. Foto TR\/TC\"  data-description=\"\">\r\n                                <img decoding=\"async\" src=\"https:\/\/terracallaeci.pt\/wp-content\/uploads\/2017\/02\/DJI_0611-560x420.jpg\" srcset=\"https:\/\/terracallaeci.pt\/wp-content\/uploads\/2017\/02\/DJI_0611-560x420.jpg 560w, https:\/\/terracallaeci.pt\/wp-content\/uploads\/2017\/02\/DJI_0611-300x225.jpg 300w, https:\/\/terracallaeci.pt\/wp-content\/uploads\/2017\/02\/DJI_0611-1024x768.jpg 1024w, https:\/\/terracallaeci.pt\/wp-content\/uploads\/2017\/02\/DJI_0611-768x576.jpg 768w, https:\/\/terracallaeci.pt\/wp-content\/uploads\/2017\/02\/DJI_0611-1536x1152.jpg 1536w, https:\/\/terracallaeci.pt\/wp-content\/uploads\/2017\/02\/DJI_0611-16x12.jpg 16w, https:\/\/terracallaeci.pt\/wp-content\/uploads\/2017\/02\/DJI_0611-150x113.jpg 150w, https:\/\/terracallaeci.pt\/wp-content\/uploads\/2017\/02\/DJI_0611-696x522.jpg 696w, https:\/\/terracallaeci.pt\/wp-content\/uploads\/2017\/02\/DJI_0611-1068x801.jpg 1068w, https:\/\/terracallaeci.pt\/wp-content\/uploads\/2017\/02\/DJI_0611-1920x1440.jpg 1920w, https:\/\/terracallaeci.pt\/wp-content\/uploads\/2017\/02\/DJI_0611-80x60.jpg 80w, https:\/\/terracallaeci.pt\/wp-content\/uploads\/2017\/02\/DJI_0611-265x198.jpg 265w, https:\/\/terracallaeci.pt\/wp-content\/uploads\/2017\/02\/DJI_0611.jpg 2000w\" sizes=\"(max-width: 560px) 100vw, 560px\" alt=\"\">\r\n                            <\/a>\r\n                            <figcaption class = \"td-slide-caption td-gallery-slide-content\"><div class = \"td-gallery-slide-copywrite\">Pedrinha bridge. Photo TR\/TC<\/div><\/figcaption>\r\n                        <\/figure>\r\n                    <\/div>\r\n                    <div class = \"td-slide-item td-item5\">\r\n                        <figure class=\"td-slide-galery-figure td-slide-popup-gallery\">\r\n                            <a class=\"slide-gallery-image-link\" href=\"https:\/\/terracallaeci.pt\/wp-content\/uploads\/2017\/02\/DJI_0575.jpg\" title=\"DJI_0575\"  data-caption=\"\"  data-description=\"\">\r\n                                <img decoding=\"async\" src=\"https:\/\/terracallaeci.pt\/wp-content\/uploads\/2017\/02\/DJI_0575-560x420.jpg\" srcset=\"https:\/\/terracallaeci.pt\/wp-content\/uploads\/2017\/02\/DJI_0575-560x420.jpg 560w, https:\/\/terracallaeci.pt\/wp-content\/uploads\/2017\/02\/DJI_0575-300x225.jpg 300w, https:\/\/terracallaeci.pt\/wp-content\/uploads\/2017\/02\/DJI_0575-1024x768.jpg 1024w, https:\/\/terracallaeci.pt\/wp-content\/uploads\/2017\/02\/DJI_0575-768x576.jpg 768w, https:\/\/terracallaeci.pt\/wp-content\/uploads\/2017\/02\/DJI_0575-1536x1152.jpg 1536w, https:\/\/terracallaeci.pt\/wp-content\/uploads\/2017\/02\/DJI_0575-16x12.jpg 16w, https:\/\/terracallaeci.pt\/wp-content\/uploads\/2017\/02\/DJI_0575-150x113.jpg 150w, https:\/\/terracallaeci.pt\/wp-content\/uploads\/2017\/02\/DJI_0575-696x522.jpg 696w, https:\/\/terracallaeci.pt\/wp-content\/uploads\/2017\/02\/DJI_0575-1068x801.jpg 1068w, https:\/\/terracallaeci.pt\/wp-content\/uploads\/2017\/02\/DJI_0575-1920x1440.jpg 1920w, https:\/\/terracallaeci.pt\/wp-content\/uploads\/2017\/02\/DJI_0575-80x60.jpg 80w, https:\/\/terracallaeci.pt\/wp-content\/uploads\/2017\/02\/DJI_0575-265x198.jpg 265w, https:\/\/terracallaeci.pt\/wp-content\/uploads\/2017\/02\/DJI_0575.jpg 2000w\" sizes=\"(max-width: 560px) 100vw, 560px\" alt=\"\">\r\n                            <\/a>\r\n                            \r\n                        <\/figure>\r\n                    <\/div>\r\n                            <\/div>\r\n                        <\/div>\r\n\r\n                        <div class = \"td-doubleSlider-2\">\r\n                            <div class = \"td-slider\">\r\n                                \r\n                    <div class = \"td-button td-item1\">\r\n                        <div class = \"td-border\"><\/div>\r\n                    <\/div>\r\n                    <div class = \"td-button td-item2\">\r\n                        <div class = \"td-border\"><\/div>\r\n                    <\/div>\r\n                    <div class = \"td-button td-item3\">\r\n                        <div class = \"td-border\"><\/div>\r\n                    <\/div>\r\n                    <div class = \"td-button td-item4\">\r\n                        <div class = \"td-border\"><\/div>\r\n                    <\/div>\r\n                    <div class = \"td-button td-item5\">\r\n                        <div class = \"td-border\"><\/div>\r\n                    <\/div>\r\n                            <\/div>\r\n                        <\/div>\r\n\r\n                    <\/div>\r\n\r\n                <\/div>\r\n                \n<p><span style=\"font-size: 14pt;\">In the park there are infrastructures and equipment to support the direct management of habitats and species, as well as for visiting the area, with the aim of raising visitors' awareness of the conservation and enhancement of natural heritage, with the consequent maintenance of biodiversity.<\/span><\/p>\n<p><span style=\"font-size: 14pt;\">Learn about the services and activities developed by the park <a href=\"https:\/\/www.boticasparque.com\/servicos\/\" target=\"_blank\" rel=\"noopener\">here.<\/a><\/span><\/p>\n<p><span style=\"font-size: 14pt;\"><a href=\"http:\/\/www.boticasparque.pt\" target=\"_blank\" rel=\"noopener noreferrer\">www.boticasparque.pt<\/a><\/span><\/p>\n<h2>Location<\/h2>\n\n\n<iframe src=\"https:\/\/www.google.com\/maps\/embed?pb=!1m18!1m12!1m3!1d1526.9067683542535!2d-7.7150806258441715!3d41.680629204740406!2m3!1f0!2f0!3f0!3m2!1i1024!2i768!4f13.1!3m3!1m2!1s0xd3ad5c20479992b%3A0x9a03371a5d3964d4!2sBoticas%20Parque%20%E2%80%93%20Natureza%20e%20Biodiversidade!5e1!3m2!1spt-PT!2spt!4v1644673009271!5m2!1spt-PT!2spt\" width=\"800\" height=\"400\" style=\"border:0;\" allowfullscreen=\"\" loading=\"lazy\"><\/iframe>\n\n\n\n<div style=\"height:20px\" aria-hidden=\"true\" class=\"wp-block-spacer\"><\/div>\n\n\n<div id=\"altit-4172779114\"><div class=\"altit-adlabel\">PUB<\/div><div id=\"altit-1643547019\"><a href=\"https:\/\/terracallaeci.pt\/en\/corguinho\/\" target=\"_blank\" aria-label=\"CorguinhoII\"><img loading=\"lazy\" decoding=\"async\" src=\"https:\/\/terracallaeci.pt\/wp-content\/uploads\/2021\/08\/CorguinhoII.gif\" alt=\"\"  width=\"728\" height=\"130\"   \/><\/a><\/div><\/div>","protected":false},"excerpt":{"rendered":"<p>Com cerca de 60 hectares, o Boticas Parque &#8211; Natureza e Biodiversidade associa biodiversidade e natureza com conhecimento e inova\u00e7\u00e3o, apresentando-se como um importante n\u00facleo ativo na promo\u00e7\u00e3o da preserva\u00e7\u00e3o do meio ambiente, em estreita articula\u00e7\u00e3o com os visitantes.\u00a0 O BOTICAS PARQUE \u00c9 O LOCAL MAIS VISITADO NO CONCELHO DE BOTICAS. A \u00e1rea do parque [&hellip;]<\/p>\n","protected":false},"author":6,"featured_media":39443,"comment_status":"closed","ping_status":"open","sticky":false,"template":"","format":"video","meta":{"footnotes":""},"categories":[16,7740,4],"tags":[7027,5096,3833],"class_list":{"0":"post-2603","1":"post","2":"type-post","3":"status-publish","4":"format-video","5":"has-post-thumbnail","7":"category-desporto","8":"category-destaques","9":"category-nature","10":"tag-barroso","11":"tag-boticas","12":"tag-boticas-parque","13":"post_format-post-format-video"},"_links":{"self":[{"href":"https:\/\/terracallaeci.pt\/en\/wp-json\/wp\/v2\/posts\/2603","targetHints":{"allow":["GET"]}}],"collection":[{"href":"https:\/\/terracallaeci.pt\/en\/wp-json\/wp\/v2\/posts"}],"about":[{"href":"https:\/\/terracallaeci.pt\/en\/wp-json\/wp\/v2\/types\/post"}],"author":[{"embeddable":true,"href":"https:\/\/terracallaeci.pt\/en\/wp-json\/wp\/v2\/users\/6"}],"replies":[{"embeddable":true,"href":"https:\/\/terracallaeci.pt\/en\/wp-json\/wp\/v2\/comments?post=2603"}],"version-history":[{"count":0,"href":"https:\/\/terracallaeci.pt\/en\/wp-json\/wp\/v2\/posts\/2603\/revisions"}],"wp:featuredmedia":[{"embeddable":true,"href":"https:\/\/terracallaeci.pt\/en\/wp-json\/wp\/v2\/media\/39443"}],"wp:attachment":[{"href":"https:\/\/terracallaeci.pt\/en\/wp-json\/wp\/v2\/media?parent=2603"}],"wp:term":[{"taxonomy":"category","embeddable":true,"href":"https:\/\/terracallaeci.pt\/en\/wp-json\/wp\/v2\/categories?post=2603"},{"taxonomy":"post_tag","embeddable":true,"href":"https:\/\/terracallaeci.pt\/en\/wp-json\/wp\/v2\/tags?post=2603"}],"curies":[{"name":"wp","href":"https:\/\/api.w.org\/{rel}","templated":true}]}}