{"id":2257,"date":"2017-02-17T13:26:41","date_gmt":"2017-02-17T13:26:41","guid":{"rendered":"https:\/\/altitudeboticas.pt\/?p=2257"},"modified":"2025-05-26T15:25:41","modified_gmt":"2025-05-26T14:25:41","slug":"igreja-covas","status":"publish","type":"post","link":"https:\/\/terracallaeci.pt\/en\/2017\/02\/igreja-covas\/","title":{"rendered":"Church of Santa Maria de Covas"},"content":{"rendered":"<p><span style=\"font-size: 14pt;\">Implanted near the village of Covas do Barroso, in the steep half slope that dominates the final part of the valley of the River Covas, the church of Santa Maria de Covas is the most remarkable example of religious architecture of Romanesque-Gothic style of the Barroso region, dating from the fourteenth century.<\/span><\/p>\n\n\n\n<p><\/p>\n\n\n\n<figure class=\"wp-block-image size-large\"><img loading=\"lazy\" decoding=\"async\" width=\"1024\" height=\"682\" src=\"http:\/\/terracallaeci.pt\/wp-content\/uploads\/2019\/06\/20181013_161242-1024x682.jpg\" alt=\"\" class=\"wp-image-24790\" srcset=\"https:\/\/terracallaeci.pt\/wp-content\/uploads\/2019\/06\/20181013_161242-1024x682.jpg 1024w, https:\/\/terracallaeci.pt\/wp-content\/uploads\/2019\/06\/20181013_161242-300x200.jpg 300w, https:\/\/terracallaeci.pt\/wp-content\/uploads\/2019\/06\/20181013_161242-768x512.jpg 768w, https:\/\/terracallaeci.pt\/wp-content\/uploads\/2019\/06\/20181013_161242-1536x1024.jpg 1536w, https:\/\/terracallaeci.pt\/wp-content\/uploads\/2019\/06\/20181013_161242-150x100.jpg 150w, https:\/\/terracallaeci.pt\/wp-content\/uploads\/2019\/06\/20181013_161242-696x464.jpg 696w, https:\/\/terracallaeci.pt\/wp-content\/uploads\/2019\/06\/20181013_161242-1068x712.jpg 1068w, https:\/\/terracallaeci.pt\/wp-content\/uploads\/2019\/06\/20181013_161242-1920x1280.jpg 1920w, https:\/\/terracallaeci.pt\/wp-content\/uploads\/2019\/06\/20181013_161242-630x420.jpg 630w, https:\/\/terracallaeci.pt\/wp-content\/uploads\/2019\/06\/20181013_161242.jpg 2000w\" sizes=\"auto, (max-width: 1024px) 100vw, 1024px\" \/><figcaption class=\"wp-element-caption\">Tomb of Afonso Anes de Barroso, dated 1459. Photo TR\/TC<\/figcaption><\/figure>\n\n\n\n<blockquote class=\"wp-block-quote is-layout-flow wp-block-quote-is-layout-flow\">\n<p>is the most remarkable example of the Romanesque-Gothic religious architecture of the Barroso region.<\/p>\n<\/blockquote>\n\n\n\n<p><span style=\"font-size: 14pt;\">With an austere exterior, with powerful granite faces, which at the head of the church frame a beautifully decorated frieze, the church of Santa Maria de Covas has a stunning decoration of mural paintings and the tomb with a lying statue of Afonso Anes de Barroso, dated 1459. It is classified as Property of Public Interest.<\/span><\/p>\n\n\n\n<figure class=\"wp-block-image size-large\"><img loading=\"lazy\" decoding=\"async\" width=\"1024\" height=\"682\" src=\"http:\/\/terracallaeci.pt\/wp-content\/uploads\/2017\/02\/SAM_4576-1024x682.jpg\" alt=\"\" class=\"wp-image-26725\" srcset=\"https:\/\/terracallaeci.pt\/wp-content\/uploads\/2017\/02\/SAM_4576-1024x682.jpg 1024w, https:\/\/terracallaeci.pt\/wp-content\/uploads\/2017\/02\/SAM_4576-300x200.jpg 300w, https:\/\/terracallaeci.pt\/wp-content\/uploads\/2017\/02\/SAM_4576-768x512.jpg 768w, https:\/\/terracallaeci.pt\/wp-content\/uploads\/2017\/02\/SAM_4576-1536x1024.jpg 1536w, https:\/\/terracallaeci.pt\/wp-content\/uploads\/2017\/02\/SAM_4576-150x100.jpg 150w, https:\/\/terracallaeci.pt\/wp-content\/uploads\/2017\/02\/SAM_4576-696x464.jpg 696w, https:\/\/terracallaeci.pt\/wp-content\/uploads\/2017\/02\/SAM_4576-1068x712.jpg 1068w, https:\/\/terracallaeci.pt\/wp-content\/uploads\/2017\/02\/SAM_4576-1920x1280.jpg 1920w, https:\/\/terracallaeci.pt\/wp-content\/uploads\/2017\/02\/SAM_4576-630x420.jpg 630w, https:\/\/terracallaeci.pt\/wp-content\/uploads\/2017\/02\/SAM_4576.jpg 2000w\" sizes=\"auto, (max-width: 1024px) 100vw, 1024px\" \/><figcaption class=\"wp-element-caption\"><em>Facade of the church of Santa Maria de Covas. Photo TR\/TC<\/em><\/figcaption><\/figure>\n\n\n\n<p><span style=\"font-size: 14pt;\">Book group visits by telephone (+351) 276 410 200<\/span><\/p>\n\n\n\n<div style=\"height:15px\" aria-hidden=\"true\" class=\"wp-block-spacer\"><\/div>\n\n\n\n<p class=\"has-text-align-center\" style=\"margin-bottom:-1px\">PUB<\/p>\n\n\n\n<figure class=\"wp-block-image size-full is-resized\"><img loading=\"lazy\" decoding=\"async\" width=\"1496\" height=\"1500\" src=\"http:\/\/terracallaeci.pt\/wp-content\/uploads\/2018\/03\/Anjo-Barroco.jpg\" alt=\"\" class=\"wp-image-39966\" srcset=\"https:\/\/terracallaeci.pt\/wp-content\/uploads\/2018\/03\/Anjo-Barroco.jpg 1496w, https:\/\/terracallaeci.pt\/wp-content\/uploads\/2018\/03\/Anjo-Barroco-300x301.jpg 300w, https:\/\/terracallaeci.pt\/wp-content\/uploads\/2018\/03\/Anjo-Barroco-1021x1024.jpg 1021w, https:\/\/terracallaeci.pt\/wp-content\/uploads\/2018\/03\/Anjo-Barroco-150x150.jpg 150w, https:\/\/terracallaeci.pt\/wp-content\/uploads\/2018\/03\/Anjo-Barroco-768x770.jpg 768w, https:\/\/terracallaeci.pt\/wp-content\/uploads\/2018\/03\/Anjo-Barroco-12x12.jpg 12w, https:\/\/terracallaeci.pt\/wp-content\/uploads\/2018\/03\/Anjo-Barroco-419x420.jpg 419w, https:\/\/terracallaeci.pt\/wp-content\/uploads\/2018\/03\/Anjo-Barroco-696x698.jpg 696w, https:\/\/terracallaeci.pt\/wp-content\/uploads\/2018\/03\/Anjo-Barroco-1068x1071.jpg 1068w, https:\/\/terracallaeci.pt\/wp-content\/uploads\/2018\/03\/Anjo-Barroco-70x70.jpg 70w, https:\/\/terracallaeci.pt\/wp-content\/uploads\/2018\/03\/Anjo-Barroco-140x140.jpg 140w\" sizes=\"auto, (max-width: 1496px) 100vw, 1496px\" \/><figcaption class=\"wp-element-caption\"><em>Corguinho \"Angel\" wooden magnet. Find out where to buy&nbsp;<\/em><a href=\"https:\/\/terracallaeci.pt\/en\/corguinho\/\">here.<\/a><\/figcaption><\/figure>\n\n\n\n<div style=\"height:15px\" aria-hidden=\"true\" class=\"wp-block-spacer\"><\/div>\n\n\n\n<h2 class=\"wp-block-heading\">Location<\/h2>\n\n\n\n<iframe src=\"https:\/\/www.google.com\/maps\/embed?pb=!1m18!1m12!1m3!1d895.1185441188558!2d-7.786095387684632!3d41.63206295534534!2m3!1f0!2f0!3f0!3m2!1i1024!2i768!4f13.1!3m3!1m2!1s0xd24d5acf461397d%3A0x122b804c8a261ec4!2sIgreja%20de%20Santa%20Maria!5e1!3m2!1spt-PT!2spt!4v1644665696466!5m2!1spt-PT!2spt\" style=\"border:0;\" allowfullscreen=\"\" loading=\"lazy\" width=\"800\" height=\"400\"><\/iframe>\n\n\n\n<div style=\"height:20px\" aria-hidden=\"true\" class=\"wp-block-spacer\"><\/div>\n\n\n\n<p class=\"has-text-color\" style=\"color:#aaaaaa\"><\/p>\n\n\n<div id=\"altit-2723613989\"><div class=\"altit-adlabel\">PUB<\/div><div id=\"altit-3119448546\"><a href=\"https:\/\/terracallaeci.pt\/en\/corguinho\/\" target=\"_blank\" aria-label=\"CorguinhoII\"><img loading=\"lazy\" decoding=\"async\" src=\"https:\/\/terracallaeci.pt\/wp-content\/uploads\/2021\/08\/CorguinhoII.gif\" alt=\"\"  width=\"728\" height=\"130\"   \/><\/a><\/div><\/div>","protected":false},"excerpt":{"rendered":"<p>Implantada nas proximidades da aldeia de Covas do Barroso, na meia vertente declivosa que domina a parte final do encaixado vale do rio Covas, a igreja de Santa Maria de Covas \u00e9 o mais not\u00e1vel exemplar da arquitetura religiosa de estilo rom\u00e2nico-g\u00f3tico da regi\u00e3o do Barroso, dat\u00e1vel do s\u00e9culo XIV. \u00e9 o mais not\u00e1vel exemplar [&hellip;]<\/p>\n","protected":false},"author":6,"featured_media":39790,"comment_status":"closed","ping_status":"open","sticky":false,"template":"","format":"gallery","meta":{"footnotes":""},"categories":[2],"tags":[4149,7027,5096,3834,5727],"class_list":{"0":"post-2257","1":"post","2":"type-post","3":"status-publish","4":"format-gallery","5":"has-post-thumbnail","7":"category-patrimonio","8":"tag-aldeias","9":"tag-barroso","10":"tag-boticas","11":"tag-covas-do-barroso","12":"tag-igrejas","13":"post_format-post-format-gallery"},"_links":{"self":[{"href":"https:\/\/terracallaeci.pt\/en\/wp-json\/wp\/v2\/posts\/2257","targetHints":{"allow":["GET"]}}],"collection":[{"href":"https:\/\/terracallaeci.pt\/en\/wp-json\/wp\/v2\/posts"}],"about":[{"href":"https:\/\/terracallaeci.pt\/en\/wp-json\/wp\/v2\/types\/post"}],"author":[{"embeddable":true,"href":"https:\/\/terracallaeci.pt\/en\/wp-json\/wp\/v2\/users\/6"}],"replies":[{"embeddable":true,"href":"https:\/\/terracallaeci.pt\/en\/wp-json\/wp\/v2\/comments?post=2257"}],"version-history":[{"count":0,"href":"https:\/\/terracallaeci.pt\/en\/wp-json\/wp\/v2\/posts\/2257\/revisions"}],"wp:featuredmedia":[{"embeddable":true,"href":"https:\/\/terracallaeci.pt\/en\/wp-json\/wp\/v2\/media\/39790"}],"wp:attachment":[{"href":"https:\/\/terracallaeci.pt\/en\/wp-json\/wp\/v2\/media?parent=2257"}],"wp:term":[{"taxonomy":"category","embeddable":true,"href":"https:\/\/terracallaeci.pt\/en\/wp-json\/wp\/v2\/categories?post=2257"},{"taxonomy":"post_tag","embeddable":true,"href":"https:\/\/terracallaeci.pt\/en\/wp-json\/wp\/v2\/tags?post=2257"}],"curies":[{"name":"wp","href":"https:\/\/api.w.org\/{rel}","templated":true}]}}