{"id":2221,"date":"2017-02-17T11:02:05","date_gmt":"2017-02-17T11:02:05","guid":{"rendered":"https:\/\/altitudeboticas.pt\/?p=2221"},"modified":"2025-03-07T15:54:30","modified_gmt":"2025-03-07T15:54:30","slug":"cediec","status":"publish","type":"post","link":"https:\/\/terracallaeci.pt\/en\/2017\/02\/cediec\/","title":{"rendered":"European Centre for Documentation and Interpretation of Castro Sculpture (CEDIEC)"},"content":{"rendered":"<p style=\"font-size:18px\">The<span style=\"font-size: 14pt;\"> European Centre for the Documentation and Interpretation of Castro Sculpture (CEDIEC) aims to promote archaeological excavation and research at selected sites, with special emphasis on the <a href=\"https:\/\/terracallaeci.pt\/en\/2017\/02\/outeiro-lesenho\/\" target=\"_blank\" rel=\"noopener noreferrer\">Hillfort of Outeiro Lesenho,<\/a> and other similar ones which, articulated in a network, may clarify the essential parameters of the cultural development of the indigenous communities of the Western Iberian Peninsula. <\/span><\/p>\n\n\n\n<figure class=\"wp-block-image size-full is-resized\"><img loading=\"lazy\" decoding=\"async\" width=\"1600\" height=\"2000\" src=\"http:\/\/terracallaeci.pt\/wp-content\/uploads\/2017\/02\/SAM_3389.jpg\" alt=\"\" class=\"wp-image-39957\" style=\"width:1068px;height:auto\" srcset=\"https:\/\/terracallaeci.pt\/wp-content\/uploads\/2017\/02\/SAM_3389.jpg 1600w, https:\/\/terracallaeci.pt\/wp-content\/uploads\/2017\/02\/SAM_3389-240x300.jpg 240w, https:\/\/terracallaeci.pt\/wp-content\/uploads\/2017\/02\/SAM_3389-819x1024.jpg 819w, https:\/\/terracallaeci.pt\/wp-content\/uploads\/2017\/02\/SAM_3389-768x960.jpg 768w, https:\/\/terracallaeci.pt\/wp-content\/uploads\/2017\/02\/SAM_3389-1229x1536.jpg 1229w, https:\/\/terracallaeci.pt\/wp-content\/uploads\/2017\/02\/SAM_3389-10x12.jpg 10w, https:\/\/terracallaeci.pt\/wp-content\/uploads\/2017\/02\/SAM_3389-336x420.jpg 336w, https:\/\/terracallaeci.pt\/wp-content\/uploads\/2017\/02\/SAM_3389-150x188.jpg 150w, https:\/\/terracallaeci.pt\/wp-content\/uploads\/2017\/02\/SAM_3389-300x375.jpg 300w, https:\/\/terracallaeci.pt\/wp-content\/uploads\/2017\/02\/SAM_3389-696x870.jpg 696w, https:\/\/terracallaeci.pt\/wp-content\/uploads\/2017\/02\/SAM_3389-1068x1335.jpg 1068w\" sizes=\"auto, (max-width: 1600px) 100vw, 1600px\" \/><figcaption class=\"wp-element-caption\">CEDIEC. Photo TR\/TC<\/figcaption><\/figure>\n\n\n\n<blockquote class=\"wp-block-quote is-layout-flow wp-block-quote-is-layout-flow\">\n<p>The Centre aims to promote archaeological excavation and research work.<\/p>\n<\/blockquote>\n\n\n\n<p style=\"font-size:18px\">The centre's permanent exhibition includes replicas of the four statues of Castro warriors found in the hillfort of Outeiro Lesenho, the originals of which are in the National Archaeological Museum in Lisbon. Free entry.<\/p>\n\n\n\n<div style=\"height:15px\" aria-hidden=\"true\" class=\"wp-block-spacer\"><\/div>\n\n\n\n<p class=\"has-text-align-center has-regular-font-size\" style=\"margin-bottom:-1px\">PUB<\/p>\n\n\n\n<figure class=\"wp-block-image size-full is-resized\"><img loading=\"lazy\" decoding=\"async\" width=\"1500\" height=\"1500\" src=\"https:\/\/terracallaeci.pt\/wp-content\/uploads\/2017\/02\/TC2.jpg\" alt=\"\" class=\"wp-image-39956\" style=\"width:1068px;height:auto\" srcset=\"https:\/\/terracallaeci.pt\/wp-content\/uploads\/2017\/02\/TC2.jpg 1500w, https:\/\/terracallaeci.pt\/wp-content\/uploads\/2017\/02\/TC2-300x300.jpg 300w, https:\/\/terracallaeci.pt\/wp-content\/uploads\/2017\/02\/TC2-1024x1024.jpg 1024w, https:\/\/terracallaeci.pt\/wp-content\/uploads\/2017\/02\/TC2-150x150.jpg 150w, https:\/\/terracallaeci.pt\/wp-content\/uploads\/2017\/02\/TC2-768x768.jpg 768w, https:\/\/terracallaeci.pt\/wp-content\/uploads\/2017\/02\/TC2-12x12.jpg 12w, https:\/\/terracallaeci.pt\/wp-content\/uploads\/2017\/02\/TC2-420x420.jpg 420w, https:\/\/terracallaeci.pt\/wp-content\/uploads\/2017\/02\/TC2-696x696.jpg 696w, https:\/\/terracallaeci.pt\/wp-content\/uploads\/2017\/02\/TC2-1068x1068.jpg 1068w, https:\/\/terracallaeci.pt\/wp-content\/uploads\/2017\/02\/TC2-70x70.jpg 70w, https:\/\/terracallaeci.pt\/wp-content\/uploads\/2017\/02\/TC2-140x140.jpg 140w\" sizes=\"auto, (max-width: 1500px) 100vw, 1500px\" \/><figcaption class=\"wp-element-caption\"><em>Corguinho \"Castro Warrior\" t-shirt. Find out where to buy&nbsp;<\/em><a href=\"https:\/\/terracallaeci.pt\/en\/corguinho\/\">here.<\/a><\/figcaption><\/figure>\n\n\n\n<div style=\"height:30px\" aria-hidden=\"true\" class=\"wp-block-spacer\"><\/div>\n\n\n\n<p style=\"font-size:18px\"><span style=\"font-size: 14pt;\">Check opening hours <a href=\"https:\/\/www.cm-boticas.pt\/conteudos\/default.php?id=80\" target=\"_blank\" rel=\"noopener\">here.<\/a><\/span><\/p>\n\n\n\n<h2 class=\"wp-block-heading\">Contact<\/h2>\n\n\n\n<p><span style=\"font-size: 14pt;\">Tel.: (+351) 276 410 200<\/span><br><span style=\"font-size: 14pt;\">Email: <a href=\"mailto:cediec@cm-boticas.pt\">cediec@cm-boticas.pt<\/a><\/span><\/p>\n\n\n\n<h2 class=\"wp-block-heading\">Location<\/h2>\n\n\n\n<p><span style=\"font-size: 14pt;\">Travessa das Eiras, Boticas<\/span><\/p>\n\n\n\n<iframe src=\"https:\/\/www.google.com\/maps\/embed?pb=!1m14!1m8!1m3!1d971.0878037309957!2d-7.6724088!3d41.6886587!3m2!1i1024!2i768!4f13.1!3m3!1m2!1s0xd3ad643e6bc28fb%3A0x263cf96e36b14a62!2sCEDIEC!5e1!3m2!1spt-PT!2spt!4v1644657908742!5m2!1spt-PT!2spt\" style=\"border:0;\" allowfullscreen=\"\" loading=\"lazy\" width=\"800\" height=\"400\"><\/iframe>\n\n\n\n<div style=\"height:20px\" aria-hidden=\"true\" class=\"wp-block-spacer\"><\/div>\n\n\n<div id=\"altit-2277995194\"><div class=\"altit-adlabel\">PUB<\/div><div id=\"altit-2837478074\"><a href=\"https:\/\/terracallaeci.pt\/en\/corguinho\/\" target=\"_blank\" aria-label=\"CorguinhoII\"><img loading=\"lazy\" decoding=\"async\" src=\"https:\/\/terracallaeci.pt\/wp-content\/uploads\/2021\/08\/CorguinhoII.gif\" alt=\"\"  width=\"728\" height=\"130\"   \/><\/a><\/div><\/div>","protected":false},"excerpt":{"rendered":"<p>O Centro Europeu de Documenta\u00e7\u00e3o e Interpreta\u00e7\u00e3o da Escultura Castreja (CEDIEC) tem como objetivo promover trabalhos de escava\u00e7\u00e3o arqueol\u00f3gica e investiga\u00e7\u00e3o, em s\u00edtios de selec\u00e7\u00e3o, com especial destaque para o Castro do Outeiro Lesenho, e outros cong\u00e9neres que, articulados em rede, possam esclarecer os par\u00e2metros essenciais do desenvolvimento cultural das comunidades ind\u00edgenas do Ocidente peninsular. [&hellip;]<\/p>\n","protected":false},"author":6,"featured_media":39955,"comment_status":"closed","ping_status":"open","sticky":false,"template":"","format":"standard","meta":{"footnotes":""},"categories":[13],"tags":[7027,5096,4569,7658],"class_list":{"0":"post-2221","1":"post","2":"type-post","3":"status-publish","4":"format-standard","5":"has-post-thumbnail","7":"category-exposicao","8":"tag-barroso","9":"tag-boticas","10":"tag-museu","11":"tag-vila-de-boticas"},"_links":{"self":[{"href":"https:\/\/terracallaeci.pt\/en\/wp-json\/wp\/v2\/posts\/2221","targetHints":{"allow":["GET"]}}],"collection":[{"href":"https:\/\/terracallaeci.pt\/en\/wp-json\/wp\/v2\/posts"}],"about":[{"href":"https:\/\/terracallaeci.pt\/en\/wp-json\/wp\/v2\/types\/post"}],"author":[{"embeddable":true,"href":"https:\/\/terracallaeci.pt\/en\/wp-json\/wp\/v2\/users\/6"}],"replies":[{"embeddable":true,"href":"https:\/\/terracallaeci.pt\/en\/wp-json\/wp\/v2\/comments?post=2221"}],"version-history":[{"count":0,"href":"https:\/\/terracallaeci.pt\/en\/wp-json\/wp\/v2\/posts\/2221\/revisions"}],"wp:featuredmedia":[{"embeddable":true,"href":"https:\/\/terracallaeci.pt\/en\/wp-json\/wp\/v2\/media\/39955"}],"wp:attachment":[{"href":"https:\/\/terracallaeci.pt\/en\/wp-json\/wp\/v2\/media?parent=2221"}],"wp:term":[{"taxonomy":"category","embeddable":true,"href":"https:\/\/terracallaeci.pt\/en\/wp-json\/wp\/v2\/categories?post=2221"},{"taxonomy":"post_tag","embeddable":true,"href":"https:\/\/terracallaeci.pt\/en\/wp-json\/wp\/v2\/tags?post=2221"}],"curies":[{"name":"wp","href":"https:\/\/api.w.org\/{rel}","templated":true}]}}