{"id":19025,"date":"2018-01-22T13:44:12","date_gmt":"2018-01-22T13:44:12","guid":{"rendered":"https:\/\/visitboticas.pt\/?p=19025"},"modified":"2025-06-04T12:56:54","modified_gmt":"2025-06-04T11:56:54","slug":"tresminas-complexo-mineiro-romano","status":"publish","type":"post","link":"https:\/\/terracallaeci.pt\/en\/2018\/01\/tresminas-complexo-mineiro-romano\/","title":{"rendered":"Tresminas Roman Mining Complex"},"content":{"rendered":"<p style=\"font-size:18px\">The Tresminas Roman Mining Complex, located in the municipality of Vila Pouca de Aguiar, is one of the most remarkable examples of gold mining carried out by the Roman Empire in the Iberian Peninsula. Dating back to the 1st to 3rd centuries AD, this complex includes a vast set of open-cast shafts, underground galleries and hydraulic systems used to extract gold.<\/p>\n\n\n\n<figure class=\"wp-block-image size-full\"><img loading=\"lazy\" decoding=\"async\" width=\"1500\" height=\"1000\" src=\"https:\/\/terracallaeci.pt\/wp-content\/uploads\/2018\/01\/SAM_4831.jpg\" alt=\"\" class=\"wp-image-42031\" srcset=\"https:\/\/terracallaeci.pt\/wp-content\/uploads\/2018\/01\/SAM_4831.jpg 1500w, https:\/\/terracallaeci.pt\/wp-content\/uploads\/2018\/01\/SAM_4831-300x200.jpg 300w, https:\/\/terracallaeci.pt\/wp-content\/uploads\/2018\/01\/SAM_4831-1024x683.jpg 1024w, https:\/\/terracallaeci.pt\/wp-content\/uploads\/2018\/01\/SAM_4831-768x512.jpg 768w, https:\/\/terracallaeci.pt\/wp-content\/uploads\/2018\/01\/SAM_4831-18x12.jpg 18w, https:\/\/terracallaeci.pt\/wp-content\/uploads\/2018\/01\/SAM_4831-630x420.jpg 630w, https:\/\/terracallaeci.pt\/wp-content\/uploads\/2018\/01\/SAM_4831-150x100.jpg 150w, https:\/\/terracallaeci.pt\/wp-content\/uploads\/2018\/01\/SAM_4831-696x464.jpg 696w, https:\/\/terracallaeci.pt\/wp-content\/uploads\/2018\/01\/SAM_4831-1068x712.jpg 1068w\" sizes=\"auto, (max-width: 1500px) 100vw, 1500px\" \/><figcaption class=\"wp-element-caption\"><em>Corta de Covas. Photo TR\/TC<\/em><\/figcaption><\/figure>\n\n\n\n<blockquote class=\"wp-block-quote is-layout-flow wp-block-quote-is-layout-flow\">\n<p>GOLD EXPLORATION IN THE Tresminas COMPLEX LASTED SENSIBLY 250 YEARS.<\/p>\n<\/blockquote>\n\n\n\n<p style=\"font-size:18px\">The importance of Tresminas lies not only in the scale of human intervention in the landscape, but also in its state of preservation, which allows us to understand Roman mining techniques, such as using the force of water to dismantle rocks (<em>ruina montium<\/em>). The site has been the subject of several archaeological studies and is recognised as a heritage site of high historical and scientific value.<\/p>\n\n\n\n<figure class=\"wp-block-image size-full\"><img loading=\"lazy\" decoding=\"async\" width=\"1200\" height=\"1500\" src=\"https:\/\/terracallaeci.pt\/wp-content\/uploads\/2018\/01\/SAM_4963-2.jpg\" alt=\"\" class=\"wp-image-42033\" srcset=\"https:\/\/terracallaeci.pt\/wp-content\/uploads\/2018\/01\/SAM_4963-2.jpg 1200w, https:\/\/terracallaeci.pt\/wp-content\/uploads\/2018\/01\/SAM_4963-2-240x300.jpg 240w, https:\/\/terracallaeci.pt\/wp-content\/uploads\/2018\/01\/SAM_4963-2-819x1024.jpg 819w, https:\/\/terracallaeci.pt\/wp-content\/uploads\/2018\/01\/SAM_4963-2-768x960.jpg 768w, https:\/\/terracallaeci.pt\/wp-content\/uploads\/2018\/01\/SAM_4963-2-10x12.jpg 10w, https:\/\/terracallaeci.pt\/wp-content\/uploads\/2018\/01\/SAM_4963-2-336x420.jpg 336w, https:\/\/terracallaeci.pt\/wp-content\/uploads\/2018\/01\/SAM_4963-2-150x188.jpg 150w, https:\/\/terracallaeci.pt\/wp-content\/uploads\/2018\/01\/SAM_4963-2-300x375.jpg 300w, https:\/\/terracallaeci.pt\/wp-content\/uploads\/2018\/01\/SAM_4963-2-696x870.jpg 696w, https:\/\/terracallaeci.pt\/wp-content\/uploads\/2018\/01\/SAM_4963-2-1068x1335.jpg 1068w\" sizes=\"auto, (max-width: 1200px) 100vw, 1200px\" \/><figcaption class=\"wp-element-caption\"><em>Galeria dos Alargamentos. Photo TR\/TC<\/em><\/figcaption><\/figure>\n\n\n\n<p style=\"font-size:18px\">The complex is currently part of a tourism and heritage enhancement programme, which includes the <a href=\"https:\/\/tresminas.com\/centro-interpretativo\/\" target=\"_blank\" rel=\"noreferrer noopener\">Tresminas Interpretation Centre<\/a>, walking trails and guided tours, helping to promote knowledge of the region's history and territory.<\/p>\n\n\n\n<h2 class=\"wp-block-heading\">Contact<\/h2>\n\n\n\n<p><span style=\"font-size: 14pt;\">Tel.: (+351) 259 458 091<\/span><br><span style=\"font-size: 14pt;\">Email: <a href=\"\/en\/geral@tresminas.com\/\">geral@tresminas.com<\/a><\/span><br><span style=\"font-size: 14pt;\"><a href=\"http:\/\/www.tresminas.com\" target=\"_blank\" rel=\"noopener noreferrer\">www.tresminas.com<\/a><\/span><\/p>\n\n\n\n<h2 class=\"wp-block-heading\">Location<\/h2>\n\n\n\n<iframe src=\"https:\/\/www.google.com\/maps\/embed?pb=!1m18!1m12!1m3!1d939.2548330850749!2d-7.527169652549128!3d41.497095759667374!2m3!1f0!2f0!3f0!3m2!1i1024!2i768!4f13.1!3m3!1m2!1s0xd3b3c9f92d927fb%3A0x996ac7b5fc66300c!2sComplexo%20Mineiro%20Romano%20de%20Tresminas!5e1!3m2!1spt-PT!2spt!4v1748968929834!5m2!1spt-PT!2spt\" width=\"800\" height=\"400\" style=\"border:0;\" allowfullscreen=\"\" loading=\"lazy\" referrerpolicy=\"no-referrer-when-downgrade\"><\/iframe>\n\n\n\n<p class=\"has-regular-font-size\">The Tresminas Interpretive Centre is located about 2 km from the mining complex. See location <a href=\"https:\/\/maps.app.goo.gl\/TYPs8phZy1kzgqp57\" target=\"_blank\" rel=\"noreferrer noopener\">here.<\/a><\/p>\n\n\n\n<div style=\"height:20px\" aria-hidden=\"true\" class=\"wp-block-spacer\"><\/div>\n\n\n<div id=\"altit-1124931067\"><div class=\"altit-adlabel\">PUB<\/div><div id=\"altit-312247443\"><a href=\"https:\/\/terracallaeci.pt\/en\/corguinho\/\" target=\"_blank\" aria-label=\"CorguinhoII\"><img loading=\"lazy\" decoding=\"async\" src=\"https:\/\/terracallaeci.pt\/wp-content\/uploads\/2021\/08\/CorguinhoII.gif\" alt=\"\"  width=\"728\" height=\"130\"   \/><\/a><\/div><\/div>","protected":false},"excerpt":{"rendered":"<p>O Complexo Mineiro Romano de Tresminas, localizado no munic\u00edpio de Vila Pouca de Aguiar, \u00e9 um dos mais not\u00e1veis exemplos da explora\u00e7\u00e3o aur\u00edfera levada a cabo pelo Imp\u00e9rio Romano na Pen\u00ednsula Ib\u00e9rica. Datado dos s\u00e9culos I a III d.C., este complexo integra um vasto conjunto de cortas a c\u00e9u aberto, galerias subterr\u00e2neas e sistemas hidr\u00e1ulicos [&hellip;]<\/p>\n","protected":false},"author":6,"featured_media":42034,"comment_status":"closed","ping_status":"open","sticky":false,"template":"","format":"video","meta":{"footnotes":""},"categories":[7740,2],"tags":[4569,5826,5827],"class_list":{"0":"post-19025","1":"post","2":"type-post","3":"status-publish","4":"format-video","5":"has-post-thumbnail","7":"category-destaques","8":"category-patrimonio","9":"tag-museu","10":"tag-tresminas","11":"tag-vila-pouca-de-aguiar","12":"post_format-post-format-video"},"_links":{"self":[{"href":"https:\/\/terracallaeci.pt\/en\/wp-json\/wp\/v2\/posts\/19025","targetHints":{"allow":["GET"]}}],"collection":[{"href":"https:\/\/terracallaeci.pt\/en\/wp-json\/wp\/v2\/posts"}],"about":[{"href":"https:\/\/terracallaeci.pt\/en\/wp-json\/wp\/v2\/types\/post"}],"author":[{"embeddable":true,"href":"https:\/\/terracallaeci.pt\/en\/wp-json\/wp\/v2\/users\/6"}],"replies":[{"embeddable":true,"href":"https:\/\/terracallaeci.pt\/en\/wp-json\/wp\/v2\/comments?post=19025"}],"version-history":[{"count":0,"href":"https:\/\/terracallaeci.pt\/en\/wp-json\/wp\/v2\/posts\/19025\/revisions"}],"wp:featuredmedia":[{"embeddable":true,"href":"https:\/\/terracallaeci.pt\/en\/wp-json\/wp\/v2\/media\/42034"}],"wp:attachment":[{"href":"https:\/\/terracallaeci.pt\/en\/wp-json\/wp\/v2\/media?parent=19025"}],"wp:term":[{"taxonomy":"category","embeddable":true,"href":"https:\/\/terracallaeci.pt\/en\/wp-json\/wp\/v2\/categories?post=19025"},{"taxonomy":"post_tag","embeddable":true,"href":"https:\/\/terracallaeci.pt\/en\/wp-json\/wp\/v2\/tags?post=19025"}],"curies":[{"name":"wp","href":"https:\/\/api.w.org\/{rel}","templated":true}]}}