{"id":17671,"date":"2017-11-11T17:30:00","date_gmt":"2017-11-11T17:30:00","guid":{"rendered":"https:\/\/visitboticas.pt\/?p=17671"},"modified":"2025-03-17T16:19:48","modified_gmt":"2025-03-17T16:19:48","slug":"restaurante-abstrato","status":"publish","type":"post","link":"https:\/\/terracallaeci.pt\/en\/2017\/11\/restaurante-abstrato\/","title":{"rendered":"Abstrato restaurant"},"content":{"rendered":"<p style=\"font-size:19px\"><span style=\"font-size: 14pt;\">With a sophisticated atmosphere, framed by the beauty of the Barroso mountains, the restaurant <a href=\"https:\/\/www.boticashotel.com\/gastronomia\" target=\"_blank\" rel=\"noopener noreferrer\">Abstrato<\/a>, in Boticas, offers its visitors a contemporary cuisine with excellent quality regional products.<\/span><\/p>\n\n\n\n<blockquote class=\"wp-block-quote is-layout-flow wp-block-quote-is-layout-flow\">\n<p>The restaurant's menu is signed by Tr\u00e1s-os-Montes chef Justa Nobre.<\/p>\n<\/blockquote>\n\n\n\n<p style=\"font-size:19px\">The restaurant's menu is the work of Tr\u00e1s-os-Montes chef Justa Nobre, a reference in Portuguese gastronomy for over 30 years. <\/p>\n\n\n<div class=\"wp-block-image\">\n<figure class=\"aligncenter size-full\"><img loading=\"lazy\" decoding=\"async\" width=\"1536\" height=\"2048\" src=\"https:\/\/terracallaeci.pt\/wp-content\/uploads\/2022\/06\/280865438_2196514010526117_5623457994378820104_n.jpg\" alt=\"\" class=\"wp-image-37347\" srcset=\"https:\/\/terracallaeci.pt\/wp-content\/uploads\/2022\/06\/280865438_2196514010526117_5623457994378820104_n.jpg 1536w, https:\/\/terracallaeci.pt\/wp-content\/uploads\/2022\/06\/280865438_2196514010526117_5623457994378820104_n-225x300.jpg 225w, https:\/\/terracallaeci.pt\/wp-content\/uploads\/2022\/06\/280865438_2196514010526117_5623457994378820104_n-768x1024.jpg 768w, https:\/\/terracallaeci.pt\/wp-content\/uploads\/2022\/06\/280865438_2196514010526117_5623457994378820104_n-1152x1536.jpg 1152w, https:\/\/terracallaeci.pt\/wp-content\/uploads\/2022\/06\/280865438_2196514010526117_5623457994378820104_n-150x200.jpg 150w, https:\/\/terracallaeci.pt\/wp-content\/uploads\/2022\/06\/280865438_2196514010526117_5623457994378820104_n-300x400.jpg 300w, https:\/\/terracallaeci.pt\/wp-content\/uploads\/2022\/06\/280865438_2196514010526117_5623457994378820104_n-696x928.jpg 696w, https:\/\/terracallaeci.pt\/wp-content\/uploads\/2022\/06\/280865438_2196514010526117_5623457994378820104_n-1068x1424.jpg 1068w, https:\/\/terracallaeci.pt\/wp-content\/uploads\/2022\/06\/280865438_2196514010526117_5623457994378820104_n-315x420.jpg 315w\" sizes=\"auto, (max-width: 1536px) 100vw, 1536px\" \/><figcaption class=\"wp-element-caption\">Photo Boticas Hotel Art &amp; Spa <\/figcaption><\/figure>\n<\/div>\n\n\n<p style=\"font-size:19px\">The Abstrato opens every day for lunch between 12h00 and 15h00 and for dinner between 19h30 and 22h30.<\/p>\n\n\n\n<div style=\"height:20px\" aria-hidden=\"true\" class=\"wp-block-spacer\"><\/div>\n\n\n\n<p style=\"font-size:19px\">Boticas Hotel Art &amp; Spa<br><span style=\"font-size: 14pt;\">Rua Gomes Monteiro, 5<\/span>, <span style=\"font-size: 14pt;\">5460-304 Boticas<\/span><\/p>\n\n\n\n<p><span style=\"font-size: 14pt;\">Tel.: <a href=\"tel:351276414330\">(+351) 276 414 330<\/a><\/span> <font size=\"4\">Email: <\/font><a style=\"font-size: 14pt;\" href=\"mailto:reservas@boticashotel.com\">reservas@boticashotel.com<\/a> <span style=\"font-size: 14pt;\"><a href=\"http:\/\/www.boticashotel.com\" target=\"_blank\" rel=\"noopener noreferrer\">www.boticashotel.com<\/a><\/span><\/p>\n\n\n\n<div style=\"height:20px\" aria-hidden=\"true\" class=\"wp-block-spacer\"><\/div>\n\n\n\n<iframe src=\"https:\/\/www.google.com\/maps\/embed?pb=!1m18!1m12!1m3!1d1831.1702441297134!2d-7.6682720999999905!3d41.6868659!2m3!1f0!2f0!3f0!3m2!1i1024!2i768!4f13.1!3m3!1m2!1s0xd3ad646f8f17491%3A0x72bef7d632ad6cd6!2zNDHCsDQxJzExLjkiTiA3wrA0MCcwNi42Ilc!5e1!3m2!1spt-PT!2spt!4v1630332463328!5m2!1spt-PT!2spt\" style=\"border:0;\" allowfullscreen=\"\" loading=\"lazy\" width=\"800\" height=\"400\"><\/iframe>\n\n\n\n<div style=\"height:20px\" aria-hidden=\"true\" class=\"wp-block-spacer\"><\/div>\n\n\n\n<div id=\"altit-2577145766\"><div class=\"altit-adlabel\">PUB<\/div><div id=\"altit-1007131940\"><a href=\"https:\/\/terracallaeci.pt\/en\/corguinho\/\" target=\"_blank\" aria-label=\"CorguinhoII\"><img loading=\"lazy\" decoding=\"async\" src=\"https:\/\/terracallaeci.pt\/wp-content\/uploads\/2021\/08\/CorguinhoII.gif\" alt=\"\"  width=\"728\" height=\"130\"   \/><\/a><\/div><\/div>","protected":false},"excerpt":{"rendered":"<p>Com um ambiente sofisticado, enquadrado pela beleza das serras do Barroso, o restaurante Abstrato, em Boticas, coloca \u00e0 disposi\u00e7\u00e3o de quem o visita, uma cozinha contempor\u00e2nea com produtos da regi\u00e3o de excelente qualidade. A carta do restaurante \u00e9 assinada pela chef transmontana Justa Nobre. A carta do restaurante \u00e9 assinada pela chef transmontana Justa Nobre, [&hellip;]<\/p>\n","protected":false},"author":6,"featured_media":25769,"comment_status":"closed","ping_status":"open","sticky":false,"template":"","format":"standard","meta":{"footnotes":""},"categories":[5081],"tags":[5096,5095,7701,5091],"class_list":{"0":"post-17671","1":"post","2":"type-post","3":"status-publish","4":"format-standard","5":"has-post-thumbnail","7":"category-onde-comer-em-boticas","8":"tag-boticas","9":"tag-boticas-hotel","10":"tag-justa-nobre","11":"tag-restaurante"},"_links":{"self":[{"href":"https:\/\/terracallaeci.pt\/en\/wp-json\/wp\/v2\/posts\/17671","targetHints":{"allow":["GET"]}}],"collection":[{"href":"https:\/\/terracallaeci.pt\/en\/wp-json\/wp\/v2\/posts"}],"about":[{"href":"https:\/\/terracallaeci.pt\/en\/wp-json\/wp\/v2\/types\/post"}],"author":[{"embeddable":true,"href":"https:\/\/terracallaeci.pt\/en\/wp-json\/wp\/v2\/users\/6"}],"replies":[{"embeddable":true,"href":"https:\/\/terracallaeci.pt\/en\/wp-json\/wp\/v2\/comments?post=17671"}],"version-history":[{"count":0,"href":"https:\/\/terracallaeci.pt\/en\/wp-json\/wp\/v2\/posts\/17671\/revisions"}],"wp:featuredmedia":[{"embeddable":true,"href":"https:\/\/terracallaeci.pt\/en\/wp-json\/wp\/v2\/media\/25769"}],"wp:attachment":[{"href":"https:\/\/terracallaeci.pt\/en\/wp-json\/wp\/v2\/media?parent=17671"}],"wp:term":[{"taxonomy":"category","embeddable":true,"href":"https:\/\/terracallaeci.pt\/en\/wp-json\/wp\/v2\/categories?post=17671"},{"taxonomy":"post_tag","embeddable":true,"href":"https:\/\/terracallaeci.pt\/en\/wp-json\/wp\/v2\/tags?post=17671"}],"curies":[{"name":"wp","href":"https:\/\/api.w.org\/{rel}","templated":true}]}}