{"id":1661,"date":"2017-02-15T09:22:01","date_gmt":"2017-02-15T09:22:01","guid":{"rendered":"https:\/\/altitudeboticas.pt\/?p=1661"},"modified":"2025-03-08T12:52:34","modified_gmt":"2025-03-08T12:52:34","slug":"parque-arqueologico-do-vale-do-terva","status":"publish","type":"post","link":"https:\/\/terracallaeci.pt\/en\/2017\/02\/parque-arqueologico-do-vale-do-terva\/","title":{"rendered":"Terva Valley Archaeological Park"},"content":{"rendered":"<p><span style=\"font-size: 14pt;\">The Terva Valley Archaeological Park\/TVAP (Portuguese PAVT) is a joint project between the Municipality of Boticas and the University of Minho, started in 2006 and designed as a cultural landscape management unit. <\/span><\/p>\n\n\n\n<figure class=\"wp-block-image size-full\"><img loading=\"lazy\" decoding=\"async\" width=\"1200\" height=\"1500\" src=\"https:\/\/terracallaeci.pt\/wp-content\/uploads\/2017\/02\/SAM_0755.jpg\" alt=\"\" class=\"wp-image-40016\" srcset=\"https:\/\/terracallaeci.pt\/wp-content\/uploads\/2017\/02\/SAM_0755.jpg 1200w, https:\/\/terracallaeci.pt\/wp-content\/uploads\/2017\/02\/SAM_0755-240x300.jpg 240w, https:\/\/terracallaeci.pt\/wp-content\/uploads\/2017\/02\/SAM_0755-819x1024.jpg 819w, https:\/\/terracallaeci.pt\/wp-content\/uploads\/2017\/02\/SAM_0755-768x960.jpg 768w, https:\/\/terracallaeci.pt\/wp-content\/uploads\/2017\/02\/SAM_0755-10x12.jpg 10w, https:\/\/terracallaeci.pt\/wp-content\/uploads\/2017\/02\/SAM_0755-336x420.jpg 336w, https:\/\/terracallaeci.pt\/wp-content\/uploads\/2017\/02\/SAM_0755-150x188.jpg 150w, https:\/\/terracallaeci.pt\/wp-content\/uploads\/2017\/02\/SAM_0755-300x375.jpg 300w, https:\/\/terracallaeci.pt\/wp-content\/uploads\/2017\/02\/SAM_0755-696x870.jpg 696w, https:\/\/terracallaeci.pt\/wp-content\/uploads\/2017\/02\/SAM_0755-1068x1335.jpg 1068w\" sizes=\"auto, (max-width: 1200px) 100vw, 1200px\" \/><figcaption class=\"wp-element-caption\">Ancient rock carvings of Alto da Seara. Photo TR\/TC<\/figcaption><\/figure>\n\n\n\n<p><span style=\"font-size: 14pt;\">The TVAP is an archaeological park with a continuous geographical character, which includes a set of cultural and natural values that are relevant and representative of the different landscapes that have formed in the territory, incorporating visitor infrastructures such as the Interpretation Centre in Bobadela, interpreted circuits and platforms for observing heritage resources.<\/span><\/p>\n\n\n\n<blockquote class=\"wp-block-quote is-layout-flow wp-block-quote-is-layout-flow\">\n<p>With about 60 km<sup>2<\/sup> and 47 archaeological sites identified, the TVAP itself justifies several visits to Boticas.<\/p>\n<\/blockquote>\n\n\n<div class=\"wp-block-image wp-image-1911 size-full\">\n<figure class=\"aligncenter\"><img loading=\"lazy\" decoding=\"async\" width=\"1200\" height=\"1500\" src=\"http:\/\/terracallaeci.pt\/wp-content\/uploads\/2017\/02\/DJI_0483-Edit.jpg\" alt=\"\" class=\"wp-image-40017\" srcset=\"https:\/\/terracallaeci.pt\/wp-content\/uploads\/2017\/02\/DJI_0483-Edit.jpg 1200w, https:\/\/terracallaeci.pt\/wp-content\/uploads\/2017\/02\/DJI_0483-Edit-240x300.jpg 240w, https:\/\/terracallaeci.pt\/wp-content\/uploads\/2017\/02\/DJI_0483-Edit-819x1024.jpg 819w, https:\/\/terracallaeci.pt\/wp-content\/uploads\/2017\/02\/DJI_0483-Edit-768x960.jpg 768w, https:\/\/terracallaeci.pt\/wp-content\/uploads\/2017\/02\/DJI_0483-Edit-10x12.jpg 10w, https:\/\/terracallaeci.pt\/wp-content\/uploads\/2017\/02\/DJI_0483-Edit-336x420.jpg 336w, https:\/\/terracallaeci.pt\/wp-content\/uploads\/2017\/02\/DJI_0483-Edit-150x188.jpg 150w, https:\/\/terracallaeci.pt\/wp-content\/uploads\/2017\/02\/DJI_0483-Edit-300x375.jpg 300w, https:\/\/terracallaeci.pt\/wp-content\/uploads\/2017\/02\/DJI_0483-Edit-696x870.jpg 696w, https:\/\/terracallaeci.pt\/wp-content\/uploads\/2017\/02\/DJI_0483-Edit-1068x1335.jpg 1068w\" sizes=\"auto, (max-width: 1200px) 100vw, 1200px\" \/><figcaption class=\"wp-element-caption\">Hillfort (and hermitage) of Muro de Cunhas. Photo TR\/TC<\/figcaption><\/figure>\n<\/div>\n\n\n<p><span style=\"font-size: 14pt;\">Because travelling through the landscape makes it easier to understand its different meanings, visitors are offered a variety of routes through the TVAP, divided into six categories: Mines; Hillforts; Ancient roads; Natura; Villages and Ancient rock carvings. <\/span><\/p>\n\n\n<div class=\"wp-block-image wp-image-1911 size-full\">\n<figure class=\"aligncenter\"><img loading=\"lazy\" decoding=\"async\" width=\"1200\" height=\"1500\" src=\"http:\/\/terracallaeci.pt\/wp-content\/uploads\/2017\/02\/SAM_6080-2.jpg\" alt=\"\" class=\"wp-image-40029\" srcset=\"https:\/\/terracallaeci.pt\/wp-content\/uploads\/2017\/02\/SAM_6080-2.jpg 1200w, https:\/\/terracallaeci.pt\/wp-content\/uploads\/2017\/02\/SAM_6080-2-240x300.jpg 240w, https:\/\/terracallaeci.pt\/wp-content\/uploads\/2017\/02\/SAM_6080-2-819x1024.jpg 819w, https:\/\/terracallaeci.pt\/wp-content\/uploads\/2017\/02\/SAM_6080-2-768x960.jpg 768w, https:\/\/terracallaeci.pt\/wp-content\/uploads\/2017\/02\/SAM_6080-2-10x12.jpg 10w, https:\/\/terracallaeci.pt\/wp-content\/uploads\/2017\/02\/SAM_6080-2-336x420.jpg 336w, https:\/\/terracallaeci.pt\/wp-content\/uploads\/2017\/02\/SAM_6080-2-150x188.jpg 150w, https:\/\/terracallaeci.pt\/wp-content\/uploads\/2017\/02\/SAM_6080-2-300x375.jpg 300w, https:\/\/terracallaeci.pt\/wp-content\/uploads\/2017\/02\/SAM_6080-2-696x870.jpg 696w, https:\/\/terracallaeci.pt\/wp-content\/uploads\/2017\/02\/SAM_6080-2-1068x1335.jpg 1068w\" sizes=\"auto, (max-width: 1200px) 100vw, 1200px\" \/><figcaption class=\"wp-element-caption\">Detail of Casa dos Arcos in the village of Bobadela. Photo TR\/TC<\/figcaption><\/figure>\n<\/div>\n\n\n<p><span style=\"font-size: 14pt;\">Through these interpreted routes, the aim is for visitors to experience the singularities of the Terva Valley and to \u2018see things as they are\u2019, to build memories here too, following the paths of the people, the animals and the natural elements.<\/span><\/p>\n\n\n<div class=\"wp-block-image wp-image-1911 size-full\">\n<figure class=\"aligncenter\"><img loading=\"lazy\" decoding=\"async\" width=\"1200\" height=\"1500\" src=\"https:\/\/terracallaeci.pt\/wp-content\/uploads\/2017\/02\/SAM_0851.jpg\" alt=\"\" class=\"wp-image-40053\" srcset=\"https:\/\/terracallaeci.pt\/wp-content\/uploads\/2017\/02\/SAM_0851.jpg 1200w, https:\/\/terracallaeci.pt\/wp-content\/uploads\/2017\/02\/SAM_0851-240x300.jpg 240w, https:\/\/terracallaeci.pt\/wp-content\/uploads\/2017\/02\/SAM_0851-819x1024.jpg 819w, https:\/\/terracallaeci.pt\/wp-content\/uploads\/2017\/02\/SAM_0851-768x960.jpg 768w, https:\/\/terracallaeci.pt\/wp-content\/uploads\/2017\/02\/SAM_0851-10x12.jpg 10w, https:\/\/terracallaeci.pt\/wp-content\/uploads\/2017\/02\/SAM_0851-336x420.jpg 336w, https:\/\/terracallaeci.pt\/wp-content\/uploads\/2017\/02\/SAM_0851-150x188.jpg 150w, https:\/\/terracallaeci.pt\/wp-content\/uploads\/2017\/02\/SAM_0851-300x375.jpg 300w, https:\/\/terracallaeci.pt\/wp-content\/uploads\/2017\/02\/SAM_0851-696x870.jpg 696w, https:\/\/terracallaeci.pt\/wp-content\/uploads\/2017\/02\/SAM_0851-1068x1335.jpg 1068w\" sizes=\"auto, (max-width: 1200px) 100vw, 1200px\" \/><figcaption class=\"wp-element-caption\">Manueline window in the Interpretation Centre of the Terva Valley Archaeological Park. Photo TR\/TC<\/figcaption><\/figure>\n<\/div>\n\n\n<h2 class=\"wp-block-heading\">Interpretation Centre of Bobadela<\/h2>\n\n\n\n<p style=\"font-size:18px\"><span style=\"font-size: 14pt;\">The Interpretive Centre located in the village of Bobadela is the entrance to the TVAP. The exhibition content bridges the gap to the enjoyment of the landscape and heritage <em>in loco<\/em>, proposta atrav\u00e9s dos roteiros de visita\u00e7\u00e3o. <\/span><\/p>\n\n\n\n<figure class=\"wp-block-image size-full\"><img loading=\"lazy\" decoding=\"async\" width=\"1200\" height=\"1500\" src=\"http:\/\/terracallaeci.pt\/wp-content\/uploads\/2017\/02\/IMG_0204-2.jpg\" alt=\"\" class=\"wp-image-40038\" srcset=\"https:\/\/terracallaeci.pt\/wp-content\/uploads\/2017\/02\/IMG_0204-2.jpg 1200w, https:\/\/terracallaeci.pt\/wp-content\/uploads\/2017\/02\/IMG_0204-2-240x300.jpg 240w, https:\/\/terracallaeci.pt\/wp-content\/uploads\/2017\/02\/IMG_0204-2-819x1024.jpg 819w, https:\/\/terracallaeci.pt\/wp-content\/uploads\/2017\/02\/IMG_0204-2-768x960.jpg 768w, https:\/\/terracallaeci.pt\/wp-content\/uploads\/2017\/02\/IMG_0204-2-10x12.jpg 10w, https:\/\/terracallaeci.pt\/wp-content\/uploads\/2017\/02\/IMG_0204-2-336x420.jpg 336w, https:\/\/terracallaeci.pt\/wp-content\/uploads\/2017\/02\/IMG_0204-2-150x188.jpg 150w, https:\/\/terracallaeci.pt\/wp-content\/uploads\/2017\/02\/IMG_0204-2-300x375.jpg 300w, https:\/\/terracallaeci.pt\/wp-content\/uploads\/2017\/02\/IMG_0204-2-696x870.jpg 696w, https:\/\/terracallaeci.pt\/wp-content\/uploads\/2017\/02\/IMG_0204-2-1068x1335.jpg 1068w\" sizes=\"auto, (max-width: 1200px) 100vw, 1200px\" \/><figcaption class=\"wp-element-caption\">Interpretation Centre of the Terva Valley Archaeological Park. Photo TR\/TC<\/figcaption><\/figure>\n\n\n\n<p style=\"font-size:18px\">Admission is free. See opening hours<a href=\"https:\/\/www.cm-boticas.pt\/conteudos\/default.php?id=77\" target=\"_blank\" rel=\"noreferrer noopener\"> here.<\/a><br><\/p>\n\n\n\n<h2 class=\"wp-block-heading\">Contact<\/h2>\n\n\n\n<p style=\"font-size:18px\">Tel.: (+351) 276 410 200<br>Email: <a href=\"mailto:turismo@cm-boticas.pt\">turismo@cm-boticas.pt<\/a><\/p>\n\n\n\n<p style=\"font-size:18px\"><\/p>\n\n\n\n<h2 class=\"wp-block-heading\">Location<\/h2>\n\n\n\n<iframe src=\"https:\/\/www.google.com\/maps\/embed?pb=!1m18!1m12!1m3!1d931.2025713013746!2d-7.618651054039373!3d41.73065796417711!2m3!1f0!2f0!3f0!3m2!1i1024!2i768!4f13.1!3m3!1m2!1s0xd3ad75c6b4a5c85%3A0x71713377910943a9!2sPAVT%20-%20Parque%20Arqueol%C3%B3gico%20do%20Vale%20do%20Terva!5e1!3m2!1spt-PT!2spt!4v1644674672498!5m2!1spt-PT!2spt\" style=\"border:0;\" allowfullscreen=\"\" loading=\"lazy\" width=\"800\" height=\"400\"><\/iframe>\n\n\n\n<div style=\"height:20px\" aria-hidden=\"true\" class=\"wp-block-spacer\"><\/div>\n\n\n\n<h2 class=\"wp-block-heading\">Routes<\/h2>\n\n\n\n<div class=\"extendedwopts-md-center wp-block-cover is-light has-small-font-size wp-duotone-unset-1\" style=\"margin-top:0;padding-top:48px;padding-right:48px;padding-bottom:48px;padding-left:48px;min-height:66vh;aspect-ratio:unset;\"><span aria-hidden=\"true\" class=\"wp-block-cover__background has-background-dim-0 has-background-dim\" style=\"background-color:#FFF\"><\/span><img loading=\"lazy\" decoding=\"async\" width=\"1200\" height=\"1500\" class=\"wp-block-cover__image-background wp-image-40040\" alt=\"\" src=\"http:\/\/terracallaeci.pt\/wp-content\/uploads\/2017\/02\/SAM_9228.jpg\" data-object-fit=\"cover\" srcset=\"https:\/\/terracallaeci.pt\/wp-content\/uploads\/2017\/02\/SAM_9228.jpg 1200w, https:\/\/terracallaeci.pt\/wp-content\/uploads\/2017\/02\/SAM_9228-240x300.jpg 240w, https:\/\/terracallaeci.pt\/wp-content\/uploads\/2017\/02\/SAM_9228-819x1024.jpg 819w, https:\/\/terracallaeci.pt\/wp-content\/uploads\/2017\/02\/SAM_9228-768x960.jpg 768w, https:\/\/terracallaeci.pt\/wp-content\/uploads\/2017\/02\/SAM_9228-10x12.jpg 10w, https:\/\/terracallaeci.pt\/wp-content\/uploads\/2017\/02\/SAM_9228-336x420.jpg 336w, https:\/\/terracallaeci.pt\/wp-content\/uploads\/2017\/02\/SAM_9228-150x188.jpg 150w, https:\/\/terracallaeci.pt\/wp-content\/uploads\/2017\/02\/SAM_9228-300x375.jpg 300w, https:\/\/terracallaeci.pt\/wp-content\/uploads\/2017\/02\/SAM_9228-696x870.jpg 696w, https:\/\/terracallaeci.pt\/wp-content\/uploads\/2017\/02\/SAM_9228-1068x1335.jpg 1068w\" sizes=\"auto, (max-width: 1200px) 100vw, 1200px\" \/><div class=\"wp-block-cover__inner-container is-layout-flow wp-block-cover-is-layout-flow\">\n<div class=\"wp-block-group is-content-justification-left\"><div class=\"wp-block-group__inner-container is-layout-constrained wp-container-core-group-is-layout-7206f975 wp-block-group-is-layout-constrained\">\n<h4 class=\"wp-block-heading has-text-align-left has-white-color has-text-color\" style=\"font-size:57px;font-style:normal;font-weight:600;letter-spacing:0px;line-height:1;text-transform:none\">Mines Route<\/h4>\n<\/div><\/div>\n\n\n\n<div style=\"height:72px\" aria-hidden=\"true\" class=\"wp-block-spacer\"><\/div>\n\n\n\n<div class=\"wp-block-buttons alignfull is-content-justification-space-between is-nowrap is-layout-flex wp-container-core-buttons-is-layout-96abfd6a wp-block-buttons-is-layout-flex\">\n<div class=\"wp-block-button\"><a class=\"wp-block-button__link wp-element-button\" href=\"https:\/\/terracallaeci.pt\/en\/2024\/12\/rota-das-minas-do-pavt\/\">Explore<\/a><\/div>\n<\/div>\n<\/div><\/div>\n\n\n\n<div style=\"height:35px\" aria-hidden=\"true\" class=\"wp-block-spacer\"><\/div>\n\n\n\n<div class=\"extendedwopts-md-center wp-block-cover is-light has-small-font-size wp-duotone-unset-2\" style=\"margin-top:0;padding-top:48px;padding-right:48px;padding-bottom:48px;padding-left:48px;min-height:66vh;aspect-ratio:unset;\"><span aria-hidden=\"true\" class=\"wp-block-cover__background has-background-dim-0 has-background-dim\" style=\"background-color:#FFF\"><\/span><img loading=\"lazy\" decoding=\"async\" width=\"1200\" height=\"1500\" class=\"wp-block-cover__image-background wp-image-40047\" alt=\"\" src=\"http:\/\/terracallaeci.pt\/wp-content\/uploads\/2017\/02\/SAM_5715-Edit-B-2.jpg\" data-object-fit=\"cover\" srcset=\"https:\/\/terracallaeci.pt\/wp-content\/uploads\/2017\/02\/SAM_5715-Edit-B-2.jpg 1200w, https:\/\/terracallaeci.pt\/wp-content\/uploads\/2017\/02\/SAM_5715-Edit-B-2-240x300.jpg 240w, https:\/\/terracallaeci.pt\/wp-content\/uploads\/2017\/02\/SAM_5715-Edit-B-2-819x1024.jpg 819w, https:\/\/terracallaeci.pt\/wp-content\/uploads\/2017\/02\/SAM_5715-Edit-B-2-768x960.jpg 768w, https:\/\/terracallaeci.pt\/wp-content\/uploads\/2017\/02\/SAM_5715-Edit-B-2-10x12.jpg 10w, https:\/\/terracallaeci.pt\/wp-content\/uploads\/2017\/02\/SAM_5715-Edit-B-2-336x420.jpg 336w, https:\/\/terracallaeci.pt\/wp-content\/uploads\/2017\/02\/SAM_5715-Edit-B-2-150x188.jpg 150w, https:\/\/terracallaeci.pt\/wp-content\/uploads\/2017\/02\/SAM_5715-Edit-B-2-300x375.jpg 300w, https:\/\/terracallaeci.pt\/wp-content\/uploads\/2017\/02\/SAM_5715-Edit-B-2-696x870.jpg 696w, https:\/\/terracallaeci.pt\/wp-content\/uploads\/2017\/02\/SAM_5715-Edit-B-2-1068x1335.jpg 1068w\" sizes=\"auto, (max-width: 1200px) 100vw, 1200px\" \/><div class=\"wp-block-cover__inner-container is-layout-flow wp-block-cover-is-layout-flow\">\n<div class=\"wp-block-group is-content-justification-left\"><div class=\"wp-block-group__inner-container is-layout-constrained wp-container-core-group-is-layout-7206f975 wp-block-group-is-layout-constrained\">\n<h4 class=\"wp-block-heading has-text-align-left has-white-color has-text-color\" style=\"font-size:57px;font-style:normal;font-weight:600;letter-spacing:0px;line-height:1;text-transform:none\">Hillforts Route<\/h4>\n<\/div><\/div>\n\n\n\n<div style=\"height:72px\" aria-hidden=\"true\" class=\"wp-block-spacer\"><\/div>\n\n\n\n<div class=\"wp-block-buttons alignfull is-content-justification-space-between is-nowrap is-layout-flex wp-container-core-buttons-is-layout-96abfd6a wp-block-buttons-is-layout-flex\">\n<div class=\"wp-block-button\"><a class=\"wp-block-button__link wp-element-button\" href=\"https:\/\/terracallaeci.pt\/en\/2017\/02\/rota-dos-castros-do-pavt\/\">Explore<\/a><\/div>\n<\/div>\n<\/div><\/div>\n\n\n\n<div style=\"height:35px\" aria-hidden=\"true\" class=\"wp-block-spacer\"><\/div>\n\n\n\n<div class=\"extendedwopts-md-center wp-block-cover is-light has-small-font-size wp-duotone-unset-3\" style=\"margin-top:0;padding-top:48px;padding-right:48px;padding-bottom:48px;padding-left:48px;min-height:66vh;aspect-ratio:unset;\"><span aria-hidden=\"true\" class=\"wp-block-cover__background has-background-dim-0 has-background-dim\" style=\"background-color:#FFF\"><\/span><img loading=\"lazy\" decoding=\"async\" width=\"1200\" height=\"1500\" class=\"wp-block-cover__image-background wp-image-40094\" alt=\"\" src=\"http:\/\/terracallaeci.pt\/wp-content\/uploads\/2017\/02\/ViasN.jpg\" data-object-fit=\"cover\" srcset=\"https:\/\/terracallaeci.pt\/wp-content\/uploads\/2017\/02\/ViasN.jpg 1200w, https:\/\/terracallaeci.pt\/wp-content\/uploads\/2017\/02\/ViasN-240x300.jpg 240w, https:\/\/terracallaeci.pt\/wp-content\/uploads\/2017\/02\/ViasN-819x1024.jpg 819w, https:\/\/terracallaeci.pt\/wp-content\/uploads\/2017\/02\/ViasN-768x960.jpg 768w, https:\/\/terracallaeci.pt\/wp-content\/uploads\/2017\/02\/ViasN-10x12.jpg 10w, https:\/\/terracallaeci.pt\/wp-content\/uploads\/2017\/02\/ViasN-336x420.jpg 336w, https:\/\/terracallaeci.pt\/wp-content\/uploads\/2017\/02\/ViasN-150x188.jpg 150w, https:\/\/terracallaeci.pt\/wp-content\/uploads\/2017\/02\/ViasN-300x375.jpg 300w, https:\/\/terracallaeci.pt\/wp-content\/uploads\/2017\/02\/ViasN-696x870.jpg 696w, https:\/\/terracallaeci.pt\/wp-content\/uploads\/2017\/02\/ViasN-1068x1335.jpg 1068w\" sizes=\"auto, (max-width: 1200px) 100vw, 1200px\" \/><div class=\"wp-block-cover__inner-container is-layout-flow wp-block-cover-is-layout-flow\">\n<div class=\"wp-block-group is-content-justification-left\"><div class=\"wp-block-group__inner-container is-layout-constrained wp-container-core-group-is-layout-7206f975 wp-block-group-is-layout-constrained\">\n<h4 class=\"wp-block-heading has-text-align-left has-white-color has-text-color\" style=\"font-size:57px;font-style:normal;font-weight:600;letter-spacing:0px;line-height:1;text-transform:none\">Ancient Roads Route<\/h4>\n<\/div><\/div>\n\n\n\n<div style=\"height:72px\" aria-hidden=\"true\" class=\"wp-block-spacer\"><\/div>\n\n\n\n<div class=\"wp-block-buttons alignfull is-content-justification-space-between is-nowrap is-layout-flex wp-container-core-buttons-is-layout-96abfd6a wp-block-buttons-is-layout-flex\">\n<div class=\"wp-block-button\"><a class=\"wp-block-button__link wp-element-button\" href=\"https:\/\/terracallaeci.pt\/en\/2017\/02\/rota-das-vias\/\">Explore<\/a><\/div>\n<\/div>\n<\/div><\/div>\n\n\n\n<div style=\"height:35px\" aria-hidden=\"true\" class=\"wp-block-spacer\"><\/div>\n\n\n\n<div class=\"extendedwopts-md-center wp-block-cover is-light has-small-font-size wp-duotone-unset-4\" style=\"margin-top:0;padding-top:48px;padding-right:48px;padding-bottom:48px;padding-left:48px;min-height:66vh;aspect-ratio:unset;\"><span aria-hidden=\"true\" class=\"wp-block-cover__background has-background-dim-0 has-background-dim\" style=\"background-color:#FFF\"><\/span><img loading=\"lazy\" decoding=\"async\" width=\"1200\" height=\"1500\" class=\"wp-block-cover__image-background wp-image-40134\" alt=\"\" src=\"http:\/\/terracallaeci.pt\/wp-content\/uploads\/2017\/02\/RN3.jpg\" data-object-fit=\"cover\" srcset=\"https:\/\/terracallaeci.pt\/wp-content\/uploads\/2017\/02\/RN3.jpg 1200w, https:\/\/terracallaeci.pt\/wp-content\/uploads\/2017\/02\/RN3-240x300.jpg 240w, https:\/\/terracallaeci.pt\/wp-content\/uploads\/2017\/02\/RN3-819x1024.jpg 819w, https:\/\/terracallaeci.pt\/wp-content\/uploads\/2017\/02\/RN3-768x960.jpg 768w, https:\/\/terracallaeci.pt\/wp-content\/uploads\/2017\/02\/RN3-10x12.jpg 10w, https:\/\/terracallaeci.pt\/wp-content\/uploads\/2017\/02\/RN3-336x420.jpg 336w, https:\/\/terracallaeci.pt\/wp-content\/uploads\/2017\/02\/RN3-150x188.jpg 150w, https:\/\/terracallaeci.pt\/wp-content\/uploads\/2017\/02\/RN3-300x375.jpg 300w, https:\/\/terracallaeci.pt\/wp-content\/uploads\/2017\/02\/RN3-696x870.jpg 696w, https:\/\/terracallaeci.pt\/wp-content\/uploads\/2017\/02\/RN3-1068x1335.jpg 1068w\" sizes=\"auto, (max-width: 1200px) 100vw, 1200px\" \/><div class=\"wp-block-cover__inner-container is-layout-flow wp-block-cover-is-layout-flow\">\n<div class=\"wp-block-group is-content-justification-left\"><div class=\"wp-block-group__inner-container is-layout-constrained wp-container-core-group-is-layout-7206f975 wp-block-group-is-layout-constrained\">\n<h4 class=\"wp-block-heading has-text-align-left has-white-color has-text-color\" style=\"font-size:57px;font-style:normal;font-weight:600;letter-spacing:0px;line-height:1;text-transform:none\">Nature Route<\/h4>\n<\/div><\/div>\n\n\n\n<div style=\"height:72px\" aria-hidden=\"true\" class=\"wp-block-spacer\"><\/div>\n\n\n\n<div class=\"wp-block-buttons alignfull is-content-justification-space-between is-nowrap is-layout-flex wp-container-core-buttons-is-layout-96abfd6a wp-block-buttons-is-layout-flex\">\n<div class=\"wp-block-button\"><a class=\"wp-block-button__link wp-element-button\" href=\"https:\/\/terracallaeci.pt\/en\/2017\/02\/rota-natura\/\">Explore<\/a><\/div>\n<\/div>\n<\/div><\/div>\n\n\n\n<div style=\"height:35px\" aria-hidden=\"true\" class=\"wp-block-spacer\"><\/div>\n\n\n\n<div class=\"extendedwopts-md-center wp-block-cover is-light has-small-font-size wp-duotone-unset-5\" style=\"margin-top:0;padding-top:48px;padding-right:48px;padding-bottom:48px;padding-left:48px;min-height:66vh;aspect-ratio:unset;\"><span aria-hidden=\"true\" class=\"wp-block-cover__background has-background-dim-0 has-background-dim\" style=\"background-color:#FFF\"><\/span><img loading=\"lazy\" decoding=\"async\" width=\"1280\" height=\"853\" class=\"wp-block-cover__image-background wp-image-31296\" alt=\"\" src=\"http:\/\/terracallaeci.pt\/wp-content\/uploads\/2017\/02\/SAM_5689-1.jpg\" data-object-fit=\"cover\" srcset=\"https:\/\/terracallaeci.pt\/wp-content\/uploads\/2017\/02\/SAM_5689-1.jpg 1280w, https:\/\/terracallaeci.pt\/wp-content\/uploads\/2017\/02\/SAM_5689-1-300x200.jpg 300w, https:\/\/terracallaeci.pt\/wp-content\/uploads\/2017\/02\/SAM_5689-1-1024x682.jpg 1024w, https:\/\/terracallaeci.pt\/wp-content\/uploads\/2017\/02\/SAM_5689-1-768x512.jpg 768w, https:\/\/terracallaeci.pt\/wp-content\/uploads\/2017\/02\/SAM_5689-1-150x100.jpg 150w, https:\/\/terracallaeci.pt\/wp-content\/uploads\/2017\/02\/SAM_5689-1-696x464.jpg 696w, https:\/\/terracallaeci.pt\/wp-content\/uploads\/2017\/02\/SAM_5689-1-1068x712.jpg 1068w, https:\/\/terracallaeci.pt\/wp-content\/uploads\/2017\/02\/SAM_5689-1-630x420.jpg 630w\" sizes=\"auto, (max-width: 1280px) 100vw, 1280px\" \/><div class=\"wp-block-cover__inner-container is-layout-flow wp-block-cover-is-layout-flow\">\n<div class=\"wp-block-group is-content-justification-left\"><div class=\"wp-block-group__inner-container is-layout-constrained wp-container-core-group-is-layout-7206f975 wp-block-group-is-layout-constrained\">\n<h4 class=\"wp-block-heading has-text-align-left has-white-color has-text-color\" style=\"font-size:57px;font-style:normal;font-weight:600;letter-spacing:0px;line-height:1;text-transform:none\">Villages Route<\/h4>\n<\/div><\/div>\n\n\n\n<div style=\"height:72px\" aria-hidden=\"true\" class=\"wp-block-spacer\"><\/div>\n\n\n\n<div class=\"wp-block-buttons alignfull is-content-justification-space-between is-nowrap is-layout-flex wp-container-core-buttons-is-layout-96abfd6a wp-block-buttons-is-layout-flex\">\n<div class=\"wp-block-button\"><a class=\"wp-block-button__link wp-element-button\" href=\"https:\/\/terracallaeci.pt\/en\/2017\/02\/rota-das-aldeias\/\">Explore<\/a><\/div>\n<\/div>\n<\/div><\/div>\n\n\n\n<div style=\"height:35px\" aria-hidden=\"true\" class=\"wp-block-spacer\"><\/div>\n\n\n\n<div class=\"extendedwopts-md-center wp-block-cover is-light has-small-font-size wp-duotone-unset-6\" style=\"margin-top:0;padding-top:48px;padding-right:48px;padding-bottom:48px;padding-left:48px;min-height:66vh;aspect-ratio:unset;\"><span aria-hidden=\"true\" class=\"wp-block-cover__background has-background-dim-0 has-background-dim\" style=\"background-color:#FFF\"><\/span><img loading=\"lazy\" decoding=\"async\" width=\"2000\" height=\"1333\" class=\"wp-block-cover__image-background wp-image-40186\" alt=\"\" src=\"http:\/\/terracallaeci.pt\/wp-content\/uploads\/2017\/02\/SAM_2717.jpg\" data-object-fit=\"cover\" srcset=\"https:\/\/terracallaeci.pt\/wp-content\/uploads\/2017\/02\/SAM_2717.jpg 2000w, https:\/\/terracallaeci.pt\/wp-content\/uploads\/2017\/02\/SAM_2717-300x200.jpg 300w, https:\/\/terracallaeci.pt\/wp-content\/uploads\/2017\/02\/SAM_2717-1024x682.jpg 1024w, https:\/\/terracallaeci.pt\/wp-content\/uploads\/2017\/02\/SAM_2717-768x512.jpg 768w, https:\/\/terracallaeci.pt\/wp-content\/uploads\/2017\/02\/SAM_2717-1536x1024.jpg 1536w, https:\/\/terracallaeci.pt\/wp-content\/uploads\/2017\/02\/SAM_2717-18x12.jpg 18w, https:\/\/terracallaeci.pt\/wp-content\/uploads\/2017\/02\/SAM_2717-630x420.jpg 630w, https:\/\/terracallaeci.pt\/wp-content\/uploads\/2017\/02\/SAM_2717-150x100.jpg 150w, https:\/\/terracallaeci.pt\/wp-content\/uploads\/2017\/02\/SAM_2717-696x464.jpg 696w, https:\/\/terracallaeci.pt\/wp-content\/uploads\/2017\/02\/SAM_2717-1068x712.jpg 1068w, https:\/\/terracallaeci.pt\/wp-content\/uploads\/2017\/02\/SAM_2717-1920x1280.jpg 1920w\" sizes=\"auto, (max-width: 2000px) 100vw, 2000px\" \/><div class=\"wp-block-cover__inner-container is-layout-flow wp-block-cover-is-layout-flow\">\n<div class=\"wp-block-group is-content-justification-left\"><div class=\"wp-block-group__inner-container is-layout-constrained wp-container-core-group-is-layout-7206f975 wp-block-group-is-layout-constrained\">\n<h4 class=\"wp-block-heading has-text-align-left has-white-color has-text-color\" style=\"font-size:57px;font-style:normal;font-weight:600;letter-spacing:0px;line-height:1;text-transform:none\">Ancient Rock Carvings Route<\/h4>\n<\/div><\/div>\n\n\n\n<div style=\"height:72px\" aria-hidden=\"true\" class=\"wp-block-spacer\"><\/div>\n\n\n\n<div class=\"wp-block-buttons alignfull is-content-justification-space-between is-nowrap is-layout-flex wp-container-core-buttons-is-layout-96abfd6a wp-block-buttons-is-layout-flex\">\n<div class=\"wp-block-button\"><a class=\"wp-block-button__link wp-element-button\" href=\"https:\/\/terracallaeci.pt\/en\/2017\/02\/rota-das-gravuras\/\">Explore<\/a><\/div>\n<\/div>\n<\/div><\/div>\n\n\n\n<div style=\"height:35px\" aria-hidden=\"true\" class=\"wp-block-spacer\"><\/div>\n\n\n<div id=\"altit-2885651011\"><div class=\"altit-adlabel\">PUB<\/div><div id=\"altit-2511469206\"><a href=\"https:\/\/terracallaeci.pt\/en\/corguinho\/\" target=\"_blank\" aria-label=\"CorguinhoII\"><img loading=\"lazy\" decoding=\"async\" src=\"https:\/\/terracallaeci.pt\/wp-content\/uploads\/2021\/08\/CorguinhoII.gif\" alt=\"\"  width=\"728\" height=\"130\"   \/><\/a><\/div><\/div>","protected":false},"excerpt":{"rendered":"<p>O Parque Arqueol\u00f3gico do Vale do Terva\/PAVT \u00e9 um projeto conjunto do Munic\u00edpio de Boticas e da Universidade do Minho, iniciado em 2006 e desenhado como uma unidade de gest\u00e3o da paisagem cultural. O PAVT \u00e9 um parque arqueol\u00f3gico com car\u00e1cter geogr\u00e1fico cont\u00ednuo, que integra um conjunto de valores culturais e naturais, que se constituem [&hellip;]<\/p>\n","protected":false},"author":6,"featured_media":40012,"comment_status":"closed","ping_status":"open","sticky":false,"template":"","format":"standard","meta":{"footnotes":""},"categories":[7661,7740,2,79],"tags":[5096,4569,4172],"class_list":{"0":"post-1661","1":"post","2":"type-post","3":"status-publish","4":"format-standard","5":"has-post-thumbnail","7":"category-boticas","8":"category-destaques","9":"category-patrimonio","10":"category-pavt","11":"tag-boticas","12":"tag-museu","13":"tag-rotas-do-pavt"},"_links":{"self":[{"href":"https:\/\/terracallaeci.pt\/en\/wp-json\/wp\/v2\/posts\/1661","targetHints":{"allow":["GET"]}}],"collection":[{"href":"https:\/\/terracallaeci.pt\/en\/wp-json\/wp\/v2\/posts"}],"about":[{"href":"https:\/\/terracallaeci.pt\/en\/wp-json\/wp\/v2\/types\/post"}],"author":[{"embeddable":true,"href":"https:\/\/terracallaeci.pt\/en\/wp-json\/wp\/v2\/users\/6"}],"replies":[{"embeddable":true,"href":"https:\/\/terracallaeci.pt\/en\/wp-json\/wp\/v2\/comments?post=1661"}],"version-history":[{"count":0,"href":"https:\/\/terracallaeci.pt\/en\/wp-json\/wp\/v2\/posts\/1661\/revisions"}],"wp:featuredmedia":[{"embeddable":true,"href":"https:\/\/terracallaeci.pt\/en\/wp-json\/wp\/v2\/media\/40012"}],"wp:attachment":[{"href":"https:\/\/terracallaeci.pt\/en\/wp-json\/wp\/v2\/media?parent=1661"}],"wp:term":[{"taxonomy":"category","embeddable":true,"href":"https:\/\/terracallaeci.pt\/en\/wp-json\/wp\/v2\/categories?post=1661"},{"taxonomy":"post_tag","embeddable":true,"href":"https:\/\/terracallaeci.pt\/en\/wp-json\/wp\/v2\/tags?post=1661"}],"curies":[{"name":"wp","href":"https:\/\/api.w.org\/{rel}","templated":true}]}}